{"id":2669,"date":"2023-10-17T16:21:27","date_gmt":"2023-10-17T16:21:27","guid":{"rendered":"https:\/\/millinews.az\/xeber\/hakan-fidandan-aciqlama-daha-boyuk-muharib%C9%99l%C9%99r-ola-bil%C9%99r\/"},"modified":"2023-10-17T16:21:27","modified_gmt":"2023-10-17T16:21:27","slug":"hakan-fidandan-aciqlama-daha-boyuk-muharib%C9%99l%C9%99r-ola-bil%C9%99r","status":"publish","type":"post","link":"https:\/\/millitv.net\/?p=2669","title":{"rendered":"Hakan Fidandan a\u00e7\u0131qlama &#8211; Daha b\u00f6y\u00fck m\u00fcharib\u0259l\u0259r ola bil\u0259r"},"content":{"rendered":"<div id=\"maincontent\">&#13;<br \/>\n        &#13;<\/p>\n<p><strong>Livana s\u0259f\u0259r ed\u0259n T\u00fcrkiy\u0259nin xarici i\u015fl\u0259r naziri Hakan Fidan diqq\u0259t\u00e7\u0259k\u0259n a\u00e7\u0131qlamalar verib. <\/strong><\/p>\n<p><a href=\"https:\/\/Millinews.az\" target=\"_blank\" class=\"kw-link\" rel=\"noopener\">Millinews.az<\/a> x\u0259b\u0259r verir ki, o bildirib ki, T\u00fcrkiy\u0259 \u0130srail-F\u0259l\u0259stin m\u00fcharib\u0259sinin region \u00f6lk\u0259l\u0259rind\u0259, x\u00fcsusil\u0259 Livan, Misir v\u0259 \u0130ordaniyada sabitliyin pozulmas\u0131na g\u0259tirib \u00e7\u0131xarmas\u0131n\u0131n qar\u015f\u0131s\u0131n\u0131 almaq \u00e7al\u0131\u015f\u0131r. Hakan Fidan\u0131n s\u00f6zl\u0259rin\u0259 g\u00f6r\u0259, \u0130srail-F\u0259l\u0259stin m\u00fcnaqi\u015f\u0259si daha b\u00f6y\u00fck m\u00fcharib\u0259l\u0259r\u0259 g\u0259tirib \u00e7\u0131xa bil\u0259r, tarixi s\u00fclh d\u0259 yarana bil\u0259r: &#13;\n  <\/p>\n<p>\u201cHegemon g\u00fccl\u0259rin biz\u0259 median\u0131n g\u00fcc\u00fc il\u0259 ba\u011fl\u0131 problemin \u0259sl mahiyy\u0259tini unutdurdu\u011funun \u015fahidi oluruq, buna son qoyma\u011f\u0131n vaxt\u0131 \u00e7at\u0131b. Siz kimins\u0259 torpa\u011f\u0131n\u0131 i\u015f\u011fal edirsiniz. Evini m\u00fcsadir\u0259 edirs\u0259n, \u00e7\u00f6l\u0259 at\u0131rsan, kimis\u0259 g\u0259tirib ora qoyursan, ona \u201cm\u00fcs\u0259lman\u201d deyirs\u0259n. Buna o\u011furluq deyilir. T\u00fcrkiy\u0259 tarixi ke\u00e7mi\u015fi olan g\u00fccl\u00fc v\u0259 t\u0259cr\u00fcb\u0259li d\u00f6vl\u0259tdir. Z\u0259hm\u0259t olmasa x\u0259b\u0259rdarl\u0131qlar\u0131m\u0131za diqq\u0259t yetirin\u201d.&#13;<br \/>\n        &#13;<br \/>\n&#13;<br \/>\n        &#13;<br \/>\n&#13;\n        <\/p>\n<p><noscript><\/p>\n<p>You must enable Javascript on your browser for the site to work optimally and display sections completely.<\/p>\n<p><\/noscript>\t\t&#13;<br \/>\n\t\t&#13;\n    <\/div>\n<p><script type=\"text\/javascript\">jQuery(document).ready(function () {\n(function(d, s, id) {\n    var js, fjs = d.getElementsByTagName(s)[0];\n    if (d.getElementById(id))\n        return;\n    js = d.createElement(s);\n    js.id = id;\n    js.src = \"\/\/connect.facebook.net\/az_AZ\/all.js#xfbml=1&appId=1002485763137712\";\n    fjs.parentNode.insertBefore(js, fjs);\n}(document, 'script', 'facebook-jssdk'));                \n});<\/script><\/p>\n","protected":false},"excerpt":{"rendered":"<p>&#13; &#13; Livana s\u0259f\u0259r ed\u0259n T\u00fcrkiy\u0259nin xarici i\u015fl\u0259r naziri Hakan Fidan diqq\u0259t\u00e7\u0259k\u0259n a\u00e7\u0131qlamalar verib. Millinews.az x\u0259b\u0259r verir ki, o bildirib ki, T\u00fcrkiy\u0259 \u0130srail-F\u0259l\u0259stin m\u00fcharib\u0259sinin region \u00f6lk\u0259l\u0259rind\u0259, x\u00fcsusil\u0259 Livan, Misir v\u0259 \u0130ordaniyada sabitliyin pozulmas\u0131na g\u0259tirib \u00e7\u0131xarmas\u0131n\u0131n qar\u015f\u0131s\u0131n\u0131 almaq \u00e7al\u0131\u015f\u0131r. Hakan Fidan\u0131n s\u00f6zl\u0259rin\u0259 g\u00f6r\u0259, \u0130srail-F\u0259l\u0259stin m\u00fcnaqi\u015f\u0259si daha b\u00f6y\u00fck m\u00fcharib\u0259l\u0259r\u0259 g\u0259tirib \u00e7\u0131xa bil\u0259r, tarixi s\u00fclh d\u0259 yarana bil\u0259r: &hellip;<\/p>\n","protected":false},"author":1,"featured_media":2670,"comment_status":"open","ping_status":"closed","sticky":false,"template":"","format":"standard","meta":{"footnotes":""},"categories":[9],"tags":[],"class_list":["post-2669","post","type-post","status-publish","format-standard","has-post-thumbnail","hentry","category-xeber"],"_links":{"self":[{"href":"https:\/\/millitv.net\/index.php?rest_route=\/wp\/v2\/posts\/2669","targetHints":{"allow":["GET"]}}],"collection":[{"href":"https:\/\/millitv.net\/index.php?rest_route=\/wp\/v2\/posts"}],"about":[{"href":"https:\/\/millitv.net\/index.php?rest_route=\/wp\/v2\/types\/post"}],"author":[{"embeddable":true,"href":"https:\/\/millitv.net\/index.php?rest_route=\/wp\/v2\/users\/1"}],"replies":[{"embeddable":true,"href":"https:\/\/millitv.net\/index.php?rest_route=%2Fwp%2Fv2%2Fcomments&post=2669"}],"version-history":[{"count":0,"href":"https:\/\/millitv.net\/index.php?rest_route=\/wp\/v2\/posts\/2669\/revisions"}],"wp:featuredmedia":[{"embeddable":true,"href":"https:\/\/millitv.net\/index.php?rest_route=\/wp\/v2\/media\/2670"}],"wp:attachment":[{"href":"https:\/\/millitv.net\/index.php?rest_route=%2Fwp%2Fv2%2Fmedia&parent=2669"}],"wp:term":[{"taxonomy":"category","embeddable":true,"href":"https:\/\/millitv.net\/index.php?rest_route=%2Fwp%2Fv2%2Fcategories&post=2669"},{"taxonomy":"post_tag","embeddable":true,"href":"https:\/\/millitv.net\/index.php?rest_route=%2Fwp%2Fv2%2Ftags&post=2669"}],"curies":[{"name":"wp","href":"https:\/\/api.w.org\/{rel}","templated":true}]}}