{"id":2667,"date":"2023-10-17T16:14:14","date_gmt":"2023-10-17T16:14:14","guid":{"rendered":"https:\/\/millinews.az\/xeber\/az%C9%99rbaycanin-u-21-millisi-luksemburqu-m%C9%99glub-edib\/"},"modified":"2023-10-17T16:14:14","modified_gmt":"2023-10-17T16:14:14","slug":"az%C9%99rbaycanin-u-21-millisi-luksemburqu-m%C9%99glub-edib","status":"publish","type":"post","link":"https:\/\/millitv.net\/?p=2667","title":{"rendered":"Az\u0259rbaycan\u0131n U-21 millisi L\u00fcksemburqu m\u0259\u011flub edib"},"content":{"rendered":"<p><img decoding=\"async\" src=\"https:\/\/cdn.oxu.az\/uploads\/W1siZiIsIjIwMjMvMTAvMTcvMjAvMDYvMjUvOGQ3MGRhYWQtYzcxZi00YjEyLThjMGUtZDY1OGIwZGM4YmYxL2E0MDZjMmRjLTE0MGUtMzhhMS04Y2IwLTg3YzJlNDhiYTBkMV84NTAuanBnIl0sWyJwIiwiZW5jb2RlIiwianBnIiwiLXF1YWxpdHkgODAiXSxbInAiLCJ0aHVtYiIsIjYyMHg0NjVcdTAwM2UiXV0?sha=cde0df70a6da5791\" alt=\"\" title=\"\"><\/p>\n<div><a class=\"subs-in-social subs-whatsapp\" href=\"https:\/\/whatsapp.com\/channel\/0029VaAakbx89ingOoeiTp40\" target=\"_blank\" rel=\"noopener\"><\/p>\n<p>Bizim WhatsApp kanal\u0131m\u0131za buradan abun\u0259 ola bil\u0259rsiniz<\/p>\n<p><\/a><\/p>\n<p>21 ya\u015fad\u0259k futbol\u00e7ulardan ibar\u0259t Az\u0259rbaycan millisi Avropa \u00e7empionat\u0131n\u0131n se\u00e7m\u0259 m\u0259rh\u0259l\u0259sind\u0259 \u00fc\u00e7\u00fcnc\u00fc oyununu ke\u00e7irib.<\/p>\n<p><strong>Oxu.Az<\/strong> x\u0259b\u0259r verir ki, F qrupunda yer alan y\u0131\u011fma L\u00fcksemburqla \u00fcz-\u00fcz\u0259 g\u0259lib.<\/p>\n<p>Qar\u015f\u0131la\u015fma Az\u0259rbaycan komandas\u0131n\u0131n 3:2 hesabl\u0131 q\u0259l\u0259b\u0259si il\u0259 yekunla\u015f\u0131b.<\/p>\n<p>Qeyd ed\u0259k ki, U-21 millimiz ilk iki oyunda s\u0259f\u0259rd\u0259 Serbiyaya 0:2, evd\u0259 is\u0259 \u015eimali \u0130rlandiyaya 0:1 hesab\u0131 il\u0259 uduzub.<\/p>\n<\/div>\n","protected":false},"excerpt":{"rendered":"<p>Bizim WhatsApp kanal\u0131m\u0131za buradan abun\u0259 ola bil\u0259rsiniz 21 ya\u015fad\u0259k futbol\u00e7ulardan ibar\u0259t Az\u0259rbaycan millisi Avropa \u00e7empionat\u0131n\u0131n se\u00e7m\u0259 m\u0259rh\u0259l\u0259sind\u0259 \u00fc\u00e7\u00fcnc\u00fc oyununu ke\u00e7irib. Oxu.Az x\u0259b\u0259r verir ki, F qrupunda yer alan y\u0131\u011fma L\u00fcksemburqla \u00fcz-\u00fcz\u0259 g\u0259lib. Qar\u015f\u0131la\u015fma Az\u0259rbaycan komandas\u0131n\u0131n 3:2 hesabl\u0131 q\u0259l\u0259b\u0259si il\u0259 yekunla\u015f\u0131b. Qeyd ed\u0259k ki, U-21 millimiz ilk iki oyunda s\u0259f\u0259rd\u0259 Serbiyaya 0:2, evd\u0259 is\u0259 \u015eimali \u0130rlandiyaya &hellip;<\/p>\n","protected":false},"author":1,"featured_media":2668,"comment_status":"open","ping_status":"closed","sticky":false,"template":"","format":"standard","meta":{"footnotes":""},"categories":[9],"tags":[],"class_list":["post-2667","post","type-post","status-publish","format-standard","has-post-thumbnail","hentry","category-xeber"],"_links":{"self":[{"href":"https:\/\/millitv.net\/index.php?rest_route=\/wp\/v2\/posts\/2667","targetHints":{"allow":["GET"]}}],"collection":[{"href":"https:\/\/millitv.net\/index.php?rest_route=\/wp\/v2\/posts"}],"about":[{"href":"https:\/\/millitv.net\/index.php?rest_route=\/wp\/v2\/types\/post"}],"author":[{"embeddable":true,"href":"https:\/\/millitv.net\/index.php?rest_route=\/wp\/v2\/users\/1"}],"replies":[{"embeddable":true,"href":"https:\/\/millitv.net\/index.php?rest_route=%2Fwp%2Fv2%2Fcomments&post=2667"}],"version-history":[{"count":0,"href":"https:\/\/millitv.net\/index.php?rest_route=\/wp\/v2\/posts\/2667\/revisions"}],"wp:featuredmedia":[{"embeddable":true,"href":"https:\/\/millitv.net\/index.php?rest_route=\/wp\/v2\/media\/2668"}],"wp:attachment":[{"href":"https:\/\/millitv.net\/index.php?rest_route=%2Fwp%2Fv2%2Fmedia&parent=2667"}],"wp:term":[{"taxonomy":"category","embeddable":true,"href":"https:\/\/millitv.net\/index.php?rest_route=%2Fwp%2Fv2%2Fcategories&post=2667"},{"taxonomy":"post_tag","embeddable":true,"href":"https:\/\/millitv.net\/index.php?rest_route=%2Fwp%2Fv2%2Ftags&post=2667"}],"curies":[{"name":"wp","href":"https:\/\/api.w.org\/{rel}","templated":true}]}}