{"id":2647,"date":"2023-10-17T15:05:45","date_gmt":"2023-10-17T15:05:45","guid":{"rendered":"https:\/\/millinews.az\/xeber\/oxu-az-az%C9%99rbaycanla-ozb%C9%99kistan-arasinda-media-sah%C9%99sind%C9%99-%C9%99m%C9%99kdasligin-genisl%C9%99ndirilm%C9%99si-muzakir%C9%99-olunub\/"},"modified":"2023-10-17T15:05:45","modified_gmt":"2023-10-17T15:05:45","slug":"oxu-az-az%C9%99rbaycanla-ozb%C9%99kistan-arasinda-media-sah%C9%99sind%C9%99-%C9%99m%C9%99kdasligin-genisl%C9%99ndirilm%C9%99si-muzakir%C9%99-olunub","status":"publish","type":"post","link":"https:\/\/millitv.net\/?p=2647","title":{"rendered":"Millinews.az &#8211; Az\u0259rbaycanla \u00d6zb\u0259kistan aras\u0131nda media sah\u0259sind\u0259 \u0259m\u0259kda\u015fl\u0131\u011f\u0131n geni\u015fl\u0259ndirilm\u0259si m\u00fczakir\u0259 olunub"},"content":{"rendered":"<div><a class=\"subs-in-social subs-whatsapp\" href=\"https:\/\/whatsapp.com\/channel\/0029VaAakbx89ingOoeiTp40\" target=\"_blank\" rel=\"noopener\"><\/p>\n<p>Bizim WhatsApp kanal\u0131m\u0131za buradan abun\u0259 ola bil\u0259rsiniz<\/p>\n<p><\/a><\/p>\n<p>Median\u0131n \u0130nki\u015faf\u0131 Agentliyinin \u0130cra\u00e7\u0131 direktoru \u018fhm\u0259d \u0130smay\u0131lov il\u0259 \u00d6zb\u0259kistan Prezidenti Administrasiyas\u0131 yan\u0131nda \u0130nformasiya v\u0259 K\u00fctl\u0259vi Kommunikasiya Agentliyinin ba\u015f direktoru Asadjan Xocayev aras\u0131nda ikit\u0259r\u0259fli g\u00f6r\u00fc\u015f ke\u00e7irilib.<\/p>\n<p>Bu bar\u0259d\u0259 Median\u0131n \u0130nki\u015faf\u0131 Agentliyind\u0259n (MED\u0130A) m\u0259lumat verilib.<\/p>\n<p>Bildirilib ki, g\u00f6r\u00fc\u015f Q\u0131r\u011f\u0131z\u0131stan\u0131n paytaxt\u0131 Bi\u015fkek \u015f\u0259h\u0259rind\u0259 ke\u00e7iril\u0259n T\u00fcrk D\u00f6vl\u0259tl\u0259ri T\u0259\u015fkilat\u0131n\u0131n media v\u0259 informasiya \u00fczr\u0259 m\u0259sul nazirl\u0259rinin v\u0259 y\u00fcks\u0259kv\u0259zif\u0259li r\u0259smil\u0259rinin 5-ci toplant\u0131s\u0131 \u00e7\u0259r\u00e7iv\u0259sind\u0259 ba\u015f tutub.<\/p>\n<p>G\u00f6r\u00fc\u015fd\u0259 qar\u015f\u0131l\u0131ql\u0131 \u0259m\u0259kda\u015fl\u0131\u011f\u0131n geni\u015fl\u0259ndirilm\u0259si perspektivl\u0259ri m\u00fczakir\u0259 olunub, h\u0259m\u00e7inin, \u201cAz\u0259rbaycan Respublikas\u0131 il\u0259 \u00d6zb\u0259kistan Respublikas\u0131 aras\u0131nda media sah\u0259sind\u0259 \u0259m\u0259kda\u015fl\u0131\u011f\u0131n inki\u015faf\u0131na dair \u201cYol X\u0259rit\u0259si\u201dnin icras\u0131 istiqam\u0259tind\u0259 g\u00f6r\u00fcl\u0259c\u0259k t\u0259dbirl\u0259r bar\u0259d\u0259 fikir m\u00fcbadil\u0259si apar\u0131l\u0131b.<\/p>\n<p>\u00d6zb\u0259kistan t\u0259r\u0259fi \u0259n\u0259n\u0259 hal\u0131n\u0131 almas\u0131 planla\u015fd\u0131r\u0131lan \u015eu\u015fa Qlobal Media Forumunda i\u015ftirakdan m\u0259mnunlu\u011funu ifad\u0259 ed\u0259r\u0259k n\u00f6vb\u0259ti forumlarda da i\u015ftirakda maraql\u0131 olduqlar\u0131n\u0131 dil\u0259 g\u0259tirib.<\/p>\n<div class=\"gallery\">\n<div class=\"gallery-i\">\n<img decoding=\"async\" alt=\"\" src=\"https:\/\/cdn.oxu.az\/uploads\/W1siZiIsIjIwMjMvMTAvMTcvMTcvMjUvNDEvYTJkMWQ4YjUtZDMxYS00N2Q2LWE2OGItNjVmMmM3ZWExZTg0LzI3NzRlZTI4LTJhNjQtMzUxNC1hMzFkLWMyZWU2M2EwMDQ4Zi5qcGciXSxbInAiLCJlbmNvZGUiLCJqcGciLCItcXVhbGl0eSA4MCJdLFsicCIsInRodW1iIiwiNTkweDU5MFx1MDAzZSJdXQ?sha=f6349f4a26b9c611\" title=\"\">\n<\/div>\n<\/div>\n<\/div>\n","protected":false},"excerpt":{"rendered":"<p>Bizim WhatsApp kanal\u0131m\u0131za buradan abun\u0259 ola bil\u0259rsiniz Median\u0131n \u0130nki\u015faf\u0131 Agentliyinin \u0130cra\u00e7\u0131 direktoru \u018fhm\u0259d \u0130smay\u0131lov il\u0259 \u00d6zb\u0259kistan Prezidenti Administrasiyas\u0131 yan\u0131nda \u0130nformasiya v\u0259 K\u00fctl\u0259vi Kommunikasiya Agentliyinin ba\u015f direktoru Asadjan Xocayev aras\u0131nda ikit\u0259r\u0259fli g\u00f6r\u00fc\u015f ke\u00e7irilib. Bu bar\u0259d\u0259 Median\u0131n \u0130nki\u015faf\u0131 Agentliyind\u0259n (MED\u0130A) m\u0259lumat verilib. Bildirilib ki, g\u00f6r\u00fc\u015f Q\u0131r\u011f\u0131z\u0131stan\u0131n paytaxt\u0131 Bi\u015fkek \u015f\u0259h\u0259rind\u0259 ke\u00e7iril\u0259n T\u00fcrk D\u00f6vl\u0259tl\u0259ri T\u0259\u015fkilat\u0131n\u0131n media v\u0259 informasiya \u00fczr\u0259 &hellip;<\/p>\n","protected":false},"author":1,"featured_media":2648,"comment_status":"open","ping_status":"closed","sticky":false,"template":"","format":"standard","meta":{"footnotes":""},"categories":[9],"tags":[],"class_list":["post-2647","post","type-post","status-publish","format-standard","has-post-thumbnail","hentry","category-xeber"],"_links":{"self":[{"href":"https:\/\/millitv.net\/index.php?rest_route=\/wp\/v2\/posts\/2647","targetHints":{"allow":["GET"]}}],"collection":[{"href":"https:\/\/millitv.net\/index.php?rest_route=\/wp\/v2\/posts"}],"about":[{"href":"https:\/\/millitv.net\/index.php?rest_route=\/wp\/v2\/types\/post"}],"author":[{"embeddable":true,"href":"https:\/\/millitv.net\/index.php?rest_route=\/wp\/v2\/users\/1"}],"replies":[{"embeddable":true,"href":"https:\/\/millitv.net\/index.php?rest_route=%2Fwp%2Fv2%2Fcomments&post=2647"}],"version-history":[{"count":0,"href":"https:\/\/millitv.net\/index.php?rest_route=\/wp\/v2\/posts\/2647\/revisions"}],"wp:featuredmedia":[{"embeddable":true,"href":"https:\/\/millitv.net\/index.php?rest_route=\/wp\/v2\/media\/2648"}],"wp:attachment":[{"href":"https:\/\/millitv.net\/index.php?rest_route=%2Fwp%2Fv2%2Fmedia&parent=2647"}],"wp:term":[{"taxonomy":"category","embeddable":true,"href":"https:\/\/millitv.net\/index.php?rest_route=%2Fwp%2Fv2%2Fcategories&post=2647"},{"taxonomy":"post_tag","embeddable":true,"href":"https:\/\/millitv.net\/index.php?rest_route=%2Fwp%2Fv2%2Ftags&post=2647"}],"curies":[{"name":"wp","href":"https:\/\/api.w.org\/{rel}","templated":true}]}}