{"id":2623,"date":"2023-10-17T13:54:32","date_gmt":"2023-10-17T13:54:32","guid":{"rendered":"https:\/\/millinews.az\/xeber\/oxu-az-prezidentin-kovr%C9%99ldiyi-anlar\/"},"modified":"2023-10-17T13:54:32","modified_gmt":"2023-10-17T13:54:32","slug":"oxu-az-prezidentin-kovr%C9%99ldiyi-anlar","status":"publish","type":"post","link":"https:\/\/millitv.net\/?p=2623","title":{"rendered":"Millinews.az &#8211; Prezidentin k\u00f6vr\u0259ldiyi anlar"},"content":{"rendered":"<p><img decoding=\"async\" src=\"https:\/\/cdn.oxu.az\/uploads\/W1siZiIsIjIwMjMvMTAvMTcvMTcvNDQvMDIvMzA2N2JmZTgtNGI2My00MmM3LTkyNzMtYzI0ZGI2ZjNlYTY0LzM4NzQ3NjczOV8xMDQwMTM2NTYwNDUyNTA1XzY1MDE4NjYzNjM3NTQ4ODkzMzNfbi5qcGciXSxbInAiLCJlbmNvZGUiLCJqcGciLCItcXVhbGl0eSA4MCJdLFsicCIsInRodW1iIiwiNjIweDQ2NVx1MDAzZSJdXQ?sha=f84c90e9538fc94f\" alt=\"\" title=\"\"><\/p>\n<div><a class=\"subs-in-social subs-whatsapp\" href=\"https:\/\/whatsapp.com\/channel\/0029VaAakbx89ingOoeiTp40\" target=\"_blank\" rel=\"noopener\"><\/p>\n<p>Bizim WhatsApp kanal\u0131m\u0131za buradan abun\u0259 ola bil\u0259rsiniz<\/p>\n<p><\/a><\/p>\n<p>Bu g\u00fcn Prezident <strong>\u0130lham \u018fliyevin<\/strong> F\u00fczuli \u015f\u0259h\u0259rind\u0259 yerli sakinl\u0259rl\u0259 g\u00f6r\u00fc\u015f\u00fc zaman\u0131 duy\u011fulu anlar ya\u015fan\u0131b.<\/p>\n<p><strong>Oxu.Az<\/strong> x\u0259b\u0259r verir ki, Prezident \u015f\u0259hid ail\u0259l\u0259ri il\u0259 g\u00f6r\u00fc\u015fd\u0259 k\u00f6vr\u0259lib. O, \u015f\u0259hidl\u0259rin q\u0259hr\u0259manl\u0131\u011f\u0131n\u0131 xat\u0131rlad\u0131b, ail\u0259l\u0259rin \u00f6vladlar\u0131n\u0131 v\u0259t\u0259np\u0259rv\u0259rlik ruhunda b\u00f6y\u00fctm\u0259sinin vacibliyin\u0259 diqq\u0259t \u00e7\u0259kib:<\/p>\n<p>\u201c\u018fziz bac\u0131lar, qarda\u015flar, dostlar, bir daha t\u0259brik edir\u0259m. Bu g\u00fcn h\u0259m sevincli, h\u0259m k\u0259d\u0259rli g\u00fcnd\u00fcr. Q\u0131z\u0131m\u0131z\u0131n g\u00f6z ya\u015flar\u0131 da, t\u0259bii ki, he\u00e7 vaxt dayanmayacaq (sakinl\u0259rd\u0259n birin\u0259 i\u015far\u0259 edir &#8211; red.). Bunu biz bilm\u0259liyik, 10 il ke\u00e7s\u0259 d\u0259, 20 il ke\u00e7s\u0259 d\u0259. Ham\u0131m\u0131z g\u00f6z ya\u015flar\u0131 t\u00f6km\u00fc\u015f\u00fck v\u0259 t\u00f6k\u00fcr\u00fck\u201d.<\/p>\n<p>Qeyd ed\u0259k ki, d\u00f6vl\u0259t ba\u015f\u00e7\u0131s\u0131n\u0131n g\u00f6r\u00fc\u015fd\u00fcy\u00fc \u015f\u0259hid ail\u0259l\u0259ri aras\u0131nda 19-20 sentyabr antiterror t\u0259dbirl\u0259ri zaman\u0131 \u015f\u0259hid olan \u00dclvi Mikay\u0131lovun anas\u0131 G\u00fcnel Abbasova da olub.<\/p>\n<p>\u00a0<\/p>\n<\/div>\n","protected":false},"excerpt":{"rendered":"<p>Bizim WhatsApp kanal\u0131m\u0131za buradan abun\u0259 ola bil\u0259rsiniz Bu g\u00fcn Prezident \u0130lham \u018fliyevin F\u00fczuli \u015f\u0259h\u0259rind\u0259 yerli sakinl\u0259rl\u0259 g\u00f6r\u00fc\u015f\u00fc zaman\u0131 duy\u011fulu anlar ya\u015fan\u0131b. Oxu.Az x\u0259b\u0259r verir ki, Prezident \u015f\u0259hid ail\u0259l\u0259ri il\u0259 g\u00f6r\u00fc\u015fd\u0259 k\u00f6vr\u0259lib. O, \u015f\u0259hidl\u0259rin q\u0259hr\u0259manl\u0131\u011f\u0131n\u0131 xat\u0131rlad\u0131b, ail\u0259l\u0259rin \u00f6vladlar\u0131n\u0131 v\u0259t\u0259np\u0259rv\u0259rlik ruhunda b\u00f6y\u00fctm\u0259sinin vacibliyin\u0259 diqq\u0259t \u00e7\u0259kib: \u201c\u018fziz bac\u0131lar, qarda\u015flar, dostlar, bir daha t\u0259brik edir\u0259m. Bu g\u00fcn h\u0259m sevincli, &hellip;<\/p>\n","protected":false},"author":1,"featured_media":2624,"comment_status":"open","ping_status":"closed","sticky":false,"template":"","format":"standard","meta":{"footnotes":""},"categories":[9],"tags":[],"class_list":["post-2623","post","type-post","status-publish","format-standard","has-post-thumbnail","hentry","category-xeber"],"_links":{"self":[{"href":"https:\/\/millitv.net\/index.php?rest_route=\/wp\/v2\/posts\/2623","targetHints":{"allow":["GET"]}}],"collection":[{"href":"https:\/\/millitv.net\/index.php?rest_route=\/wp\/v2\/posts"}],"about":[{"href":"https:\/\/millitv.net\/index.php?rest_route=\/wp\/v2\/types\/post"}],"author":[{"embeddable":true,"href":"https:\/\/millitv.net\/index.php?rest_route=\/wp\/v2\/users\/1"}],"replies":[{"embeddable":true,"href":"https:\/\/millitv.net\/index.php?rest_route=%2Fwp%2Fv2%2Fcomments&post=2623"}],"version-history":[{"count":0,"href":"https:\/\/millitv.net\/index.php?rest_route=\/wp\/v2\/posts\/2623\/revisions"}],"wp:featuredmedia":[{"embeddable":true,"href":"https:\/\/millitv.net\/index.php?rest_route=\/wp\/v2\/media\/2624"}],"wp:attachment":[{"href":"https:\/\/millitv.net\/index.php?rest_route=%2Fwp%2Fv2%2Fmedia&parent=2623"}],"wp:term":[{"taxonomy":"category","embeddable":true,"href":"https:\/\/millitv.net\/index.php?rest_route=%2Fwp%2Fv2%2Fcategories&post=2623"},{"taxonomy":"post_tag","embeddable":true,"href":"https:\/\/millitv.net\/index.php?rest_route=%2Fwp%2Fv2%2Ftags&post=2623"}],"curies":[{"name":"wp","href":"https:\/\/api.w.org\/{rel}","templated":true}]}}