{"id":2597,"date":"2023-10-17T12:19:55","date_gmt":"2023-10-17T12:19:55","guid":{"rendered":"https:\/\/millinews.az\/xeber\/dun%C9%99n-oldurul%C9%99n-mug%C9%99nnini-t%C9%99hqir-etdi-bu-gun-pesman-oldu\/"},"modified":"2023-10-17T12:19:55","modified_gmt":"2023-10-17T12:19:55","slug":"dun%C9%99n-oldurul%C9%99n-mug%C9%99nnini-t%C9%99hqir-etdi-bu-gun-pesman-oldu","status":"publish","type":"post","link":"https:\/\/millitv.net\/?p=2597","title":{"rendered":"D\u00fcn\u0259n \u00f6ld\u00fcr\u00fcl\u0259n m\u00fc\u011f\u0259nnini t\u0259hqir etdi, bu g\u00fcn pe\u015fman oldu"},"content":{"rendered":"<div id=\"maincontent\">&#13;<br \/>\n        &#13;<\/p>\n<p><strong>M\u00fc\u011f\u0259nni \u018fli Mir\u0259liyev \u00f6t\u0259n g\u00fcn q\u0259tl\u0259 yetiril\u0259n h\u0259mkar\u0131 Yaqut N\u0259riman (H\u0259\u015fimova) haqq\u0131nda b\u0259zi fikirl\u0259r s\u0259sl\u0259ndirib.<\/strong><\/p>\n<p><a href=\"https:\/\/Millinews.az\" target=\"_blank\" class=\"kw-link\" rel=\"noopener\">Millinews.az<\/a> \u201cQafqazinfo\u201dya istinad\u0259n x\u0259b\u0259r verir ki, &#8220;Biziml\u0259s\u0259n&#8221; verili\u015finin efirin\u0259 z\u0259ng vuran \u018f.Mir\u0259liyev m\u0259rhum Y.N\u0259riman\u0131n h\u0259yat t\u0259rzi il\u0259 ba\u011fl\u0131 xo\u015fag\u0259lm\u0259z fikirl\u0259rini dil\u0259 g\u0259tirib. \u018f.Mir\u0259liyev m\u00fc\u011f\u0259nninin d\u0259f\u0259l\u0259rl\u0259 i\u00e7kili halda ona z\u0259ng etdiyini iddia edib.  &#13;\n<\/p>\n<p>\u018fli Mir\u0259liyevin \u00f6t\u0259n g\u00fcn verdiyi bu a\u00e7\u0131qlamas\u0131 studiyada, el\u0259c\u0259 d\u0259 c\u0259miyy\u0259td\u0259 birm\u0259nal\u0131 qar\u015f\u0131lanmay\u0131b. Verili\u015fd\u0259 ekspert qismind\u0259 i\u015ftirak ed\u0259nl\u0259r onun bu s\u00f6hb\u0259tini yersiz adland\u0131raraq ifa\u00e7\u0131n\u0131 t\u0259nqid edibl\u0259r. H\u0259m\u00e7inin sosial \u015f\u0259b\u0259k\u0259l\u0259rd\u0259 \u018f.Mir\u0259liyevin dan\u0131\u015f\u0131q t\u0259rzi v\u0259 fikirl\u0259ri il\u0259 ba\u011fl\u0131 t\u0259nqidi r\u0259yl\u0259r yaz\u0131l\u0131b.<\/p>\n<p>Bu g\u00fcn \u018fli Mir\u0259liyev ba\u015fqa verili\u015fin efirin\u0259 qo\u015fularaq Yaqut N\u0259riman\u0131n anas\u0131ndan \u00fczr ist\u0259yib. O \u0259s\u0259bi oldu\u011funu, d\u00fc\u015f\u00fcnm\u0259d\u0259n xo\u015f olmayan ifad\u0259l\u0259r i\u015fl\u0259tdiyini des\u0259 d\u0259, Yaqut N\u0259riman\u0131n anas\u0131 \u018fli Mir\u0259liyevi ba\u011f\u0131\u015flamad\u0131\u011f\u0131n\u0131, \u00fcst\u0259lik, \u018fli Mir\u0259liyevin Yaquta pul borclu oldu\u011funu bildirib.<\/p>\n<p>Qeyd ed\u0259k ki, Yaqut N\u0259riman ad\u0131 il\u0259 tan\u0131nan m\u00fc\u011f\u0259nni Yaqut H\u0259\u015fimova d\u00fcn\u0259n Nizami rayonu \u0259razisind\u0259 b\u0131\u00e7aqlanaraq \u00f6ld\u00fcr\u00fcl\u00fcb, hadis\u0259 il\u0259 ba\u011fl\u0131 onun h\u0259yat yolda\u015f\u0131 Anar H\u0259\u015fimov \u015f\u00fcbh\u0259li \u015f\u0259xs qismind\u0259 saxlan\u0131l\u0131b. Onlar 2013-c\u00fc ild\u0259 ail\u0259 h\u0259yat\u0131 qurublar v\u0259 bir \u00f6vladlar\u0131 var.<\/p>\n<p><iframe loading=\"lazy\" width=\"100%\" height=\"480\" src=\"https:\/\/qafqazinfo.bax.tv\/embed\/186272.html\" frameborder=\"0\" webkitallowfullscreen=\"\" mozallowfullscreen=\"\" allowfullscreen=\"\"><\/iframe>&#13;<br \/>\n        &#13;<br \/>\n&#13;<br \/>\n        &#13;<br \/>\n&#13;\n        <\/p>\n<p><noscript><\/p>\n<p>You must enable Javascript on your browser for the site to work optimally and display sections completely.<\/p>\n<p><\/noscript>\t\t&#13;<br \/>\n\t\t&#13;\n    <\/div>\n<p><script type=\"text\/javascript\">jQuery(document).ready(function () {\n(function(d, s, id) {\n    var js, fjs = d.getElementsByTagName(s)[0];\n    if (d.getElementById(id))\n        return;\n    js = d.createElement(s);\n    js.id = id;\n    js.src = \"\/\/connect.facebook.net\/az_AZ\/all.js#xfbml=1&appId=1002485763137712\";\n    fjs.parentNode.insertBefore(js, fjs);\n}(document, 'script', 'facebook-jssdk'));                \n});<\/script><\/p>\n","protected":false},"excerpt":{"rendered":"<p>&#13; &#13; M\u00fc\u011f\u0259nni \u018fli Mir\u0259liyev \u00f6t\u0259n g\u00fcn q\u0259tl\u0259 yetiril\u0259n h\u0259mkar\u0131 Yaqut N\u0259riman (H\u0259\u015fimova) haqq\u0131nda b\u0259zi fikirl\u0259r s\u0259sl\u0259ndirib. Millinews.az \u201cQafqazinfo\u201dya istinad\u0259n x\u0259b\u0259r verir ki, &#8220;Biziml\u0259s\u0259n&#8221; verili\u015finin efirin\u0259 z\u0259ng vuran \u018f.Mir\u0259liyev m\u0259rhum Y.N\u0259riman\u0131n h\u0259yat t\u0259rzi il\u0259 ba\u011fl\u0131 xo\u015fag\u0259lm\u0259z fikirl\u0259rini dil\u0259 g\u0259tirib. \u018f.Mir\u0259liyev m\u00fc\u011f\u0259nninin d\u0259f\u0259l\u0259rl\u0259 i\u00e7kili halda ona z\u0259ng etdiyini iddia edib. &#13; \u018fli Mir\u0259liyevin \u00f6t\u0259n g\u00fcn verdiyi &hellip;<\/p>\n","protected":false},"author":1,"featured_media":2598,"comment_status":"open","ping_status":"closed","sticky":false,"template":"","format":"standard","meta":{"footnotes":""},"categories":[9],"tags":[],"class_list":["post-2597","post","type-post","status-publish","format-standard","has-post-thumbnail","hentry","category-xeber"],"_links":{"self":[{"href":"https:\/\/millitv.net\/index.php?rest_route=\/wp\/v2\/posts\/2597","targetHints":{"allow":["GET"]}}],"collection":[{"href":"https:\/\/millitv.net\/index.php?rest_route=\/wp\/v2\/posts"}],"about":[{"href":"https:\/\/millitv.net\/index.php?rest_route=\/wp\/v2\/types\/post"}],"author":[{"embeddable":true,"href":"https:\/\/millitv.net\/index.php?rest_route=\/wp\/v2\/users\/1"}],"replies":[{"embeddable":true,"href":"https:\/\/millitv.net\/index.php?rest_route=%2Fwp%2Fv2%2Fcomments&post=2597"}],"version-history":[{"count":0,"href":"https:\/\/millitv.net\/index.php?rest_route=\/wp\/v2\/posts\/2597\/revisions"}],"wp:featuredmedia":[{"embeddable":true,"href":"https:\/\/millitv.net\/index.php?rest_route=\/wp\/v2\/media\/2598"}],"wp:attachment":[{"href":"https:\/\/millitv.net\/index.php?rest_route=%2Fwp%2Fv2%2Fmedia&parent=2597"}],"wp:term":[{"taxonomy":"category","embeddable":true,"href":"https:\/\/millitv.net\/index.php?rest_route=%2Fwp%2Fv2%2Fcategories&post=2597"},{"taxonomy":"post_tag","embeddable":true,"href":"https:\/\/millitv.net\/index.php?rest_route=%2Fwp%2Fv2%2Ftags&post=2597"}],"curies":[{"name":"wp","href":"https:\/\/api.w.org\/{rel}","templated":true}]}}