{"id":2581,"date":"2023-10-17T11:21:35","date_gmt":"2023-10-17T11:21:35","guid":{"rendered":"https:\/\/millinews.az\/xeber\/ceyhun-bayramov-isvecr%C9%99nin-yeni-s%C9%99firi-il%C9%99-gorusub\/"},"modified":"2023-10-17T11:21:35","modified_gmt":"2023-10-17T11:21:35","slug":"ceyhun-bayramov-isvecr%C9%99nin-yeni-s%C9%99firi-il%C9%99-gorusub","status":"publish","type":"post","link":"https:\/\/millitv.net\/?p=2581","title":{"rendered":"Ceyhun Bayramov \u0130sve\u00e7r\u0259nin yeni s\u0259firi il\u0259 g\u00f6r\u00fc\u015f\u00fcb"},"content":{"rendered":"<div id=\"maincontent\">&#13;<br \/>\n        &#13;<\/p>\n<p><strong>17 oktyabr 2023-c\u00fc il tarixind\u0259 xarici i\u015fl\u0259r naziri Ceyhun Bayramov \u0130sve\u00e7r\u0259 Konfederasiyas\u0131n\u0131n Az\u0259rbaycan Respublikas\u0131nda yeni t\u0259yin olunmu\u015f s\u0259firi Tomas \u015etehlini q\u0259bul edib.<\/strong><\/p>\n<p>X\u0130N-d\u0259n <a href=\"https:\/\/Millinews.az\" target=\"_blank\" class=\"kw-link\" rel=\"noopener\">Millinews.az<\/a>-a veril\u0259n x\u0259b\u0259r\u0259 g\u00f6r\u0259, g\u00f6r\u00fc\u015f zaman\u0131 s\u0259fir Tomas \u015etehli etimadnam\u0259sinin sur\u0259tini nazir Ceyhun Bayramova t\u0259qdim edib. Nazir Ceyhun Bayramov s\u0259fir\u0259 f\u0259aliyy\u0259tind\u0259 u\u011furlar arzulay\u0131b. &#13;\n<\/p>\n<p>G\u00f6r\u00fc\u015f zaman\u0131, Az\u0259rbaycan v\u0259 \u0130sve\u00e7r\u0259 aras\u0131nda siyasi, iqtisadi, ticar\u0259t v\u0259 bir s\u0131ra dig\u0259r sah\u0259l\u0259ri \u00f6z\u00fcnd\u0259 ehtiva ed\u0259n ikit\u0259r\u0259fli m\u00fcnasib\u0259tl\u0259r g\u00fcnd\u0259liyi, beyn\u0259lxalq t\u0259\u015fkilatlar \u00e7\u0259r\u00e7iv\u0259sind\u0259 \u0259m\u0259kda\u015fl\u0131q m\u0259s\u0259l\u0259l\u0259ri, h\u0259m\u00e7inin cari regional v\u0259ziyy\u0259t m\u00fczakir\u0259 olunub.<\/p>\n<p>\u0130ki \u00f6lk\u0259 aras\u0131nda qar\u015f\u0131l\u0131ql\u0131 y\u00fcks\u0259k s\u0259viyy\u0259li s\u0259f\u0259rl\u0259rin h\u0259yata ke\u00e7irilm\u0259sinin, siyasi dialoqun v\u0259 siyasi m\u0259sl\u0259h\u0259tl\u0259\u015fm\u0259l\u0259rin m\u00fct\u0259madi \u0259sasda apar\u0131lmas\u0131n\u0131n vacibliyi vur\u011fulan\u0131b.<\/p>\n<p>Nazir Ceyhun Bayramov \u00f6lk\u0259mizin erm\u0259ni silahl\u0131 q\u00fcvv\u0259l\u0259rin\u0259 v\u0259 \u0259razimizd\u0259ki qondarma rejim\u0259 qar\u015f\u0131 h\u0259yata ke\u00e7irdiyi lokal xarakterli anti-terror \u0259m\u0259liyyatlar\u0131n\u0131 \u015f\u0259rtl\u0259ndir\u0259n amill\u0259r, o c\u00fcml\u0259d\u0259n, Erm\u0259nistan\u0131n son d\u00f6vrl\u0259r Az\u0259rbaycana qar\u015f\u0131 t\u00f6r\u0259tdiyi t\u0259xribatlar v\u0259 \u0259razil\u0259rimizd\u0259 qeyri-qanuni erm\u0259ni silahl\u0131 q\u00fcvv\u0259l\u0259rinin yaratd\u0131\u011f\u0131 t\u0259hdidl\u0259r bar\u0259d\u0259 qar\u015f\u0131 t\u0259r\u0259f\u0259 m\u0259lumat verib v\u0259 y\u00fcks\u0259k d\u0259qiqlikl\u0259 apar\u0131lan anti-terror t\u0259dbirl\u0259ri zaman\u0131 m\u00fclki \u015f\u0259xsl\u0259rin h\u0259d\u0259f al\u0131nmad\u0131\u011f\u0131n\u0131 bildirib.<\/p>\n<p>Az\u0259rbaycan\u0131n Qaraba\u011f b\u00f6lg\u0259sinin yerli erm\u0259ni sakinl\u0259rinin reinteqrasiyas\u0131 istiqam\u0259tind\u0259 m\u00fcvafiq i\u015fl\u0259r apar\u0131ld\u0131\u011f\u0131 v\u0259 bu m\u0259qs\u0259dl\u0259 elektron portal yarad\u0131ld\u0131\u011f\u0131 diqq\u0259t\u0259 \u00e7atd\u0131r\u0131l\u0131b.<\/p>\n<p>Erm\u0259ni sakinl\u0259rin Az\u0259rbaycan \u0259razisini t\u0259rk etm\u0259sinin h\u0259r hans\u0131 bir m\u0259cburi yerd\u0259yi\u015fm\u0259 il\u0259 \u0259laq\u0259dar olmad\u0131\u011f\u0131 qeyd olunaraq BMT r\u0259smil\u0259rinin b\u00f6lg\u0259y\u0259 son s\u0259f\u0259r\u0131 sonras\u0131 veril\u0259n a\u00e7\u0131qlamalar\u0131n da bunun bariz n\u00fcmun\u0259si oldu\u011fu bildirilib.<\/p>\n<p>S\u0259fir Tomas \u015etehli \u00f6lk\u0259sinin b\u00fct\u00fcn sah\u0259l\u0259rd\u0259 Az\u0259rbaycan il\u0259 \u0259m\u0259kda\u015fl\u0131\u011f\u0131 inki\u015faf etdirm\u0259kd\u0259 maraql\u0131 oldu\u011funu qeyd ed\u0259r\u0259k, diplomatik f\u0259aliyy\u0259ti m\u00fcdd\u0259tind\u0259 ikit\u0259r\u0259fli \u0259laq\u0259l\u0259rin inki\u015faf\u0131 \u00fc\u00e7\u00fcn s\u0259yl\u0259rini \u0259sirg\u0259m\u0259y\u0259c\u0259yini bildirib.<\/p>\n<p>G\u00f6r\u00fc\u015f zaman\u0131, h\u0259m\u00e7inin qar\u015f\u0131l\u0131ql\u0131 maraq do\u011furan dig\u0259r m\u0259s\u0259l\u0259l\u0259r \u0259traf\u0131nda fikir m\u00fcbadil\u0259si apar\u0131l\u0131b.<\/p>\n<p><img decoding=\"async\" src=\"https:\/\/Millinews.az\/uploads\/343\/5c09e7d2e8-652e6afeda888652e6afeda8891697540862652e6afeda886652e6afeda887.jpg\" alt=\"\" title=\"\">&#13;<br \/>\n        &#13;<br \/>\n&#13;<br \/>\n        &#13;<br \/>\n&#13;\n        <\/p>\n<p><noscript><\/p>\n<p>You must enable Javascript on your browser for the site to work optimally and display sections completely.<\/p>\n<p><\/noscript>\t\t&#13;<br \/>\n\t\t&#13;\n    <\/div>\n<p><script type=\"text\/javascript\">jQuery(document).ready(function () {\n(function(d, s, id) {\n    var js, fjs = d.getElementsByTagName(s)[0];\n    if (d.getElementById(id))\n        return;\n    js = d.createElement(s);\n    js.id = id;\n    js.src = \"\/\/connect.facebook.net\/az_AZ\/all.js#xfbml=1&appId=1002485763137712\";\n    fjs.parentNode.insertBefore(js, fjs);\n}(document, 'script', 'facebook-jssdk'));                \n});<\/script><\/p>\n","protected":false},"excerpt":{"rendered":"<p>&#13; &#13; 17 oktyabr 2023-c\u00fc il tarixind\u0259 xarici i\u015fl\u0259r naziri Ceyhun Bayramov \u0130sve\u00e7r\u0259 Konfederasiyas\u0131n\u0131n Az\u0259rbaycan Respublikas\u0131nda yeni t\u0259yin olunmu\u015f s\u0259firi Tomas \u015etehlini q\u0259bul edib. X\u0130N-d\u0259n Millinews.az-a veril\u0259n x\u0259b\u0259r\u0259 g\u00f6r\u0259, g\u00f6r\u00fc\u015f zaman\u0131 s\u0259fir Tomas \u015etehli etimadnam\u0259sinin sur\u0259tini nazir Ceyhun Bayramova t\u0259qdim edib. Nazir Ceyhun Bayramov s\u0259fir\u0259 f\u0259aliyy\u0259tind\u0259 u\u011furlar arzulay\u0131b. &#13; G\u00f6r\u00fc\u015f zaman\u0131, Az\u0259rbaycan v\u0259 \u0130sve\u00e7r\u0259 aras\u0131nda &hellip;<\/p>\n","protected":false},"author":1,"featured_media":2582,"comment_status":"open","ping_status":"closed","sticky":false,"template":"","format":"standard","meta":{"footnotes":""},"categories":[9],"tags":[],"class_list":["post-2581","post","type-post","status-publish","format-standard","has-post-thumbnail","hentry","category-xeber"],"_links":{"self":[{"href":"https:\/\/millitv.net\/index.php?rest_route=\/wp\/v2\/posts\/2581","targetHints":{"allow":["GET"]}}],"collection":[{"href":"https:\/\/millitv.net\/index.php?rest_route=\/wp\/v2\/posts"}],"about":[{"href":"https:\/\/millitv.net\/index.php?rest_route=\/wp\/v2\/types\/post"}],"author":[{"embeddable":true,"href":"https:\/\/millitv.net\/index.php?rest_route=\/wp\/v2\/users\/1"}],"replies":[{"embeddable":true,"href":"https:\/\/millitv.net\/index.php?rest_route=%2Fwp%2Fv2%2Fcomments&post=2581"}],"version-history":[{"count":0,"href":"https:\/\/millitv.net\/index.php?rest_route=\/wp\/v2\/posts\/2581\/revisions"}],"wp:featuredmedia":[{"embeddable":true,"href":"https:\/\/millitv.net\/index.php?rest_route=\/wp\/v2\/media\/2582"}],"wp:attachment":[{"href":"https:\/\/millitv.net\/index.php?rest_route=%2Fwp%2Fv2%2Fmedia&parent=2581"}],"wp:term":[{"taxonomy":"category","embeddable":true,"href":"https:\/\/millitv.net\/index.php?rest_route=%2Fwp%2Fv2%2Fcategories&post=2581"},{"taxonomy":"post_tag","embeddable":true,"href":"https:\/\/millitv.net\/index.php?rest_route=%2Fwp%2Fv2%2Ftags&post=2581"}],"curies":[{"name":"wp","href":"https:\/\/api.w.org\/{rel}","templated":true}]}}