{"id":2575,"date":"2023-10-17T11:06:05","date_gmt":"2023-10-17T11:06:05","guid":{"rendered":"https:\/\/millinews.az\/xeber\/fuzulinin-ilk-yasayis-m%C9%99h%C9%99ll%C9%99sind%C9%99-849-ail%C9%99-m%C9%99skunlasdirilacaq\/"},"modified":"2023-10-17T11:06:05","modified_gmt":"2023-10-17T11:06:05","slug":"fuzulinin-ilk-yasayis-m%C9%99h%C9%99ll%C9%99sind%C9%99-849-ail%C9%99-m%C9%99skunlasdirilacaq","status":"publish","type":"post","link":"https:\/\/millitv.net\/?p=2575","title":{"rendered":"F\u00fczulinin ilk ya\u015fay\u0131\u015f m\u0259h\u0259ll\u0259sind\u0259 849 ail\u0259 m\u0259skunla\u015fd\u0131r\u0131lacaq"},"content":{"rendered":"<p><img decoding=\"async\" src=\"https:\/\/cdn.oxu.az\/uploads\/W1siZiIsIjIwMjMvMTAvMTcvMTQvMTkvMjEvOGY5NjE5OTYtMTU1NS00MjRlLWJjMTctYTBkYWM3NDUyMjI1Lzc2NGY1ODI4LTAzNjItMzk3Ny04ZWFlLTM4ZjUxNWUyZTI1Nl84NTAuanBnIl0sWyJwIiwiZW5jb2RlIiwianBnIiwiLXF1YWxpdHkgODAiXSxbInAiLCJ0aHVtYiIsIjYyMHg0NjVcdTAwM2UiXV0?sha=c5a417b188890a0c\" alt=\"\" title=\"\"><\/p>\n<div><a class=\"subs-in-social subs-whatsapp\" href=\"https:\/\/whatsapp.com\/channel\/0029VaAakbx89ingOoeiTp40\" target=\"_blank\" rel=\"noopener\"><\/p>\n<p>Bizim WhatsApp kanal\u0131m\u0131za buradan abun\u0259 ola bil\u0259rsiniz<\/p>\n<p><\/a><\/p>\n<p>\u201c2023-c\u00fc ilin sonu, 2024-c\u00fc ilin I r\u00fcb\u00fcn\u0259 q\u0259d\u0259r F\u00fczulinin ilk ya\u015fay\u0131\u015f m\u0259h\u0259ll\u0259sind\u0259 849 ail\u0259 m\u0259skunla\u015fd\u0131r\u0131lacaq\u201d.<\/p>\n<p>APA x\u0259b\u0259r verir ki, bunu Qaraba\u011f iqtisadi rayonuna daxil olan i\u015f\u011faldan azad edilmi\u015f \u0259razil\u0259rd\u0259 (\u015eu\u015fa rayonu istisna olmaqla) Az\u0259rbaycan Respublikas\u0131 Prezidentinin x\u00fcsusi n\u00fcmay\u0259nd\u0259si Emin H\u00fcseynov jurnalistl\u0259r\u0259 a\u00e7\u0131qlamas\u0131nda deyib.<\/p>\n<p>O, F\u00fczuli \u015e\u0259h\u0259ri G\u00fcn\u00fc m\u00fcnasib\u0259til\u0259 f\u00fczulil\u0259ri t\u0259brik edib:<\/p>\n<p>\u201cBu c\u00fcr bayram t\u0259dbirl\u0259ri ild\u0259n-il\u0259 daha da m\u00f6ht\u0259\u015f\u0259m ke\u00e7iril\u0259c\u0259k\u201d.<\/p>\n<\/div>\n","protected":false},"excerpt":{"rendered":"<p>Bizim WhatsApp kanal\u0131m\u0131za buradan abun\u0259 ola bil\u0259rsiniz \u201c2023-c\u00fc ilin sonu, 2024-c\u00fc ilin I r\u00fcb\u00fcn\u0259 q\u0259d\u0259r F\u00fczulinin ilk ya\u015fay\u0131\u015f m\u0259h\u0259ll\u0259sind\u0259 849 ail\u0259 m\u0259skunla\u015fd\u0131r\u0131lacaq\u201d. APA x\u0259b\u0259r verir ki, bunu Qaraba\u011f iqtisadi rayonuna daxil olan i\u015f\u011faldan azad edilmi\u015f \u0259razil\u0259rd\u0259 (\u015eu\u015fa rayonu istisna olmaqla) Az\u0259rbaycan Respublikas\u0131 Prezidentinin x\u00fcsusi n\u00fcmay\u0259nd\u0259si Emin H\u00fcseynov jurnalistl\u0259r\u0259 a\u00e7\u0131qlamas\u0131nda deyib. O, F\u00fczuli \u015e\u0259h\u0259ri G\u00fcn\u00fc m\u00fcnasib\u0259til\u0259 &hellip;<\/p>\n","protected":false},"author":1,"featured_media":2576,"comment_status":"open","ping_status":"closed","sticky":false,"template":"","format":"standard","meta":{"footnotes":""},"categories":[9],"tags":[],"class_list":["post-2575","post","type-post","status-publish","format-standard","has-post-thumbnail","hentry","category-xeber"],"_links":{"self":[{"href":"https:\/\/millitv.net\/index.php?rest_route=\/wp\/v2\/posts\/2575","targetHints":{"allow":["GET"]}}],"collection":[{"href":"https:\/\/millitv.net\/index.php?rest_route=\/wp\/v2\/posts"}],"about":[{"href":"https:\/\/millitv.net\/index.php?rest_route=\/wp\/v2\/types\/post"}],"author":[{"embeddable":true,"href":"https:\/\/millitv.net\/index.php?rest_route=\/wp\/v2\/users\/1"}],"replies":[{"embeddable":true,"href":"https:\/\/millitv.net\/index.php?rest_route=%2Fwp%2Fv2%2Fcomments&post=2575"}],"version-history":[{"count":0,"href":"https:\/\/millitv.net\/index.php?rest_route=\/wp\/v2\/posts\/2575\/revisions"}],"wp:featuredmedia":[{"embeddable":true,"href":"https:\/\/millitv.net\/index.php?rest_route=\/wp\/v2\/media\/2576"}],"wp:attachment":[{"href":"https:\/\/millitv.net\/index.php?rest_route=%2Fwp%2Fv2%2Fmedia&parent=2575"}],"wp:term":[{"taxonomy":"category","embeddable":true,"href":"https:\/\/millitv.net\/index.php?rest_route=%2Fwp%2Fv2%2Fcategories&post=2575"},{"taxonomy":"post_tag","embeddable":true,"href":"https:\/\/millitv.net\/index.php?rest_route=%2Fwp%2Fv2%2Ftags&post=2575"}],"curies":[{"name":"wp","href":"https:\/\/api.w.org\/{rel}","templated":true}]}}