{"id":2571,"date":"2023-10-17T10:53:22","date_gmt":"2023-10-17T10:53:22","guid":{"rendered":"https:\/\/millinews.az\/xeber\/oxu-az-bqxk-erm%C9%99nistanda-saxlanilan-az%C9%99rbaycanli-%C9%99sg%C9%99rl%C9%99r%C9%99-mut%C9%99madi-bas-c%C9%99kirik\/"},"modified":"2023-10-17T10:53:22","modified_gmt":"2023-10-17T10:53:22","slug":"oxu-az-bqxk-erm%C9%99nistanda-saxlanilan-az%C9%99rbaycanli-%C9%99sg%C9%99rl%C9%99r%C9%99-mut%C9%99madi-bas-c%C9%99kirik","status":"publish","type":"post","link":"https:\/\/millitv.net\/?p=2571","title":{"rendered":"Millinews.az &#8211; BQXK: \u201cErm\u0259nistanda saxlan\u0131lan az\u0259rbaycanl\u0131 \u0259sg\u0259rl\u0259r\u0259 m\u00fct\u0259madi ba\u015f \u00e7\u0259kirik\u201d"},"content":{"rendered":"<div><a class=\"subs-in-social subs-whatsapp\" href=\"https:\/\/whatsapp.com\/channel\/0029VaAakbx89ingOoeiTp40\" target=\"_blank\" rel=\"noopener\"><\/p>\n<p>Bizim WhatsApp kanal\u0131m\u0131za buradan abun\u0259 ola bil\u0259rsiniz<\/p>\n<p><\/a><\/p>\n<p>\u201cBeyn\u0259lxalq Q\u0131z\u0131l Xa\u00e7 Komit\u0259sinin (BQXK) haz\u0131rda qeydiyyat\u0131nda olan v\u0259 Erm\u0259nistanda m\u00fcnt\u0259z\u0259m olaraq ba\u015f \u00e7\u0259kdiyi iki Az\u0259rbaycan v\u0259t\u0259nda\u015f\u0131 var\u201d.<\/p>\n<p><strong>Oxu.Az<\/strong> x\u0259b\u0259r verir ki, bunu Beyn\u0259lxalq Q\u0131z\u0131l Xa\u00e7 Komit\u0259sinin Az\u0259rbaycan n\u00fcmay\u0259nd\u0259liyinin m\u0259tbuat katibi \u0130lah\u0259 H\u00fcseynova jurnalistl\u0259r\u0259 a\u00e7\u0131qlamas\u0131nda deyib.<\/p>\n<div class=\"gallery\">\n<div class=\"gallery-i\">\n<img decoding=\"async\" src=\"https:\/\/cdn.oxu.az\/uploads\/W1siZiIsIjIwMjMvMTAvMTcvMTQvNTIvMTUvZGY2ZjZlMTQtNmIzNy00NzE3LThjNzEtZDAzOGZkN2Q2NjE0LzBheVpkWDV5R0RUNTJsOWkxamZORHhIVmRLS2pTeU5uOVdQNFQzUk4uanBnIl0sWyJwIiwiZW5jb2RlIiwianBnIiwiLXF1YWxpdHkgODAiXSxbInAiLCJ0aHVtYiIsIjU5MHg1OTBcdTAwM2UiXV0?sha=1e62afecdc4fea2b\" alt=\"\" title=\"\">\n<\/div>\n<\/div>\n<p>\u201cOnlara m\u00fct\u0259madi olaraq ba\u015f \u00e7\u0259kilir. \u018fsirl\u0259rin v\u0259ziyy\u0259tl\u0259ri il\u0259 ba\u011fl\u0131 m\u0259lumat ictimaiyy\u0259t\u0259 a\u00e7\u0131qlanm\u0131r, ail\u0259l\u0259rin\u0259 bildirilir. Onlarla \u0259laq\u0259nin yarad\u0131lmas\u0131 t\u0259min olunur. Sonuncu d\u0259f\u0259 Erm\u0259nistandak\u0131 az\u0259rbaycanl\u0131 \u0259sirl\u0259r\u0259 sentyabrda ba\u015f \u00e7\u0259kilib\u201d, &#8211; \u0130.H\u00fcseynova qeyd edib.<\/p>\n<p><strong>Aysel Aslan<\/strong><\/p>\n<\/div>\n","protected":false},"excerpt":{"rendered":"<p>Bizim WhatsApp kanal\u0131m\u0131za buradan abun\u0259 ola bil\u0259rsiniz \u201cBeyn\u0259lxalq Q\u0131z\u0131l Xa\u00e7 Komit\u0259sinin (BQXK) haz\u0131rda qeydiyyat\u0131nda olan v\u0259 Erm\u0259nistanda m\u00fcnt\u0259z\u0259m olaraq ba\u015f \u00e7\u0259kdiyi iki Az\u0259rbaycan v\u0259t\u0259nda\u015f\u0131 var\u201d. Oxu.Az x\u0259b\u0259r verir ki, bunu Beyn\u0259lxalq Q\u0131z\u0131l Xa\u00e7 Komit\u0259sinin Az\u0259rbaycan n\u00fcmay\u0259nd\u0259liyinin m\u0259tbuat katibi \u0130lah\u0259 H\u00fcseynova jurnalistl\u0259r\u0259 a\u00e7\u0131qlamas\u0131nda deyib. \u201cOnlara m\u00fct\u0259madi olaraq ba\u015f \u00e7\u0259kilir. \u018fsirl\u0259rin v\u0259ziyy\u0259tl\u0259ri il\u0259 ba\u011fl\u0131 m\u0259lumat ictimaiyy\u0259t\u0259 a\u00e7\u0131qlanm\u0131r, &hellip;<\/p>\n","protected":false},"author":1,"featured_media":2572,"comment_status":"open","ping_status":"closed","sticky":false,"template":"","format":"standard","meta":{"footnotes":""},"categories":[9],"tags":[],"class_list":["post-2571","post","type-post","status-publish","format-standard","has-post-thumbnail","hentry","category-xeber"],"_links":{"self":[{"href":"https:\/\/millitv.net\/index.php?rest_route=\/wp\/v2\/posts\/2571","targetHints":{"allow":["GET"]}}],"collection":[{"href":"https:\/\/millitv.net\/index.php?rest_route=\/wp\/v2\/posts"}],"about":[{"href":"https:\/\/millitv.net\/index.php?rest_route=\/wp\/v2\/types\/post"}],"author":[{"embeddable":true,"href":"https:\/\/millitv.net\/index.php?rest_route=\/wp\/v2\/users\/1"}],"replies":[{"embeddable":true,"href":"https:\/\/millitv.net\/index.php?rest_route=%2Fwp%2Fv2%2Fcomments&post=2571"}],"version-history":[{"count":0,"href":"https:\/\/millitv.net\/index.php?rest_route=\/wp\/v2\/posts\/2571\/revisions"}],"wp:featuredmedia":[{"embeddable":true,"href":"https:\/\/millitv.net\/index.php?rest_route=\/wp\/v2\/media\/2572"}],"wp:attachment":[{"href":"https:\/\/millitv.net\/index.php?rest_route=%2Fwp%2Fv2%2Fmedia&parent=2571"}],"wp:term":[{"taxonomy":"category","embeddable":true,"href":"https:\/\/millitv.net\/index.php?rest_route=%2Fwp%2Fv2%2Fcategories&post=2571"},{"taxonomy":"post_tag","embeddable":true,"href":"https:\/\/millitv.net\/index.php?rest_route=%2Fwp%2Fv2%2Ftags&post=2571"}],"curies":[{"name":"wp","href":"https:\/\/api.w.org\/{rel}","templated":true}]}}