{"id":2559,"date":"2023-10-17T10:10:22","date_gmt":"2023-10-17T10:10:22","guid":{"rendered":"https:\/\/millinews.az\/xeber\/prezident-bel%C9%99-agir-cografi-m%C9%99kanda-bu-tarixi-q%C9%99l%C9%99b%C9%99ni-qazanmagin-misli-b%C9%99rab%C9%99ri-yoxdur\/"},"modified":"2023-10-17T10:10:22","modified_gmt":"2023-10-17T10:10:22","slug":"prezident-bel%C9%99-agir-cografi-m%C9%99kanda-bu-tarixi-q%C9%99l%C9%99b%C9%99ni-qazanmagin-misli-b%C9%99rab%C9%99ri-yoxdur","status":"publish","type":"post","link":"https:\/\/millitv.net\/?p=2559","title":{"rendered":"Prezident: \u201cBel\u0259 a\u011f\u0131r co\u011frafi m\u0259kanda bu tarixi Q\u0259l\u0259b\u0259ni qazanma\u011f\u0131n misli-b\u0259rab\u0259ri yoxdur\u201d"},"content":{"rendered":"<p><img decoding=\"async\" src=\"https:\/\/cdn.oxu.az\/uploads\/W1siZiIsIjIwMjMvMTAvMTcvMTQvMDUvMzcvZWE4YmVmOGEtYjYxNy00MzUzLTk3YjEtYWNiMzYzZThiZTM5L0ZvdG9KZXQgKDEwKS5qcGciXSxbInAiLCJlbmNvZGUiLCJqcGciLCItcXVhbGl0eSA4MCJdLFsicCIsInRodW1iIiwiNjIweDQ2NVx1MDAzZSJdXQ?sha=34b7c6f342073648\" alt=\"\" title=\"\"><\/p>\n<div><a class=\"subs-in-social subs-whatsapp\" href=\"https:\/\/whatsapp.com\/channel\/0029VaAakbx89ingOoeiTp40\" target=\"_blank\" rel=\"noopener\"><\/p>\n<p>Bizim WhatsApp kanal\u0131m\u0131za buradan abun\u0259 ola bil\u0259rsiniz<\/p>\n<p><\/a><\/p>\n<p>\u201c\u018flb\u0259tt\u0259, h\u0259lak olan h\u0259r bir insan \u0259v\u0259zolunmazd\u0131r. Ancaq \u0130kinci Qaraba\u011f m\u00fcharib\u0259sind\u0259 \u0259m\u0259liyyatlar el\u0259 planla\u015fd\u0131r\u0131l\u0131rd\u0131 ki, itkil\u0259ri minimuma endir\u0259k v\u0259 buna da nail olduq. Biz h\u0259r zaman onlara (\u015f\u0259hidl\u0259rimiz\u0259 &#8211; red.) borclu olmal\u0131y\u0131q. G\u0259nc n\u0259sil d\u0259 daim bu ruhda t\u0259rbiy\u0259 almal\u0131d\u0131r\u201d.<\/p>\n<p><a href=\"https:\/\/azertag.az\/xeber\/prezident_bele_agir_cografi_mekanda_bu_tarixi_qelebeni_qazanmagin_misli_beraberi_yoxdur-2790634\" target=\"_blank\" rel=\"noopener\">AZ\u018fRTAC<\/a> x\u0259b\u0259r verir ki, bu fikirl\u0259ri Prezident<strong> \u0130lham \u018fliyev <\/strong>oktyabr\u0131n 17-d\u0259 F\u00fczuli \u015e\u0259h\u0259ri G\u00fcn\u00fcnd\u0259 F\u00fczuli \u015f\u0259h\u0259rin\u0259 k\u00f6\u00e7m\u00fc\u015f sakinl\u0259r v\u0259 rayon ictimaiyy\u0259tinin n\u00fcmay\u0259nd\u0259l\u0259ri il\u0259 g\u00f6r\u00fc\u015f\u00fcnd\u0259 s\u0259sl\u0259ndirib.<\/p>\n<p>\u201cOnlar\u0131n (\u015f\u0259hidl\u0259rin &#8211; red.) q\u0259hr\u0259manl\u0131\u011f\u0131 unudulmazd\u0131r, bel\u0259 a\u011f\u0131r co\u011frafi m\u0259kanda bu tarixi Q\u0259l\u0259b\u0259ni qazanma\u011f\u0131n misli-b\u0259rab\u0259ri yoxdur\u201d, &#8211; dey\u0259n d\u00f6vl\u0259timizin ba\u015f\u00e7\u0131s\u0131 xat\u0131rlad\u0131b ki, d\u00fc\u015fm\u0259n b\u00fct\u00fcn y\u00fcks\u0259klikl\u0259ri g\u00f6t\u00fcrm\u00fc\u015fd\u00fc.<\/p>\n<p>\u201cBuradan ist\u0259nil\u0259n istiqam\u0259t\u0259 gets\u0259n, g\u00f6r\u0259rs\u0259n ki, h\u0259r t\u0259p\u0259d\u0259, dem\u0259k olar ki, onlar\u0131n postlar\u0131, d\u00f6y\u00fc\u015f m\u0259nt\u0259q\u0259l\u0259ri, bir ne\u00e7\u0259 m\u00fcdafi\u0259 x\u0259tti, tikanl\u0131 m\u0259ftil v\u0259 minalar, bunu yarmaq, at\u0259\u015f alt\u0131nda qaba\u011fa getm\u0259k n\u0259 q\u0259d\u0259r b\u00f6y\u00fck c\u0259sar\u0259t t\u0259l\u0259b edir. Bu, b\u0259lk\u0259 d\u0259, d\u00fcnya h\u0259rb tarixind\u0259 olmay\u0131b. Olubsa, qoy biz\u0259 desinl\u0259r, harada olub. Olmay\u0131b, bunu Az\u0259rbaycan xalq\u0131 g\u00f6st\u0259rib\u201d, &#8211; Prezident deyib.<\/p>\n<\/div>\n","protected":false},"excerpt":{"rendered":"<p>Bizim WhatsApp kanal\u0131m\u0131za buradan abun\u0259 ola bil\u0259rsiniz \u201c\u018flb\u0259tt\u0259, h\u0259lak olan h\u0259r bir insan \u0259v\u0259zolunmazd\u0131r. Ancaq \u0130kinci Qaraba\u011f m\u00fcharib\u0259sind\u0259 \u0259m\u0259liyyatlar el\u0259 planla\u015fd\u0131r\u0131l\u0131rd\u0131 ki, itkil\u0259ri minimuma endir\u0259k v\u0259 buna da nail olduq. Biz h\u0259r zaman onlara (\u015f\u0259hidl\u0259rimiz\u0259 &#8211; red.) borclu olmal\u0131y\u0131q. G\u0259nc n\u0259sil d\u0259 daim bu ruhda t\u0259rbiy\u0259 almal\u0131d\u0131r\u201d. AZ\u018fRTAC x\u0259b\u0259r verir ki, bu fikirl\u0259ri Prezident \u0130lham &hellip;<\/p>\n","protected":false},"author":1,"featured_media":2560,"comment_status":"open","ping_status":"closed","sticky":false,"template":"","format":"standard","meta":{"footnotes":""},"categories":[9],"tags":[],"class_list":["post-2559","post","type-post","status-publish","format-standard","has-post-thumbnail","hentry","category-xeber"],"_links":{"self":[{"href":"https:\/\/millitv.net\/index.php?rest_route=\/wp\/v2\/posts\/2559","targetHints":{"allow":["GET"]}}],"collection":[{"href":"https:\/\/millitv.net\/index.php?rest_route=\/wp\/v2\/posts"}],"about":[{"href":"https:\/\/millitv.net\/index.php?rest_route=\/wp\/v2\/types\/post"}],"author":[{"embeddable":true,"href":"https:\/\/millitv.net\/index.php?rest_route=\/wp\/v2\/users\/1"}],"replies":[{"embeddable":true,"href":"https:\/\/millitv.net\/index.php?rest_route=%2Fwp%2Fv2%2Fcomments&post=2559"}],"version-history":[{"count":0,"href":"https:\/\/millitv.net\/index.php?rest_route=\/wp\/v2\/posts\/2559\/revisions"}],"wp:featuredmedia":[{"embeddable":true,"href":"https:\/\/millitv.net\/index.php?rest_route=\/wp\/v2\/media\/2560"}],"wp:attachment":[{"href":"https:\/\/millitv.net\/index.php?rest_route=%2Fwp%2Fv2%2Fmedia&parent=2559"}],"wp:term":[{"taxonomy":"category","embeddable":true,"href":"https:\/\/millitv.net\/index.php?rest_route=%2Fwp%2Fv2%2Fcategories&post=2559"},{"taxonomy":"post_tag","embeddable":true,"href":"https:\/\/millitv.net\/index.php?rest_route=%2Fwp%2Fv2%2Ftags&post=2559"}],"curies":[{"name":"wp","href":"https:\/\/api.w.org\/{rel}","templated":true}]}}