{"id":2551,"date":"2023-10-17T09:43:54","date_gmt":"2023-10-17T09:43:54","guid":{"rendered":"https:\/\/millinews.az\/xeber\/prezident-fuzulinin-timsalinda-eyni-zamanda-butun-dunya-gorm%C9%99lidir-ki-erm%C9%99ni-v%C9%99hsiliyi-n%C9%99d%C9%99n-ibar%C9%99tdir\/"},"modified":"2023-10-17T09:43:54","modified_gmt":"2023-10-17T09:43:54","slug":"prezident-fuzulinin-timsalinda-eyni-zamanda-butun-dunya-gorm%C9%99lidir-ki-erm%C9%99ni-v%C9%99hsiliyi-n%C9%99d%C9%99n-ibar%C9%99tdir","status":"publish","type":"post","link":"https:\/\/millitv.net\/?p=2551","title":{"rendered":"Prezident: \u201cF\u00fczulinin timsal\u0131nda, eyni zamanda, b\u00fct\u00fcn d\u00fcnya g\u00f6rm\u0259lidir ki, erm\u0259ni v\u0259h\u015filiyi n\u0259d\u0259n ibar\u0259tdir\u201d"},"content":{"rendered":"<p><img decoding=\"async\" src=\"https:\/\/cdn.oxu.az\/uploads\/W1siZiIsIjIwMjMvMTAvMTcvMTMvNDIvMTAvNDZhMGVkOTMtZDk2MS00MDg1LTk2ZWEtODU1ZGMwZjZiY2QzL0ZvdG9KZXQgKDQpLmpwZyJdLFsicCIsImVuY29kZSIsImpwZyIsIi1xdWFsaXR5IDgwIl0sWyJwIiwidGh1bWIiLCI2MjB4NDY1XHUwMDNlIl1d?sha=b9774dc57971368b\" alt=\"\" title=\"\"><\/p>\n<div><a class=\"subs-in-social subs-whatsapp\" href=\"https:\/\/whatsapp.com\/channel\/0029VaAakbx89ingOoeiTp40\" target=\"_blank\" rel=\"noopener\"><\/p>\n<p>Bizim WhatsApp kanal\u0131m\u0131za buradan abun\u0259 ola bil\u0259rsiniz<\/p>\n<p><\/a><\/p>\n<p>\u201cF\u00fczulinin timsal\u0131nda, eyni zamanda, b\u00fct\u00fcn d\u00fcnya, h\u0259tta bunu g\u00f6rm\u0259k ist\u0259m\u0259y\u0259nl\u0259r g\u00f6r\u00fcrl\u0259r v\u0259 g\u00f6rm\u0259lidirl\u0259r ki, erm\u0259ni v\u0259h\u015filiyi n\u0259d\u0259n ibar\u0259tdir\u201d.<\/p>\n<p><a href=\"https:\/\/azertag.az\/xeber\/azerbaycan_prezidenti_fuzulinin_timsalinda_eyni_zamanda_butun_dunya_gormelidir_ki_ermeni_vehsiliyi_neden_ibaretdir-2790574\" target=\"_blank\" rel=\"noopener\">AZ\u018fRTAC<\/a> x\u0259b\u0259r verir ki, bu bar\u0259d\u0259 Prezidenti <strong>\u0130lham \u018fliyev<\/strong> oktyabr\u0131n 17-d\u0259 F\u00fczuli \u015e\u0259h\u0259ri G\u00fcn\u00fcnd\u0259 F\u00fczuli \u015f\u0259h\u0259rin\u0259 k\u00f6\u00e7m\u00fc\u015f sakinl\u0259r v\u0259 rayon ictimaiyy\u0259tinin n\u00fcmay\u0259nd\u0259l\u0259ri il\u0259 g\u00f6r\u00fc\u015f\u00fcnd\u0259 bildirib.<\/p>\n<p>D\u00f6vl\u0259timizin ba\u015f\u00e7\u0131s\u0131 qeyd edib:<\/p>\n<p>\u201cBiz uzun ill\u0259r Qaraba\u011f d\u0259rdimizin h\u0259qiq\u0259tl\u0259rini d\u00fcnya birliyinin diqq\u0259tin\u0259 \u00e7atd\u0131rma\u011fa \u00e7al\u0131\u015fanda b\u0259zil\u0259ri inanm\u0131rd\u0131lar, el\u0259l\u0259ri d\u0259 var idi ki, inanmaq ist\u0259mirdil\u0259r. Bizim \u0259limizd\u0259 o q\u0259d\u0259r d\u0259 b\u00f6y\u00fck s\u00fcbutlar yox idi. Biz bilirdik ki, h\u0259r \u015fey da\u011f\u0131d\u0131l\u0131b, viran qoyulub, ancaq bu d\u0259r\u0259c\u0259d\u0259 h\u0259tta biz t\u0259s\u0259vv\u00fcr ed\u0259 bilmirdik. \u00c7\u00fcnki i\u015f\u011fal\u00e7\u0131 d\u00f6vl\u0259t he\u00e7 kimi o vaxt bu b\u00f6lg\u0259y\u0259 buraxm\u0131rd\u0131, qada\u011fan etmi\u015fdi. N\u0259 \u00fc\u00e7\u00fcn? \u00c7\u00fcnki buraya g\u0259l\u0259n h\u0259r bir insan g\u00f6r\u0259c\u0259kdi, erm\u0259ni v\u0259h\u015filiyi n\u0259d\u0259n ibar\u0259tdir. Onun t\u0259zah\u00fcrl\u0259ri h\u0259r yerd\u0259 g\u00f6r\u00fcn\u00fcr\u201d.<\/p>\n<\/div>\n","protected":false},"excerpt":{"rendered":"<p>Bizim WhatsApp kanal\u0131m\u0131za buradan abun\u0259 ola bil\u0259rsiniz \u201cF\u00fczulinin timsal\u0131nda, eyni zamanda, b\u00fct\u00fcn d\u00fcnya, h\u0259tta bunu g\u00f6rm\u0259k ist\u0259m\u0259y\u0259nl\u0259r g\u00f6r\u00fcrl\u0259r v\u0259 g\u00f6rm\u0259lidirl\u0259r ki, erm\u0259ni v\u0259h\u015filiyi n\u0259d\u0259n ibar\u0259tdir\u201d. AZ\u018fRTAC x\u0259b\u0259r verir ki, bu bar\u0259d\u0259 Prezidenti \u0130lham \u018fliyev oktyabr\u0131n 17-d\u0259 F\u00fczuli \u015e\u0259h\u0259ri G\u00fcn\u00fcnd\u0259 F\u00fczuli \u015f\u0259h\u0259rin\u0259 k\u00f6\u00e7m\u00fc\u015f sakinl\u0259r v\u0259 rayon ictimaiyy\u0259tinin n\u00fcmay\u0259nd\u0259l\u0259ri il\u0259 g\u00f6r\u00fc\u015f\u00fcnd\u0259 bildirib. D\u00f6vl\u0259timizin ba\u015f\u00e7\u0131s\u0131 qeyd edib: \u201cBiz &hellip;<\/p>\n","protected":false},"author":1,"featured_media":2552,"comment_status":"open","ping_status":"closed","sticky":false,"template":"","format":"standard","meta":{"footnotes":""},"categories":[9],"tags":[],"class_list":["post-2551","post","type-post","status-publish","format-standard","has-post-thumbnail","hentry","category-xeber"],"_links":{"self":[{"href":"https:\/\/millitv.net\/index.php?rest_route=\/wp\/v2\/posts\/2551","targetHints":{"allow":["GET"]}}],"collection":[{"href":"https:\/\/millitv.net\/index.php?rest_route=\/wp\/v2\/posts"}],"about":[{"href":"https:\/\/millitv.net\/index.php?rest_route=\/wp\/v2\/types\/post"}],"author":[{"embeddable":true,"href":"https:\/\/millitv.net\/index.php?rest_route=\/wp\/v2\/users\/1"}],"replies":[{"embeddable":true,"href":"https:\/\/millitv.net\/index.php?rest_route=%2Fwp%2Fv2%2Fcomments&post=2551"}],"version-history":[{"count":0,"href":"https:\/\/millitv.net\/index.php?rest_route=\/wp\/v2\/posts\/2551\/revisions"}],"wp:featuredmedia":[{"embeddable":true,"href":"https:\/\/millitv.net\/index.php?rest_route=\/wp\/v2\/media\/2552"}],"wp:attachment":[{"href":"https:\/\/millitv.net\/index.php?rest_route=%2Fwp%2Fv2%2Fmedia&parent=2551"}],"wp:term":[{"taxonomy":"category","embeddable":true,"href":"https:\/\/millitv.net\/index.php?rest_route=%2Fwp%2Fv2%2Fcategories&post=2551"},{"taxonomy":"post_tag","embeddable":true,"href":"https:\/\/millitv.net\/index.php?rest_route=%2Fwp%2Fv2%2Ftags&post=2551"}],"curies":[{"name":"wp","href":"https:\/\/api.w.org\/{rel}","templated":true}]}}