{"id":2549,"date":"2023-10-17T09:30:24","date_gmt":"2023-10-17T09:30:24","guid":{"rendered":"https:\/\/millinews.az\/xeber\/putin-cin%C9%99-s%C9%99f%C9%99r-etdi\/"},"modified":"2023-10-17T09:30:24","modified_gmt":"2023-10-17T09:30:24","slug":"putin-cin%C9%99-s%C9%99f%C9%99r-etdi","status":"publish","type":"post","link":"https:\/\/millitv.net\/?p=2549","title":{"rendered":"Putin \u00c7in\u0259 s\u0259f\u0259r etdi"},"content":{"rendered":"<div id=\"maincontent\">&#13;<br \/>\n        &#13;<\/p>\n<p><strong>Rusiya Prezidenti Vladimir Putin Ukraynadak\u0131 m\u00fcharib\u0259 s\u0259b\u0259bind\u0259n AB\u015e v\u0259 Q\u0259rbl\u0259 m\u00fcnasib\u0259tl\u0259rind\u0259 g\u0259rginliyin davam etdiyi bir vaxtda \u00f6z\u00fcn\u00fcn &#8220;strateji t\u0259r\u0259fda\u015f\u0131&#8221; kimi g\u00f6rd\u00fcy\u00fc \u00c7in\u0259 s\u0259f\u0259r edib. <\/strong><\/p>\n<p><a href=\"https:\/\/Millinews.az\" target=\"_blank\" class=\"kw-link\" rel=\"noopener\">Millinews.az<\/a> x\u0259b\u0259r verir ki, Pekind\u0259 foruma qat\u0131lan Putin ard\u0131nca \u00c7in s\u0259dri Si Cinpinl\u0259 g\u00f6r\u00fc\u015f\u0259c\u0259k. Putinin Si Cinpinl\u0259 iqtisadi \u0259laq\u0259l\u0259r, Rusiya-Ukrayna m\u00fcharib\u0259si v\u0259 Yax\u0131n \u015e\u0259rqd\u0259 \u0130srail v\u0259 F\u0259l\u0259stin aras\u0131nda g\u0259rginliyin artmas\u0131 il\u0259 ba\u011fl\u0131 m\u00fczakir\u0259l\u0259r aparaca\u011f\u0131 qeyd edilir. Bildirilir ki, Rusiya lideri Rusiya-Ukrayna m\u00fcharib\u0259sinin ba\u015flamas\u0131ndan b\u0259ri ilk d\u0259f\u0259 \u00c7in\u0259 s\u0259f\u0259r edir. Beyn\u0259lxalq v\u0259 regional g\u0259rginliyin artd\u0131\u011f\u0131 bir vaxtda s\u0259f\u0259rin iki \u00f6lk\u0259 aras\u0131nda h\u0259rt\u0259r\u0259fli strateji t\u0259r\u0259fda\u015fl\u0131q koordinasiyas\u0131n\u0131 g\u00fccl\u0259ndir\u0259c\u0259yi g\u00f6zl\u0259nilir. &#13;<br \/>\n&#13;<br \/>\n        &#13;<br \/>\n&#13;<br \/>\n        &#13;<br \/>\n&#13;\n        <\/p>\n<p><noscript><\/p>\n<p>You must enable Javascript on your browser for the site to work optimally and display sections completely.<\/p>\n<p><\/noscript>\t\t&#13;<br \/>\n\t\t&#13;\n    <\/div>\n<p><script type=\"text\/javascript\">jQuery(document).ready(function () {\n(function(d, s, id) {\n    var js, fjs = d.getElementsByTagName(s)[0];\n    if (d.getElementById(id))\n        return;\n    js = d.createElement(s);\n    js.id = id;\n    js.src = \"\/\/connect.facebook.net\/az_AZ\/all.js#xfbml=1&appId=1002485763137712\";\n    fjs.parentNode.insertBefore(js, fjs);\n}(document, 'script', 'facebook-jssdk'));                \n});<\/script><\/p>\n","protected":false},"excerpt":{"rendered":"<p>&#13; &#13; Rusiya Prezidenti Vladimir Putin Ukraynadak\u0131 m\u00fcharib\u0259 s\u0259b\u0259bind\u0259n AB\u015e v\u0259 Q\u0259rbl\u0259 m\u00fcnasib\u0259tl\u0259rind\u0259 g\u0259rginliyin davam etdiyi bir vaxtda \u00f6z\u00fcn\u00fcn &#8220;strateji t\u0259r\u0259fda\u015f\u0131&#8221; kimi g\u00f6rd\u00fcy\u00fc \u00c7in\u0259 s\u0259f\u0259r edib. Millinews.az x\u0259b\u0259r verir ki, Pekind\u0259 foruma qat\u0131lan Putin ard\u0131nca \u00c7in s\u0259dri Si Cinpinl\u0259 g\u00f6r\u00fc\u015f\u0259c\u0259k. Putinin Si Cinpinl\u0259 iqtisadi \u0259laq\u0259l\u0259r, Rusiya-Ukrayna m\u00fcharib\u0259si v\u0259 Yax\u0131n \u015e\u0259rqd\u0259 \u0130srail v\u0259 F\u0259l\u0259stin aras\u0131nda g\u0259rginliyin &hellip;<\/p>\n","protected":false},"author":1,"featured_media":2550,"comment_status":"open","ping_status":"closed","sticky":false,"template":"","format":"standard","meta":{"footnotes":""},"categories":[9],"tags":[],"class_list":["post-2549","post","type-post","status-publish","format-standard","has-post-thumbnail","hentry","category-xeber"],"_links":{"self":[{"href":"https:\/\/millitv.net\/index.php?rest_route=\/wp\/v2\/posts\/2549","targetHints":{"allow":["GET"]}}],"collection":[{"href":"https:\/\/millitv.net\/index.php?rest_route=\/wp\/v2\/posts"}],"about":[{"href":"https:\/\/millitv.net\/index.php?rest_route=\/wp\/v2\/types\/post"}],"author":[{"embeddable":true,"href":"https:\/\/millitv.net\/index.php?rest_route=\/wp\/v2\/users\/1"}],"replies":[{"embeddable":true,"href":"https:\/\/millitv.net\/index.php?rest_route=%2Fwp%2Fv2%2Fcomments&post=2549"}],"version-history":[{"count":0,"href":"https:\/\/millitv.net\/index.php?rest_route=\/wp\/v2\/posts\/2549\/revisions"}],"wp:featuredmedia":[{"embeddable":true,"href":"https:\/\/millitv.net\/index.php?rest_route=\/wp\/v2\/media\/2550"}],"wp:attachment":[{"href":"https:\/\/millitv.net\/index.php?rest_route=%2Fwp%2Fv2%2Fmedia&parent=2549"}],"wp:term":[{"taxonomy":"category","embeddable":true,"href":"https:\/\/millitv.net\/index.php?rest_route=%2Fwp%2Fv2%2Fcategories&post=2549"},{"taxonomy":"post_tag","embeddable":true,"href":"https:\/\/millitv.net\/index.php?rest_route=%2Fwp%2Fv2%2Ftags&post=2549"}],"curies":[{"name":"wp","href":"https:\/\/api.w.org\/{rel}","templated":true}]}}