{"id":2533,"date":"2023-10-17T08:35:09","date_gmt":"2023-10-17T08:35:09","guid":{"rendered":"https:\/\/millinews.az\/xeber\/gurcustan-36-az%C9%99rbaycan-v%C9%99t%C9%99ndasini-deportasiya-edib\/"},"modified":"2023-10-17T08:35:09","modified_gmt":"2023-10-17T08:35:09","slug":"gurcustan-36-az%C9%99rbaycan-v%C9%99t%C9%99ndasini-deportasiya-edib","status":"publish","type":"post","link":"https:\/\/millitv.net\/?p=2533","title":{"rendered":"G\u00fcrc\u00fcstan 36 Az\u0259rbaycan v\u0259t\u0259nda\u015f\u0131n\u0131 deportasiya edib"},"content":{"rendered":"<div id=\"maincontent\">&#13;<br \/>\n        &#13;<\/p>\n<p><strong>2023-c\u00fc ilin yanvar-sentyabr aylar\u0131 \u0259rzind\u0259 G\u00fcrc\u00fcstan 36 Az\u0259rbaycan v\u0259t\u0259nda\u015f\u0131n\u0131 deportasiya edib.<\/strong><\/p>\n<p><a href=\"https:\/\/Millinews.az\" target=\"_blank\" class=\"kw-link\" rel=\"noopener\">Millinews.az<\/a> Apa.az-a istinad\u0259n x\u0259b\u0259r verir ki, bu bar\u0259d\u0259 G\u00fcrc\u00fcstan Daxili \u0130\u015fl\u0259r Nazirliyinin (D\u0130N) m\u0259lumat\u0131nda bildirilib. &#13;\n<\/p>\n<p>Qeyd olunub ki, cari ilin birinci r\u00fcb\u00fcnd\u0259 13, ikinci r\u00fcb\u00fcnd\u0259 19, \u00fc\u00e7\u00fcnc\u00fc r\u00fcb\u00fcnd\u0259 is\u0259 4 Az\u0259rbaycan v\u0259t\u0259nda\u015f\u0131 \u00f6lk\u0259d\u0259n \u00e7\u0131xar\u0131l\u0131b. G\u00fcrc\u00fcstanda deportasiya edil\u0259n Az\u0259rbaycan v\u0259t\u0259nda\u015flar\u0131ndan 17-si yetkinlik ya\u015f\u0131na \u00e7atmayanlar olub.<\/p>\n<p>G\u00fcrc\u00fcstan bu il \u00fcmumilikd\u0259 154 \u0259cn\u0259bini deportasiya edib.&#13;<br \/>\n        &#13;<br \/>\n&#13;<br \/>\n        &#13;<br \/>\n&#13;\n        <\/p>\n<p><noscript><\/p>\n<p>You must enable Javascript on your browser for the site to work optimally and display sections completely.<\/p>\n<p><\/noscript>\t\t&#13;<br \/>\n\t\t&#13;\n    <\/div>\n<p><script type=\"text\/javascript\">jQuery(document).ready(function () {\n(function(d, s, id) {\n    var js, fjs = d.getElementsByTagName(s)[0];\n    if (d.getElementById(id))\n        return;\n    js = d.createElement(s);\n    js.id = id;\n    js.src = \"\/\/connect.facebook.net\/az_AZ\/all.js#xfbml=1&appId=1002485763137712\";\n    fjs.parentNode.insertBefore(js, fjs);\n}(document, 'script', 'facebook-jssdk'));                \n});<\/script><\/p>\n","protected":false},"excerpt":{"rendered":"<p>&#13; &#13; 2023-c\u00fc ilin yanvar-sentyabr aylar\u0131 \u0259rzind\u0259 G\u00fcrc\u00fcstan 36 Az\u0259rbaycan v\u0259t\u0259nda\u015f\u0131n\u0131 deportasiya edib. Millinews.az Apa.az-a istinad\u0259n x\u0259b\u0259r verir ki, bu bar\u0259d\u0259 G\u00fcrc\u00fcstan Daxili \u0130\u015fl\u0259r Nazirliyinin (D\u0130N) m\u0259lumat\u0131nda bildirilib. &#13; Qeyd olunub ki, cari ilin birinci r\u00fcb\u00fcnd\u0259 13, ikinci r\u00fcb\u00fcnd\u0259 19, \u00fc\u00e7\u00fcnc\u00fc r\u00fcb\u00fcnd\u0259 is\u0259 4 Az\u0259rbaycan v\u0259t\u0259nda\u015f\u0131 \u00f6lk\u0259d\u0259n \u00e7\u0131xar\u0131l\u0131b. G\u00fcrc\u00fcstanda deportasiya edil\u0259n Az\u0259rbaycan v\u0259t\u0259nda\u015flar\u0131ndan 17-si yetkinlik &hellip;<\/p>\n","protected":false},"author":1,"featured_media":2534,"comment_status":"open","ping_status":"closed","sticky":false,"template":"","format":"standard","meta":{"footnotes":""},"categories":[9],"tags":[],"class_list":["post-2533","post","type-post","status-publish","format-standard","has-post-thumbnail","hentry","category-xeber"],"_links":{"self":[{"href":"https:\/\/millitv.net\/index.php?rest_route=\/wp\/v2\/posts\/2533","targetHints":{"allow":["GET"]}}],"collection":[{"href":"https:\/\/millitv.net\/index.php?rest_route=\/wp\/v2\/posts"}],"about":[{"href":"https:\/\/millitv.net\/index.php?rest_route=\/wp\/v2\/types\/post"}],"author":[{"embeddable":true,"href":"https:\/\/millitv.net\/index.php?rest_route=\/wp\/v2\/users\/1"}],"replies":[{"embeddable":true,"href":"https:\/\/millitv.net\/index.php?rest_route=%2Fwp%2Fv2%2Fcomments&post=2533"}],"version-history":[{"count":0,"href":"https:\/\/millitv.net\/index.php?rest_route=\/wp\/v2\/posts\/2533\/revisions"}],"wp:featuredmedia":[{"embeddable":true,"href":"https:\/\/millitv.net\/index.php?rest_route=\/wp\/v2\/media\/2534"}],"wp:attachment":[{"href":"https:\/\/millitv.net\/index.php?rest_route=%2Fwp%2Fv2%2Fmedia&parent=2533"}],"wp:term":[{"taxonomy":"category","embeddable":true,"href":"https:\/\/millitv.net\/index.php?rest_route=%2Fwp%2Fv2%2Fcategories&post=2533"},{"taxonomy":"post_tag","embeddable":true,"href":"https:\/\/millitv.net\/index.php?rest_route=%2Fwp%2Fv2%2Ftags&post=2533"}],"curies":[{"name":"wp","href":"https:\/\/api.w.org\/{rel}","templated":true}]}}