{"id":2521,"date":"2023-10-17T07:53:12","date_gmt":"2023-10-17T07:53:12","guid":{"rendered":"https:\/\/millinews.az\/xeber\/faci%C9%99vi-s%C9%99kild%C9%99-ol%C9%99n-orxan-m%C9%99mm%C9%99dlinin-m%C9%99ktubu-uz%C9%99-cixdi\/"},"modified":"2023-10-17T07:53:12","modified_gmt":"2023-10-17T07:53:12","slug":"faci%C9%99vi-s%C9%99kild%C9%99-ol%C9%99n-orxan-m%C9%99mm%C9%99dlinin-m%C9%99ktubu-uz%C9%99-cixdi","status":"publish","type":"post","link":"https:\/\/millitv.net\/?p=2521","title":{"rendered":"Faci\u0259vi \u015f\u0259kild\u0259 \u00f6l\u0259n Orxan M\u0259mm\u0259dlinin m\u0259ktubu \u00fcz\u0259 \u00e7\u0131xd\u0131"},"content":{"rendered":"<div id=\"maincontent\">&#13;<br \/>\n        &#13;<\/p>\n<p><strong>Tan\u0131nm\u0131\u015f jurnalist T\u00fcrkan M\u0259mm\u0259dlinin h\u0259yat yolda\u015f\u0131, i\u015f adam\u0131 Orxan M\u0259mm\u0259dlinin intihar\u0131 il\u0259 ba\u011fl\u0131 b\u0259zi m\u0259qamlar b\u0259lli olub.<\/strong><\/p>\n<p><a href=\"https:\/\/Millinews.az\" target=\"_blank\" class=\"kw-link\" rel=\"noopener\">Millinews.az<\/a> Millinews.az-a istinad\u0259n x\u0259b\u0259r verir ki, Orxan M\u0259mm\u0259dlinin borc s\u0259b\u0259bind\u0259n intihar etdiyi iddia olunur. Bel\u0259 ki, o, intihar etm\u0259mi\u015fd\u0259n \u00f6nc\u0259 m\u0259ktub yaz\u0131b. M\u0259ktubda kim\u0259 n\u0259 q\u0259d\u0259r borcu oldu\u011funu qeyd edib. &#13;\n<\/p>\n<p>&#8220;Haqq\u0131n\u0131z\u0131 halal edin, m\u0259n bu d\u00fcnyadan gedir\u0259m. \u00d6l\u00fcm\u00fcmd\u0259 he\u00e7 k\u0259si g\u00fcnahland\u0131rmay\u0131n\u201d, &#8211; m\u0259ktubda qeyd olunub.<\/p>\n<p>\u018fld\u0259 etdiyimiz m\u0259lumata g\u00f6r\u0259, son vaxtlar daha \u00e7ox ofisd\u0259 vaxt ke\u00e7irir, ev\u0259 getmirmi\u015f. D\u00fcn\u0259n he\u00e7 bir i\u015f\u00e7isi i\u015f\u0259 getm\u0259yib. O.M\u0259mm\u0259dli \u00f6z\u00fcn\u00fc ofisd\u0259 as\u0131b.<\/p>\n<p>Qeyd ed\u0259k, m\u0259rhum Orxan M\u0259mm\u0259dli Su \u0130stehlak\u00e7\u0131lar\u0131 Birliyinin s\u0259dri D\u00f6vl\u0259txan M\u0259mm\u0259dovun o\u011fludur. M\u0259rhumun iki azya\u015fl\u0131 \u00f6vlad\u0131 var.&#13;<br \/>\n        &#13;<br \/>\n&#13;<br \/>\n        &#13;<br \/>\n&#13;\n        <\/p>\n<p><noscript><\/p>\n<p>You must enable Javascript on your browser for the site to work optimally and display sections completely.<\/p>\n<p><\/noscript>\t\t&#13;<br \/>\n\t\t&#13;\n    <\/div>\n<p><script type=\"text\/javascript\">jQuery(document).ready(function () {\n(function(d, s, id) {\n    var js, fjs = d.getElementsByTagName(s)[0];\n    if (d.getElementById(id))\n        return;\n    js = d.createElement(s);\n    js.id = id;\n    js.src = \"\/\/connect.facebook.net\/az_AZ\/all.js#xfbml=1&appId=1002485763137712\";\n    fjs.parentNode.insertBefore(js, fjs);\n}(document, 'script', 'facebook-jssdk'));                \n});<\/script><\/p>\n","protected":false},"excerpt":{"rendered":"<p>&#13; &#13; Tan\u0131nm\u0131\u015f jurnalist T\u00fcrkan M\u0259mm\u0259dlinin h\u0259yat yolda\u015f\u0131, i\u015f adam\u0131 Orxan M\u0259mm\u0259dlinin intihar\u0131 il\u0259 ba\u011fl\u0131 b\u0259zi m\u0259qamlar b\u0259lli olub. Millinews.az Millinews.az-a istinad\u0259n x\u0259b\u0259r verir ki, Orxan M\u0259mm\u0259dlinin borc s\u0259b\u0259bind\u0259n intihar etdiyi iddia olunur. Bel\u0259 ki, o, intihar etm\u0259mi\u015fd\u0259n \u00f6nc\u0259 m\u0259ktub yaz\u0131b. M\u0259ktubda kim\u0259 n\u0259 q\u0259d\u0259r borcu oldu\u011funu qeyd edib. &#13; &#8220;Haqq\u0131n\u0131z\u0131 halal edin, m\u0259n bu &hellip;<\/p>\n","protected":false},"author":1,"featured_media":2522,"comment_status":"open","ping_status":"closed","sticky":false,"template":"","format":"standard","meta":{"footnotes":""},"categories":[9],"tags":[],"class_list":["post-2521","post","type-post","status-publish","format-standard","has-post-thumbnail","hentry","category-xeber"],"_links":{"self":[{"href":"https:\/\/millitv.net\/index.php?rest_route=\/wp\/v2\/posts\/2521","targetHints":{"allow":["GET"]}}],"collection":[{"href":"https:\/\/millitv.net\/index.php?rest_route=\/wp\/v2\/posts"}],"about":[{"href":"https:\/\/millitv.net\/index.php?rest_route=\/wp\/v2\/types\/post"}],"author":[{"embeddable":true,"href":"https:\/\/millitv.net\/index.php?rest_route=\/wp\/v2\/users\/1"}],"replies":[{"embeddable":true,"href":"https:\/\/millitv.net\/index.php?rest_route=%2Fwp%2Fv2%2Fcomments&post=2521"}],"version-history":[{"count":0,"href":"https:\/\/millitv.net\/index.php?rest_route=\/wp\/v2\/posts\/2521\/revisions"}],"wp:featuredmedia":[{"embeddable":true,"href":"https:\/\/millitv.net\/index.php?rest_route=\/wp\/v2\/media\/2522"}],"wp:attachment":[{"href":"https:\/\/millitv.net\/index.php?rest_route=%2Fwp%2Fv2%2Fmedia&parent=2521"}],"wp:term":[{"taxonomy":"category","embeddable":true,"href":"https:\/\/millitv.net\/index.php?rest_route=%2Fwp%2Fv2%2Fcategories&post=2521"},{"taxonomy":"post_tag","embeddable":true,"href":"https:\/\/millitv.net\/index.php?rest_route=%2Fwp%2Fv2%2Ftags&post=2521"}],"curies":[{"name":"wp","href":"https:\/\/api.w.org\/{rel}","templated":true}]}}