{"id":2515,"date":"2023-10-17T07:29:37","date_gmt":"2023-10-17T07:29:37","guid":{"rendered":"https:\/\/millinews.az\/xeber\/abs-israil-sahill%C9%99rin%C9%99-iki-min-d%C9%99niz-piyadasi-gond%C9%99rir\/"},"modified":"2023-10-17T07:29:37","modified_gmt":"2023-10-17T07:29:37","slug":"abs-israil-sahill%C9%99rin%C9%99-iki-min-d%C9%99niz-piyadasi-gond%C9%99rir","status":"publish","type":"post","link":"https:\/\/millitv.net\/?p=2515","title":{"rendered":"AB\u015e \u0130srail sahill\u0259rin\u0259 iki min d\u0259niz piyadas\u0131 g\u00f6nd\u0259rir"},"content":{"rendered":"<p><img decoding=\"async\" src=\"https:\/\/cdn.oxu.az\/uploads\/W1siZiIsIjIwMjMvMTAvMTcvMTAvNDAvMTEvZmY2ZGE4ODYtMzc5MS00NzY5LTg2NTYtODAwODkxZDM2NjUyLzQuanBnIl0sWyJwIiwiZW5jb2RlIiwianBnIiwiLXF1YWxpdHkgODAiXSxbInAiLCJ0aHVtYiIsIjYyMHg0NjVcdTAwM2UiXV0?sha=dbea3489bb5cbb03\" alt=\"\" title=\"\"><\/p>\n<div><a class=\"subs-in-social subs-whatsapp\" href=\"https:\/\/whatsapp.com\/channel\/0029VaAakbx89ingOoeiTp40\" target=\"_blank\" rel=\"noopener\"><\/p>\n<p>Bizim WhatsApp kanal\u0131m\u0131za buradan abun\u0259 ola bil\u0259rsiniz<\/p>\n<p><\/a><\/p>\n<p>AB\u015e \u0130srail sahill\u0259rin\u0259 d\u0259niz piyadalar\u0131ndan ibar\u0259t \u00e7evik reaksiya komandalar\u0131n\u0131 g\u00f6nd\u0259rir.<\/p>\n<p>Bu bar\u0259d\u0259 CNN Pentaqondak\u0131 m\u0259nb\u0259y\u0259 istinad\u0259n\u00a0x\u0259b\u0259r verib.<\/p>\n<p>\u201cD\u0259niz piyadalar\u0131n\u0131n \u00c7evik Reaksiya Q\u00fcvv\u0259l\u0259ri \u0130srail sahill\u0259rin\u0259 do\u011fru gedir. \u0130ki min d\u0259niz piyadas\u0131 v\u0259 d\u0259niz\u00e7i \u0130srail\u0259 topla\u015fan h\u0259rbi-d\u0259niz q\u00fcvv\u0259l\u0259rin\u0259 qo\u015fulacaq\u201d, &#8211; dey\u0259 m\u0259nb\u0259d\u0259n bildirilib.<\/p>\n<p>Bundan \u0259vv\u0259l mediada x\u0259b\u0259r verilib ki, AB\u015e h\u00f6kum\u0259ti regional m\u00fcnaqi\u015f\u0259nin daha da b\u00f6y\u00fcm\u0259sinin qar\u015f\u0131s\u0131n\u0131 almaq \u00fc\u00e7\u00fcn Yax\u0131n \u015e\u0259rqd\u0259ki q\u00fcvv\u0259l\u0259rini iki d\u0259f\u0259 art\u0131r\u0131r.<\/p>\n<p>H\u0259m\u00e7inin \u201cAir Force Times\u201d Pentaqondak\u0131 m\u0259nb\u0259y\u0259 istinad\u0259n x\u0259b\u0259r verib ki, Birl\u0259\u015fmi\u015f \u015etatlar eskalasiyan\u0131n qar\u015f\u0131s\u0131n\u0131 almaq, \u0130ran v\u0259 radikal regional qrupla\u015fmalar\u0131n H\u018fMAS-la\u00a0\u0130srail aras\u0131nda m\u00fcnaqi\u015f\u0259y\u0259 m\u00fcdaxil\u0259sind\u0259n \u00e7\u0259kindirm\u0259k \u00fc\u00e7\u00fcn Yax\u0131n \u015e\u0259rq\u0259 h\u0259rbi t\u0259yyar\u0259l\u0259r g\u00f6nd\u0259rib.<\/p>\n<p>Xat\u0131rladaq ki, oktyabr\u0131n 11-d\u0259 AB\u015e \u0130srail sahill\u0259rin\u0259 daha bir aviada\u015f\u0131y\u0131c\u0131 yerl\u0259\u015fdirm\u0259k q\u0259rar\u0131n\u0131 elan edib. A\u011f Evin Milli T\u0259hl\u00fck\u0259sizlik \u015euras\u0131n\u0131n strateji kommunikasiyalar \u00fczr\u0259 koordinatoru Con Kirbinin s\u00f6zl\u0259rin\u0259 g\u00f6r\u0259, ikinci aviada\u015f\u0131y\u0131c\u0131 il\u0259 ba\u011fl\u0131 q\u0259rar h\u0259l\u0259 q\u0259bul edilm\u0259yib, lakin g\u0259mi ilk aviada\u015f\u0131y\u0131c\u0131 <a href=\"https:\/\/oxu.az\/world\/788656\" target=\"_blank\" rel=\"noopener\"><strong>\u201cUSS Gerald R. Ford\u201dun<\/strong><\/a> oldu\u011fu istiqam\u0259td\u0259 h\u0259r\u0259k\u0259t edir.<\/p>\n<p>M\u0259nb\u0259: Gazeta.ru<\/p>\n<\/div>\n","protected":false},"excerpt":{"rendered":"<p>Bizim WhatsApp kanal\u0131m\u0131za buradan abun\u0259 ola bil\u0259rsiniz AB\u015e \u0130srail sahill\u0259rin\u0259 d\u0259niz piyadalar\u0131ndan ibar\u0259t \u00e7evik reaksiya komandalar\u0131n\u0131 g\u00f6nd\u0259rir. Bu bar\u0259d\u0259 CNN Pentaqondak\u0131 m\u0259nb\u0259y\u0259 istinad\u0259n\u00a0x\u0259b\u0259r verib. \u201cD\u0259niz piyadalar\u0131n\u0131n \u00c7evik Reaksiya Q\u00fcvv\u0259l\u0259ri \u0130srail sahill\u0259rin\u0259 do\u011fru gedir. \u0130ki min d\u0259niz piyadas\u0131 v\u0259 d\u0259niz\u00e7i \u0130srail\u0259 topla\u015fan h\u0259rbi-d\u0259niz q\u00fcvv\u0259l\u0259rin\u0259 qo\u015fulacaq\u201d, &#8211; dey\u0259 m\u0259nb\u0259d\u0259n bildirilib. Bundan \u0259vv\u0259l mediada x\u0259b\u0259r verilib ki, AB\u015e &hellip;<\/p>\n","protected":false},"author":1,"featured_media":2516,"comment_status":"open","ping_status":"closed","sticky":false,"template":"","format":"standard","meta":{"footnotes":""},"categories":[9],"tags":[],"class_list":["post-2515","post","type-post","status-publish","format-standard","has-post-thumbnail","hentry","category-xeber"],"_links":{"self":[{"href":"https:\/\/millitv.net\/index.php?rest_route=\/wp\/v2\/posts\/2515","targetHints":{"allow":["GET"]}}],"collection":[{"href":"https:\/\/millitv.net\/index.php?rest_route=\/wp\/v2\/posts"}],"about":[{"href":"https:\/\/millitv.net\/index.php?rest_route=\/wp\/v2\/types\/post"}],"author":[{"embeddable":true,"href":"https:\/\/millitv.net\/index.php?rest_route=\/wp\/v2\/users\/1"}],"replies":[{"embeddable":true,"href":"https:\/\/millitv.net\/index.php?rest_route=%2Fwp%2Fv2%2Fcomments&post=2515"}],"version-history":[{"count":0,"href":"https:\/\/millitv.net\/index.php?rest_route=\/wp\/v2\/posts\/2515\/revisions"}],"wp:featuredmedia":[{"embeddable":true,"href":"https:\/\/millitv.net\/index.php?rest_route=\/wp\/v2\/media\/2516"}],"wp:attachment":[{"href":"https:\/\/millitv.net\/index.php?rest_route=%2Fwp%2Fv2%2Fmedia&parent=2515"}],"wp:term":[{"taxonomy":"category","embeddable":true,"href":"https:\/\/millitv.net\/index.php?rest_route=%2Fwp%2Fv2%2Fcategories&post=2515"},{"taxonomy":"post_tag","embeddable":true,"href":"https:\/\/millitv.net\/index.php?rest_route=%2Fwp%2Fv2%2Ftags&post=2515"}],"curies":[{"name":"wp","href":"https:\/\/api.w.org\/{rel}","templated":true}]}}