{"id":2466,"date":"2023-10-17T03:32:00","date_gmt":"2023-10-17T03:32:00","guid":{"rendered":"https:\/\/millinews.az\/xeber\/fransada-dig%C9%99r-olk%C9%99l%C9%99rd%C9%99n-olan-m%C9%99murlar-irqci-zorakiliqla-uzl%C9%99sirl%C9%99r\/"},"modified":"2023-10-17T03:32:00","modified_gmt":"2023-10-17T03:32:00","slug":"fransada-dig%C9%99r-olk%C9%99l%C9%99rd%C9%99n-olan-m%C9%99murlar-irqci-zorakiliqla-uzl%C9%99sirl%C9%99r","status":"publish","type":"post","link":"https:\/\/millitv.net\/?p=2466","title":{"rendered":"Fransada dig\u0259r \u00f6lk\u0259l\u0259rd\u0259n olan m\u0259murlar irq\u00e7i zorak\u0131l\u0131qla \u00fczl\u0259\u015firl\u0259r"},"content":{"rendered":"<p><img decoding=\"async\" src=\"https:\/\/cdn.oxu.az\/uploads\/W1siZiIsIjIwMjMvMTAvMTYvMTkvMDUvMzUvMzgzNTZlZTQtNzNlYi00N2I1LWIyZGQtMWM5NGI5NjY1MmY4LzM4NzUwMjM0MF83MDAwMjYzNzg2NjMzNDlfODcyNTkzNTc5NDkwNTkyNjgxMV9uLmpwZyJdLFsicCIsImVuY29kZSIsImpwZyIsIi1xdWFsaXR5IDgwIl0sWyJwIiwidGh1bWIiLCI2MjB4NDY1XHUwMDNlIl1d?sha=a540962760607455\" alt=\"\" title=\"\"><\/p>\n<div><a class=\"subs-in-social subs-whatsapp\" href=\"https:\/\/whatsapp.com\/channel\/0029VaAakbx89ingOoeiTp40\" target=\"_blank\" rel=\"noopener\"><\/p>\n<p>Bizim WhatsApp kanal\u0131m\u0131za buradan abun\u0259 ola bil\u0259rsiniz<\/p>\n<p><\/a><\/p>\n<p>Fransada yerl\u0259\u015f\u0259n Afrika Mundus beyin m\u0259rk\u0259zinin r\u0259hb\u0259ri, Fransan\u0131n \u201cThesee\u201d kommunas\u0131n\u0131n b\u0259l\u0259diyy\u0259 \u00fczv\u00fc Emmanuel Arqo h\u0259mkarlar\u0131n\u0131n irq\u00e7i h\u00fccumlar\u0131na m\u0259ruz qal\u0131r v\u0259 \u00f6l\u00fcml\u0259 h\u0259d\u0259l\u0259nir.<\/p>\n<p>\u201cReport\u201d x\u0259b\u0259r verir ki, m\u00fcst\u0259ml\u0259k\u0259d\u0259n \u0259ziyy\u0259t \u00e7\u0259k\u0259n insanlara t\u0259zminat\u0131n \u00f6d\u0259nilm\u0259si m\u0259s\u0259l\u0259sini qabardaraq, bu bar\u0259d\u0259 Bak\u0131da dan\u0131\u015fd\u0131\u011f\u0131n\u0131 qeyd ed\u0259n E.Arqo irq\u00e7i h\u00fccumlarla ba\u011fl\u0131 Fransa Prezidenti Emmanuel Makrona a\u00e7\u0131q m\u0259ktub \u00fcnvanlay\u0131b.<\/p>\n<p>Xat\u0131rladaq ki, E.Arqo bu ilin iyul ay\u0131nda Bak\u0131 T\u0259\u015f\u0259bb\u00fcs Qrupunun yarad\u0131lmas\u0131na h\u0259sr edilmi\u015f t\u0259dbird\u0259 i\u015ftirak edib.<\/p>\n<p>M\u00fcraci\u0259t\u0259 17 v\u0259t\u0259nda\u015f c\u0259miyy\u0259ti v\u0259 afrikal\u0131lar\u0131n haqlar\u0131n\u0131n qorunmas\u0131 sah\u0259sind\u0259 i\u015f aparan \u015f\u0259xsl\u0259r d\u0259 qo\u015fulub.<\/p>\n<p>M\u0259ktubda bildirilib ki, Fransada Afrikadan v\u0259 b\u0259zi \u00f6lk\u0259l\u0259rd\u0259n olan m\u0259murlar h\u0259mkarlar\u0131 t\u0259r\u0259find\u0259n diskriminasiya v\u0259 irq\u00e7i zorak\u0131l\u0131\u011fa m\u0259ruz qal\u0131rlar.<\/p>\n<p>E.Argo g\u00f6rd\u00fcy\u00fc m\u00fcnasib\u0259tin Fransan\u0131n m\u00fcst\u0259ml\u0259k\u0259\u00e7ilik ke\u00e7mi\u015find\u0259n qalm\u0131\u015f ikili standartlar\u0131n bir par\u00e7as\u0131 oldu\u011funu vur\u011fulay\u0131b. O qeyd edib ki, Fransa dig\u0259r \u00f6lk\u0259l\u0259r\u0259 demokratiya d\u0259rsi verir, ancaq \u00f6z\u00fc h\u0259min d\u0259rsl\u0259ri yax\u015f\u0131 \u00f6yr\u0259nm\u0259yib.<\/p>\n<p>M\u00fcraci\u0259t\u0259 qo\u015fulan t\u0259\u015fkilatlar v\u0259 \u015f\u0259xsl\u0259r bunlard\u0131r:<\/p>\n<p>1. Beyn\u0259lxalq T\u0259zminat H\u0259r\u0259kat\u0131 (Martinika)<\/p>\n<p>2. Beyn\u0259lxalq T\u0259zminat Komit\u0259si (Martinika)<\/p>\n<p>3. Frans\u0131zlar\u0131n Xaricd\u0259ki N\u00fcmay\u0259nd\u0259lik \u015euras\u0131<\/p>\n<p>4. Qara Xalqlar\u0131n Beyn\u0259lxalq Komit\u0259si<\/p>\n<p>5. Avropa Haiti Diaspora Sammiti Komit\u0259si<\/p>\n<p>6. Yeni \u0130nsanl\u0131q H\u0259r\u0259kat\u0131<\/p>\n<p>7. Haitid\u0259 v\u0259 Xaricd\u0259 Ya\u015fayan Haitilil\u0259rin Birl\u0259\u015fmi\u015f H\u0259r\u0259kat\u0131<\/p>\n<p>8. Deportasiya edilmi\u015f Afrikal\u0131lar\u0131n Q\u0131zlar\u0131 v\u0259 O\u011fullar\u0131 Kollektivi<\/p>\n<p>9. Afrika Mundus \u015f\u0259b\u0259k\u0259sinin dekan\u0131 v\u0259 Marcus Garvey Fondunun s\u0259dri Dr. Julius Garvey<\/p>\n<p>10. Afrika Diasporunun Ba\u015f Naziri Dr. Luis-Georges Tin<\/p>\n<p>11. Sylvie Cond\u00e9 Afro-n\u0259sli v\u0259 N\u00e9groEvolution-\u0131n d\u0259st\u0259yi<\/p>\n<p>12. Makona t\u0259\u015fkilat\u0131n\u0131n Qvineya, Liberiya, Sierra Leone \u00fczr\u0259 Afrika Mundus \u015e\u0259b\u0259k\u0259sinin n\u00fcmay\u0259nd\u0259si v\u0259 regional ba\u015f katibi Ensa-N&#8217;Dayma<\/p>\n<p>13. Afrika Mundus \u015f\u0259b\u0259k\u0259sinin Namibiya v\u0259 Botsvana \u00fczr\u0259 n\u00fcmay\u0259nd\u0259si Vikki Hendrik<\/p>\n<p>14. Afrika Mundus Diaspora \u015e\u0259b\u0259k\u0259sinin B\u00f6y\u00fck Britaniya \u00fczr\u0259 n\u00fcmay\u0259nd\u0259si Dr. Colins Imoh<\/p>\n<p>15. Afrika Mundus \u015f\u0259b\u0259k\u0259sinin m\u00fcnaqi\u015f\u0259l\u0259rin h\u0259lli \u00fczr\u0259 eksperti professor Elvis.<\/p>\n<p>16. Parlamentaril\u0259r<\/p>\n<p>17. H\u0259mr\u0259ylik v\u0259kill\u0259ri kollektivi<\/p>\n<p>18. Afrika Mundus \u015f\u0259b\u0259k\u0259sinin Yaponiyadak\u0131 n\u00fcmay\u0259nd\u0259si<\/p>\n<\/div>\n","protected":false},"excerpt":{"rendered":"<p>Bizim WhatsApp kanal\u0131m\u0131za buradan abun\u0259 ola bil\u0259rsiniz Fransada yerl\u0259\u015f\u0259n Afrika Mundus beyin m\u0259rk\u0259zinin r\u0259hb\u0259ri, Fransan\u0131n \u201cThesee\u201d kommunas\u0131n\u0131n b\u0259l\u0259diyy\u0259 \u00fczv\u00fc Emmanuel Arqo h\u0259mkarlar\u0131n\u0131n irq\u00e7i h\u00fccumlar\u0131na m\u0259ruz qal\u0131r v\u0259 \u00f6l\u00fcml\u0259 h\u0259d\u0259l\u0259nir. \u201cReport\u201d x\u0259b\u0259r verir ki, m\u00fcst\u0259ml\u0259k\u0259d\u0259n \u0259ziyy\u0259t \u00e7\u0259k\u0259n insanlara t\u0259zminat\u0131n \u00f6d\u0259nilm\u0259si m\u0259s\u0259l\u0259sini qabardaraq, bu bar\u0259d\u0259 Bak\u0131da dan\u0131\u015fd\u0131\u011f\u0131n\u0131 qeyd ed\u0259n E.Arqo irq\u00e7i h\u00fccumlarla ba\u011fl\u0131 Fransa Prezidenti Emmanuel Makrona &hellip;<\/p>\n","protected":false},"author":1,"featured_media":2467,"comment_status":"open","ping_status":"closed","sticky":false,"template":"","format":"standard","meta":{"footnotes":""},"categories":[9],"tags":[],"class_list":["post-2466","post","type-post","status-publish","format-standard","has-post-thumbnail","hentry","category-xeber"],"_links":{"self":[{"href":"https:\/\/millitv.net\/index.php?rest_route=\/wp\/v2\/posts\/2466","targetHints":{"allow":["GET"]}}],"collection":[{"href":"https:\/\/millitv.net\/index.php?rest_route=\/wp\/v2\/posts"}],"about":[{"href":"https:\/\/millitv.net\/index.php?rest_route=\/wp\/v2\/types\/post"}],"author":[{"embeddable":true,"href":"https:\/\/millitv.net\/index.php?rest_route=\/wp\/v2\/users\/1"}],"replies":[{"embeddable":true,"href":"https:\/\/millitv.net\/index.php?rest_route=%2Fwp%2Fv2%2Fcomments&post=2466"}],"version-history":[{"count":0,"href":"https:\/\/millitv.net\/index.php?rest_route=\/wp\/v2\/posts\/2466\/revisions"}],"wp:featuredmedia":[{"embeddable":true,"href":"https:\/\/millitv.net\/index.php?rest_route=\/wp\/v2\/media\/2467"}],"wp:attachment":[{"href":"https:\/\/millitv.net\/index.php?rest_route=%2Fwp%2Fv2%2Fmedia&parent=2466"}],"wp:term":[{"taxonomy":"category","embeddable":true,"href":"https:\/\/millitv.net\/index.php?rest_route=%2Fwp%2Fv2%2Fcategories&post=2466"},{"taxonomy":"post_tag","embeddable":true,"href":"https:\/\/millitv.net\/index.php?rest_route=%2Fwp%2Fv2%2Ftags&post=2466"}],"curies":[{"name":"wp","href":"https:\/\/api.w.org\/{rel}","templated":true}]}}