{"id":2428,"date":"2023-10-16T21:52:45","date_gmt":"2023-10-16T21:52:45","guid":{"rendered":"https:\/\/millinews.az\/xeber\/oxu-az-belcikanin-bas-naziri-isvecli-azarkesl%C9%99rin-oldurulm%C9%99si-il%C9%99-bagli-bassagligi-verib\/"},"modified":"2023-10-16T21:52:45","modified_gmt":"2023-10-16T21:52:45","slug":"oxu-az-belcikanin-bas-naziri-isvecli-azarkesl%C9%99rin-oldurulm%C9%99si-il%C9%99-bagli-bassagligi-verib","status":"publish","type":"post","link":"https:\/\/millitv.net\/?p=2428","title":{"rendered":"Millinews.az &#8211; Bel\u00e7ikan\u0131n Ba\u015f naziri isve\u00e7li azarke\u015fl\u0259rin \u00f6ld\u00fcr\u00fclm\u0259si il\u0259 ba\u011fl\u0131 ba\u015fsa\u011fl\u0131\u011f\u0131 verib"},"content":{"rendered":"<p><img decoding=\"async\" src=\"https:\/\/cdn.oxu.az\/uploads\/W1siZiIsIjIwMjMvMTAvMTcvMDEvMzYvMzkvNjhhYTM0YTctYWQ2MS00NTgzLWJlYTktYjUwMjgzZjE4Yzg1L2U5ZTY1MjIzLTMzZDktM2JkYS1iNTVkLTRlYTU4NDdkMmUwYl84NTAuanBnIl0sWyJwIiwiZW5jb2RlIiwianBnIiwiLXF1YWxpdHkgODAiXSxbInAiLCJ0aHVtYiIsIjYyMHg0NjVcdTAwM2UiXV0?sha=b0804afb42ab3b2b\" alt=\"\" title=\"\"><\/p>\n<div><a class=\"subs-in-social subs-whatsapp\" href=\"https:\/\/whatsapp.com\/channel\/0029VaAakbx89ingOoeiTp40\" target=\"_blank\" rel=\"noopener\"><\/p>\n<p>Bizim WhatsApp kanal\u0131m\u0131za buradan abun\u0259 ola bil\u0259rsiniz<\/p>\n<p><\/a><\/p>\n<p>Bel\u00e7ikan\u0131n Ba\u015f naziri Aleksander de Kro AVRO-2024-\u00fcn se\u00e7m\u0259 m\u0259rh\u0259l\u0259si \u00e7\u0259r\u00e7iv\u0259sind\u0259 Bel\u00e7ika millisi il\u0259 oyundan (1:1) \u0259vv\u0259l \u0130sve\u00e7 millisinin iki azarke\u015finin q\u0259tl\u0259 yetirilm\u0259si il\u0259 ba\u011fl\u0131 h\u0259min \u00f6lk\u0259d\u0259n olan h\u0259mkar\u0131 Ulf Kristerssen\u0259 ba\u015fsa\u011fl\u0131\u011f\u0131 verib.<\/p>\n<p><strong>Oxu.Az<\/strong> x\u0259b\u0259r verir ki, Aleksander de Kro bununla ba\u011fl\u0131 \u201cX\u201d sosial \u015f\u0259b\u0259k\u0259sind\u0259ki\u00a0hesab\u0131nda payla\u015f\u0131m edib.<\/p>\n<p>\u201c\u0130ndic\u0259 \u0130sve\u00e7in Ba\u015f nazirin\u0259 Br\u00fcsseld\u0259 bu \u00f6lk\u0259nin v\u0259t\u0259nda\u015flar\u0131na edil\u0259n d\u0259h\u015f\u0259tli h\u00fccumla ba\u011fl\u0131 s\u0259mimi ba\u015fsa\u011fl\u0131\u011f\u0131m\u0131 \u00e7atd\u0131rd\u0131m. Dualar\u0131m\u0131z yax\u0131nlar\u0131n\u0131 itir\u0259nl\u0259rin ail\u0259l\u0259r v\u0259 onlar\u0131n dostlar\u0131 il\u0259dir. Yax\u0131n t\u0259r\u0259fda\u015flar olaraq terrora qar\u015f\u0131 birlikd\u0259 m\u00fcbariz\u0259 apar\u0131r\u0131q\u201d, &#8211; De Kro sosial \u015f\u0259b\u0259k\u0259d\u0259ki hesab\u0131nda yaz\u0131b.<\/p>\n<p>Xat\u0131rladaq ki, Br\u00fcsseld\u0259 \u201cSlayem Slouma\u201d t\u0259x\u0259ll\u00fcs\u00fc il\u0259 \u015f\u0259xs \u0130sve\u00e7 millisinin iki azarke\u015fini g\u00fcll\u0259l\u0259yib. Hadis\u0259 il\u0259 \u0259laq\u0259dar \u015f\u0259h\u0259rd\u0259 d\u00f6rd\u00fcnc\u00fc, \u0259n y\u00fcks\u0259k t\u0259hl\u00fck\u0259 s\u0259viyy\u0259si t\u0259tbiq edilib.<\/p>\n<p>G\u00f6r\u00fc\u015f\u00fcn ilk hiss\u0259si 1:1 hesab\u0131 il\u0259 ba\u015fa \u00e7at\u0131b. H\u0259r iki y\u0131\u011fman\u0131n oyun\u00e7ular\u0131 hadis\u0259 s\u0259b\u0259bind\u0259n meydana \u00e7\u0131xmama\u011fa q\u0259rar veribl\u0259r.<\/p>\n<div>\n<blockquote class=\"twitter-tweet\">\n<p dir=\"ltr\" lang=\"en\">I have just offered my sincere condolences to <a href=\"https:\/\/twitter.com\/SwedishPM?ref_src=twsrc%5Etfw\" target=\"_blank\" rel=\"noopener\">@SwedishPM<\/a> following tonight\u2019s harrowing attack on Swedish citizens in Brussels.<\/p>\n<p>Our thoughts are with the families and friends who lost their loved ones.<\/p>\n<p>As close partners the fight against terrorism is a joint one.<\/p>\n<p>\u2014 Alexander De Croo \ud83c\udde7\ud83c\uddea\ud83c\uddea\ud83c\uddfa (@alexanderdecroo) <a href=\"https:\/\/twitter.com\/alexanderdecroo\/status\/1714005662601036198?ref_src=twsrc%5Etfw\" target=\"_blank\" rel=\"noopener\">October 16, 2023<\/a>\n<\/p><\/blockquote>\n<\/div>\n<p>\u00a0<\/p>\n<\/div>\n<p><script async src=\"\/\/platform.twitter.com\/widgets.js\" charset=\"utf-8\"><\/script><\/p>\n","protected":false},"excerpt":{"rendered":"<p>Bizim WhatsApp kanal\u0131m\u0131za buradan abun\u0259 ola bil\u0259rsiniz Bel\u00e7ikan\u0131n Ba\u015f naziri Aleksander de Kro AVRO-2024-\u00fcn se\u00e7m\u0259 m\u0259rh\u0259l\u0259si \u00e7\u0259r\u00e7iv\u0259sind\u0259 Bel\u00e7ika millisi il\u0259 oyundan (1:1) \u0259vv\u0259l \u0130sve\u00e7 millisinin iki azarke\u015finin q\u0259tl\u0259 yetirilm\u0259si il\u0259 ba\u011fl\u0131 h\u0259min \u00f6lk\u0259d\u0259n olan h\u0259mkar\u0131 Ulf Kristerssen\u0259 ba\u015fsa\u011fl\u0131\u011f\u0131 verib. Oxu.Az x\u0259b\u0259r verir ki, Aleksander de Kro bununla ba\u011fl\u0131 \u201cX\u201d sosial \u015f\u0259b\u0259k\u0259sind\u0259ki\u00a0hesab\u0131nda payla\u015f\u0131m edib. \u201c\u0130ndic\u0259 \u0130sve\u00e7in &hellip;<\/p>\n","protected":false},"author":1,"featured_media":2429,"comment_status":"open","ping_status":"closed","sticky":false,"template":"","format":"standard","meta":{"footnotes":""},"categories":[9],"tags":[],"class_list":["post-2428","post","type-post","status-publish","format-standard","has-post-thumbnail","hentry","category-xeber"],"_links":{"self":[{"href":"https:\/\/millitv.net\/index.php?rest_route=\/wp\/v2\/posts\/2428","targetHints":{"allow":["GET"]}}],"collection":[{"href":"https:\/\/millitv.net\/index.php?rest_route=\/wp\/v2\/posts"}],"about":[{"href":"https:\/\/millitv.net\/index.php?rest_route=\/wp\/v2\/types\/post"}],"author":[{"embeddable":true,"href":"https:\/\/millitv.net\/index.php?rest_route=\/wp\/v2\/users\/1"}],"replies":[{"embeddable":true,"href":"https:\/\/millitv.net\/index.php?rest_route=%2Fwp%2Fv2%2Fcomments&post=2428"}],"version-history":[{"count":0,"href":"https:\/\/millitv.net\/index.php?rest_route=\/wp\/v2\/posts\/2428\/revisions"}],"wp:featuredmedia":[{"embeddable":true,"href":"https:\/\/millitv.net\/index.php?rest_route=\/wp\/v2\/media\/2429"}],"wp:attachment":[{"href":"https:\/\/millitv.net\/index.php?rest_route=%2Fwp%2Fv2%2Fmedia&parent=2428"}],"wp:term":[{"taxonomy":"category","embeddable":true,"href":"https:\/\/millitv.net\/index.php?rest_route=%2Fwp%2Fv2%2Fcategories&post=2428"},{"taxonomy":"post_tag","embeddable":true,"href":"https:\/\/millitv.net\/index.php?rest_route=%2Fwp%2Fv2%2Ftags&post=2428"}],"curies":[{"name":"wp","href":"https:\/\/api.w.org\/{rel}","templated":true}]}}