{"id":2426,"date":"2023-10-16T21:39:33","date_gmt":"2023-10-16T21:39:33","guid":{"rendered":"https:\/\/millinews.az\/xeber\/fransada-mu%C9%99llimin-oldurulduyu-liseyd%C9%99-sagirdl%C9%99r-bomba-t%C9%99hluk%C9%99si-yarandiqdan-sonra-t%C9%99xliy%C9%99-edilibl%C9%99r\/"},"modified":"2023-10-16T21:39:33","modified_gmt":"2023-10-16T21:39:33","slug":"fransada-mu%C9%99llimin-oldurulduyu-liseyd%C9%99-sagirdl%C9%99r-bomba-t%C9%99hluk%C9%99si-yarandiqdan-sonra-t%C9%99xliy%C9%99-edilibl%C9%99r","status":"publish","type":"post","link":"https:\/\/millitv.net\/?p=2426","title":{"rendered":"Fransada m\u00fc\u0259llimin \u00f6ld\u00fcr\u00fcld\u00fcy\u00fc liseyd\u0259 \u015fagirdl\u0259r bomba t\u0259hl\u00fck\u0259si yarand\u0131qdan sonra t\u0259xliy\u0259 edilibl\u0259r"},"content":{"rendered":"<p><img decoding=\"async\" src=\"https:\/\/cdn.oxu.az\/uploads\/W1siZiIsIjIwMjMvMTAvMTYvMTQvMzIvNDUvZDhkYzQ3NGYtNmJjMC00M2U5LWJhNDktYTM4NDMwYzYyODdlLzM4NzQ5NTU4NF84MzQ3ODU1MDgzMDgyNzVfNDc4NDM0Mzc3MzIwNzMwMTE4M19uLmpwZyJdLFsicCIsImVuY29kZSIsImpwZyIsIi1xdWFsaXR5IDgwIl0sWyJwIiwidGh1bWIiLCI2MjB4NDY1XHUwMDNlIl1d?sha=86934fea63c7031b\" alt=\"\" title=\"\"><\/p>\n<div><a class=\"subs-in-social subs-whatsapp\" href=\"https:\/\/whatsapp.com\/channel\/0029VaAakbx89ingOoeiTp40\" target=\"_blank\" rel=\"noopener\"><\/p>\n<p>Bizim WhatsApp kanal\u0131m\u0131za buradan abun\u0259 ola bil\u0259rsiniz<\/p>\n<p><\/a><\/p>\n<p>\u00d6t\u0259n h\u0259ft\u0259 \u0259d\u0259biyyat m\u00fc\u0259lliminin \u00f6ld\u00fcr\u00fcld\u00fcy\u00fc Fransan\u0131n Arras \u015f\u0259h\u0259rind\u0259 yerl\u0259\u015f\u0259n liseyin b\u00fct\u00fcn \u015fagird v\u0259 m\u00fc\u0259lliml\u0259ri bomba t\u0259hl\u00fck\u0259si s\u0259b\u0259bind\u0259n d\u0259rsl\u0259r ba\u015flayandan d\u0259rhal sonra t\u0259xliy\u0259 edilibl\u0259r.<\/p>\n<p>\u0130lkin m\u0259lumatlara g\u00f6r\u0259, t\u0259xliy\u0259 t\u0259hsil m\u00fc\u0259ssis\u0259sin\u0259 bomba qoyulmas\u0131 bar\u0259d\u0259 anonim x\u0259b\u0259rd\u0259n sonra h\u0259yata ke\u00e7irilib. Haz\u0131rda lisey m\u00fchasir\u0259y\u0259 al\u0131n\u0131b, hadis\u0259 yerin\u0259 istehkam\u00e7\u0131lar c\u0259lb olunublar.<\/p>\n<p>Fransada indi \u201cterror h\u0259d\u0259si\u201d t\u0259hl\u00fck\u0259sizlik s\u0259viyy\u0259si t\u0259tbiq edilib. Fransa Prezidenti Emmanuel Makronun \u0259mri il\u0259 respublikan\u0131n \u015f\u0259h\u0259rl\u0259rinin k\u00fc\u00e7\u0259l\u0259rind\u0259 asayi\u015fi qorumaq \u00fc\u00e7\u00fcn 7 min h\u0259rb\u00e7i yerl\u0259\u015fdiril\u0259c\u0259k ki, bu da h\u0259mi\u015f\u0259kind\u0259n iki d\u0259f\u0259 \u00e7oxdur. Bundan \u0259lav\u0259, t\u0259hsil naziri Qabriel Attal t\u0259hsil m\u00fc\u0259ssis\u0259l\u0259rinin \u0259razisind\u0259 t\u0259hl\u00fck\u0259sizlik t\u0259dbirl\u0259rinin g\u00fccl\u0259ndirildiyini a\u00e7\u0131qlay\u0131b v\u0259 insidentl\u0259rin qar\u015f\u0131s\u0131n\u0131n al\u0131nmas\u0131 v\u0259 t\u0259hl\u00fck\u0259sizliyin\u0259 cavabdeh olan min\u0259 yax\u0131n i\u015f\u00e7inin m\u0259kt\u0259bl\u0259r\u0259 g\u00f6nd\u0259ril\u0259c\u0259yini bildirib. B\u0259zi \u015f\u00f6b\u0259l\u0259rd\u0259 polis v\u0259 jandarm\u00a0\u0259m\u0259kda\u015flar\u0131 m\u0259kt\u0259bl\u0259rin yax\u0131nl\u0131\u011f\u0131nda n\u00f6vb\u0259t\u00e7i olacaqlar.<\/p>\n<p>Bel\u0259 t\u0259dbirl\u0259r \u00f6lk\u0259nin \u015fimal\u0131ndak\u0131 Arras \u015f\u0259h\u0259rind\u0259 m\u0259kt\u0259bd\u0259 \u0259d\u0259biyyat m\u00fc\u0259llimi Dominik Bernar\u0131n 20 ya\u015fl\u0131 inqu\u015f\u0259silli g\u0259nc t\u0259r\u0259find\u0259n t\u00f6r\u0259dilmi\u015f q\u0259tlind\u0259n sonra h\u0259yata ke\u00e7irilib. O, son vaxtlara q\u0259d\u0259r Daxili T\u0259hl\u00fck\u0259sizlik Ba\u015f \u0130dar\u0259sinin n\u0259zar\u0259tind\u0259 olub. B\u0131\u00e7aqla h\u00fccumdan sonra m\u0259kt\u0259bin m\u00fchafiz\u0259\u00e7isi d\u0259 a\u011f\u0131r v\u0259ziyy\u0259td\u0259 x\u0259st\u0259xanaya yerl\u0259\u015fdirilib, dig\u0259r m\u00fc\u0259llimin v\u0259ziyy\u0259ti is\u0259 orta a\u011f\u0131rd\u0131r. Bu g\u00fcn\u0259 q\u0259d\u0259r h\u00fccumla ba\u011fl\u0131 11 n\u0259f\u0259r saxlan\u0131l\u0131b.<\/p>\n<p>M\u0259nb\u0259: TASS<\/p>\n<\/div>\n","protected":false},"excerpt":{"rendered":"<p>Bizim WhatsApp kanal\u0131m\u0131za buradan abun\u0259 ola bil\u0259rsiniz \u00d6t\u0259n h\u0259ft\u0259 \u0259d\u0259biyyat m\u00fc\u0259lliminin \u00f6ld\u00fcr\u00fcld\u00fcy\u00fc Fransan\u0131n Arras \u015f\u0259h\u0259rind\u0259 yerl\u0259\u015f\u0259n liseyin b\u00fct\u00fcn \u015fagird v\u0259 m\u00fc\u0259lliml\u0259ri bomba t\u0259hl\u00fck\u0259si s\u0259b\u0259bind\u0259n d\u0259rsl\u0259r ba\u015flayandan d\u0259rhal sonra t\u0259xliy\u0259 edilibl\u0259r. \u0130lkin m\u0259lumatlara g\u00f6r\u0259, t\u0259xliy\u0259 t\u0259hsil m\u00fc\u0259ssis\u0259sin\u0259 bomba qoyulmas\u0131 bar\u0259d\u0259 anonim x\u0259b\u0259rd\u0259n sonra h\u0259yata ke\u00e7irilib. Haz\u0131rda lisey m\u00fchasir\u0259y\u0259 al\u0131n\u0131b, hadis\u0259 yerin\u0259 istehkam\u00e7\u0131lar c\u0259lb olunublar. Fransada indi &hellip;<\/p>\n","protected":false},"author":1,"featured_media":2427,"comment_status":"open","ping_status":"closed","sticky":false,"template":"","format":"standard","meta":{"footnotes":""},"categories":[9],"tags":[],"class_list":["post-2426","post","type-post","status-publish","format-standard","has-post-thumbnail","hentry","category-xeber"],"_links":{"self":[{"href":"https:\/\/millitv.net\/index.php?rest_route=\/wp\/v2\/posts\/2426","targetHints":{"allow":["GET"]}}],"collection":[{"href":"https:\/\/millitv.net\/index.php?rest_route=\/wp\/v2\/posts"}],"about":[{"href":"https:\/\/millitv.net\/index.php?rest_route=\/wp\/v2\/types\/post"}],"author":[{"embeddable":true,"href":"https:\/\/millitv.net\/index.php?rest_route=\/wp\/v2\/users\/1"}],"replies":[{"embeddable":true,"href":"https:\/\/millitv.net\/index.php?rest_route=%2Fwp%2Fv2%2Fcomments&post=2426"}],"version-history":[{"count":0,"href":"https:\/\/millitv.net\/index.php?rest_route=\/wp\/v2\/posts\/2426\/revisions"}],"wp:featuredmedia":[{"embeddable":true,"href":"https:\/\/millitv.net\/index.php?rest_route=\/wp\/v2\/media\/2427"}],"wp:attachment":[{"href":"https:\/\/millitv.net\/index.php?rest_route=%2Fwp%2Fv2%2Fmedia&parent=2426"}],"wp:term":[{"taxonomy":"category","embeddable":true,"href":"https:\/\/millitv.net\/index.php?rest_route=%2Fwp%2Fv2%2Fcategories&post=2426"},{"taxonomy":"post_tag","embeddable":true,"href":"https:\/\/millitv.net\/index.php?rest_route=%2Fwp%2Fv2%2Ftags&post=2426"}],"curies":[{"name":"wp","href":"https:\/\/api.w.org\/{rel}","templated":true}]}}