{"id":2366,"date":"2023-10-16T17:51:28","date_gmt":"2023-10-16T17:51:28","guid":{"rendered":"https:\/\/millinews.az\/xeber\/imran-xan-edam-oluna-bil%C9%99r\/"},"modified":"2023-10-16T17:51:28","modified_gmt":"2023-10-16T17:51:28","slug":"imran-xan-edam-oluna-bil%C9%99r","status":"publish","type":"post","link":"https:\/\/millitv.net\/?p=2366","title":{"rendered":"\u0130mran Xan edam oluna bil\u0259r"},"content":{"rendered":"<p><img decoding=\"async\" src=\"https:\/\/cdn.oxu.az\/uploads\/W1siZiIsIjIwMjMvMTAvMTYvMjAvMzgvNDQvZWNkMmQxNTUtNjI1MS00YTg2LWEwYzctYzNkMjFmOWRmMGM1L29yaWdpbmFsLmpwZyJdLFsicCIsImVuY29kZSIsImpwZyIsIi1xdWFsaXR5IDgwIl0sWyJwIiwidGh1bWIiLCI2MjB4NDY1XHUwMDNlIl1d?sha=e275f58c8d2c8a6e\" alt=\"\" title=\"\"><\/p>\n<div><a class=\"subs-in-social subs-whatsapp\" href=\"https:\/\/whatsapp.com\/channel\/0029VaAakbx89ingOoeiTp40\" target=\"_blank\" rel=\"noopener\"><\/p>\n<p>Bizim WhatsApp kanal\u0131m\u0131za buradan abun\u0259 ola bil\u0259rsiniz<\/p>\n<p><\/a><\/p>\n<p>Pakistan h\u00f6kum\u0259tinin ke\u00e7mi\u015f r\u0259hb\u0259ri, (\u018fdal\u0259t U\u011frunda H\u0259r\u0259kat m\u00fcxalif\u0259t partiyas\u0131n\u0131n s\u0259dri \u0130mran Xan\u0131n d\u00f6vl\u0259t sirl\u0259rini a\u00e7\u0131qlad\u0131\u011f\u0131 s\u00fcbut olunarsa, siyas\u0259t\u00e7i \u00f6m\u00fcrl\u00fck h\u0259bs v\u0259 ya \u00f6l\u00fcm c\u0259zas\u0131 il\u0259 \u00fczl\u0259\u015f\u0259 bil\u0259r.<\/p>\n<p>Bunu \u0130slamabad Ali M\u0259hk\u0259m\u0259sind\u0259 ke\u00e7iril\u0259n dinl\u0259m\u0259 zaman\u0131 x\u00fcsusi d\u00f6vl\u0259t ittiham\u00e7\u0131s\u0131 Raca Rizvan Abbasi deyib.<\/p>\n<p>\u201c\u0130mran Xan \u015fifrl\u0259nmi\u015f \u00e7ox m\u0259xfi m\u0259lumatlar\u0131 a\u00e7\u0131qlay\u0131b v\u0259 \u201cD\u00f6vl\u0259t sirl\u0259ri haqq\u0131nda\u201d qanunun 5-ci madd\u0259sin\u0259 \u0259sas\u0259n, o, 10 ild\u0259n \u00e7ox m\u00fcdd\u0259t\u0259 azadl\u0131qdan m\u0259hrumetm\u0259, \u00f6m\u00fcrl\u00fck h\u0259bs v\u0259 ya \u00f6l\u00fcm c\u0259zas\u0131na m\u0259hkum edil\u0259 bil\u0259r\u201d, \u2013 Abbasi deyib.<\/p>\n<p>Pakistan\u0131n d\u00f6vl\u0259t sirrinin pozulmas\u0131 il\u0259 ba\u011fl\u0131 i\u015fl\u0259r\u0259 baxan X\u00fcsusi M\u0259hk\u0259m\u0259si oktyabr\u0131n 17-d\u0259 Xana qar\u015f\u0131 r\u0259smi ittihamlar ir\u0259li s\u00fcr\u0259c\u0259k. Bu i\u015fd\u0259 t\u0259qsirl\u0259ndiril\u0259n dig\u0259r \u015f\u0259xs is\u0259 partiyan\u0131n s\u0259dr m\u00fcavini, ke\u00e7mi\u015f xarici i\u015fl\u0259r naziri \u015eah Mahmud Qurey\u015fidir.<\/p>\n<p>M\u0259nb\u0259: TASS<\/p>\n<\/div>\n","protected":false},"excerpt":{"rendered":"<p>Bizim WhatsApp kanal\u0131m\u0131za buradan abun\u0259 ola bil\u0259rsiniz Pakistan h\u00f6kum\u0259tinin ke\u00e7mi\u015f r\u0259hb\u0259ri, (\u018fdal\u0259t U\u011frunda H\u0259r\u0259kat m\u00fcxalif\u0259t partiyas\u0131n\u0131n s\u0259dri \u0130mran Xan\u0131n d\u00f6vl\u0259t sirl\u0259rini a\u00e7\u0131qlad\u0131\u011f\u0131 s\u00fcbut olunarsa, siyas\u0259t\u00e7i \u00f6m\u00fcrl\u00fck h\u0259bs v\u0259 ya \u00f6l\u00fcm c\u0259zas\u0131 il\u0259 \u00fczl\u0259\u015f\u0259 bil\u0259r. Bunu \u0130slamabad Ali M\u0259hk\u0259m\u0259sind\u0259 ke\u00e7iril\u0259n dinl\u0259m\u0259 zaman\u0131 x\u00fcsusi d\u00f6vl\u0259t ittiham\u00e7\u0131s\u0131 Raca Rizvan Abbasi deyib. \u201c\u0130mran Xan \u015fifrl\u0259nmi\u015f \u00e7ox m\u0259xfi m\u0259lumatlar\u0131 a\u00e7\u0131qlay\u0131b &hellip;<\/p>\n","protected":false},"author":1,"featured_media":2367,"comment_status":"open","ping_status":"closed","sticky":false,"template":"","format":"standard","meta":{"footnotes":""},"categories":[9],"tags":[],"class_list":["post-2366","post","type-post","status-publish","format-standard","has-post-thumbnail","hentry","category-xeber"],"_links":{"self":[{"href":"https:\/\/millitv.net\/index.php?rest_route=\/wp\/v2\/posts\/2366","targetHints":{"allow":["GET"]}}],"collection":[{"href":"https:\/\/millitv.net\/index.php?rest_route=\/wp\/v2\/posts"}],"about":[{"href":"https:\/\/millitv.net\/index.php?rest_route=\/wp\/v2\/types\/post"}],"author":[{"embeddable":true,"href":"https:\/\/millitv.net\/index.php?rest_route=\/wp\/v2\/users\/1"}],"replies":[{"embeddable":true,"href":"https:\/\/millitv.net\/index.php?rest_route=%2Fwp%2Fv2%2Fcomments&post=2366"}],"version-history":[{"count":0,"href":"https:\/\/millitv.net\/index.php?rest_route=\/wp\/v2\/posts\/2366\/revisions"}],"wp:featuredmedia":[{"embeddable":true,"href":"https:\/\/millitv.net\/index.php?rest_route=\/wp\/v2\/media\/2367"}],"wp:attachment":[{"href":"https:\/\/millitv.net\/index.php?rest_route=%2Fwp%2Fv2%2Fmedia&parent=2366"}],"wp:term":[{"taxonomy":"category","embeddable":true,"href":"https:\/\/millitv.net\/index.php?rest_route=%2Fwp%2Fv2%2Fcategories&post=2366"},{"taxonomy":"post_tag","embeddable":true,"href":"https:\/\/millitv.net\/index.php?rest_route=%2Fwp%2Fv2%2Ftags&post=2366"}],"curies":[{"name":"wp","href":"https:\/\/api.w.org\/{rel}","templated":true}]}}