{"id":2354,"date":"2023-10-16T17:05:00","date_gmt":"2023-10-16T17:05:00","guid":{"rendered":"https:\/\/millinews.az\/xeber\/ceyhun-bayramov-almaniyali-h%C9%99mkari-il%C9%99-az%C9%99rbaycan-erm%C9%99nistan-arasinda-sulh-perspektivl%C9%99rini-muzakir%C9%99-edib\/"},"modified":"2023-10-16T17:05:00","modified_gmt":"2023-10-16T17:05:00","slug":"ceyhun-bayramov-almaniyali-h%C9%99mkari-il%C9%99-az%C9%99rbaycan-erm%C9%99nistan-arasinda-sulh-perspektivl%C9%99rini-muzakir%C9%99-edib","status":"publish","type":"post","link":"https:\/\/millitv.net\/?p=2354","title":{"rendered":"Ceyhun Bayramov almaniyal\u0131 h\u0259mkar\u0131 il\u0259 Az\u0259rbaycan-Erm\u0259nistan aras\u0131nda s\u00fclh perspektivl\u0259rini m\u00fczakir\u0259 edib"},"content":{"rendered":"<p><img decoding=\"async\" src=\"https:\/\/cdn.oxu.az\/uploads\/W1siZiIsIjIwMjMvMTAvMTYvMjEvMDMvNTQvMmI0NzRhOTMtOTUwNC00ZmIwLWExNjgtYjg3NmU3NDJkN2FjL0dlcm1hbnkucG5nIl0sWyJwIiwiZW5jb2RlIiwianBnIiwiLXF1YWxpdHkgODAiXSxbInAiLCJ0aHVtYiIsIjYyMHg0NjVcdTAwM2UiXV0?sha=bf1ac8bd6b669c46\" alt=\"\" title=\"\"><\/p>\n<div><a class=\"subs-in-social subs-whatsapp\" href=\"https:\/\/whatsapp.com\/channel\/0029VaAakbx89ingOoeiTp40\" target=\"_blank\" rel=\"noopener\"><\/p>\n<p>Bizim WhatsApp kanal\u0131m\u0131za buradan abun\u0259 ola bil\u0259rsiniz<\/p>\n<p><\/a><\/p>\n<p>Ceyhun Bayramov almaniyal\u0131 h\u0259mkar\u0131 il\u0259 Az\u0259rbaycan-Erm\u0259nistan aras\u0131nda s\u00fclh perspektivl\u0259rini m\u00fczakir\u0259 edib<\/p>\n<p>Oktyabr\u0131n 16-da Az\u0259rbaycan xarici i\u015fl\u0259r naziri Ceyhun Bayramov Almaniya Federativ Respublikas\u0131n\u0131n xarici i\u015fl\u0259r naziri Annalena Berbok il\u0259 telefon dan\u0131\u015f\u0131\u011f\u0131 apar\u0131b, regionda m\u00f6vcud v\u0259ziyy\u0259t, habel\u0259 Az\u0259rbaycan v\u0259 Erm\u0259nistan aras\u0131nda s\u00fclh prosesinin perspektivl\u0259ri m\u00fczakir\u0259 olunub.<\/p>\n<p>Bu bar\u0259d\u0259\u00a0Az\u0259rbaycan Xarici \u0130\u015fl\u0259r Nazirliyind\u0259n (X\u0130N) m\u0259lumat verilib.<\/p>\n<p>Bildirilib ki, C.Bayramov Erm\u0259nistan\u0131n son ill\u0259r \u0259rzind\u0259 h\u0259yata ke\u00e7irdiyi h\u0259rbi-siyasi t\u0259xribatlar, \u0259razil\u0259rimizd\u0259 qeyri-qanuni erm\u0259ni silahl\u0131 q\u00fcvv\u0259l\u0259rinin t\u00f6r\u0259tdiyi t\u0259hdidl\u0259r, Az\u0259rbaycan\u0131n erm\u0259ni silahl\u0131 q\u00fcvv\u0259l\u0259rin\u0259 v\u0259 \u0259razimizd\u0259ki qondarma rejim\u0259 qar\u015f\u0131 h\u0259yata ke\u00e7irdiyi anti-terror t\u0259dbirl\u0259rini \u015f\u0259rtl\u0259rindir\u0259n amill\u0259r v\u0259 t\u0259dbirl\u0259rind\u0259n sonra b\u00f6lg\u0259d\u0259 cari v\u0259ziyy\u0259t bar\u0259d\u0259 qar\u015f\u0131 t\u0259r\u0259fi \u0259trafl\u0131 m\u0259lumatland\u0131r\u0131b.<\/p>\n<p>Az\u0259rbaycan\u0131n erm\u0259ni sakinl\u0259ri h\u0259d\u0259f almad\u0131\u011f\u0131, bunun b\u00f6lg\u0259y\u0259 s\u0259f\u0259r ed\u0259n BMT missiyas\u0131 il\u0259 yana\u015f\u0131, Beyn\u0259lxalq Q\u0131z\u0131l Xa\u00e7 Komit\u0259si v\u0259 h\u0259tta Erm\u0259nistan ba\u015f naziri t\u0259r\u0259find\u0259n bel\u0259 t\u0259sdiql\u0259ndiyini xat\u0131rlad\u0131b.<\/p>\n<p>Az\u0259rbaycana qar\u015f\u0131 davam ed\u0259n qarayaxma kampaniyas\u0131n\u0131n, guya erm\u0259ni sakinl\u0259r\u0259 qar\u015f\u0131 \u201cetnik t\u0259mizl\u0259m\u0259\u201d h\u0259yata ke\u00e7irildiyi bar\u0259d\u0259 iddialar\u0131n \u0259sass\u0131z oldu\u011fu, bunun Erm\u0259nistan\u0131n v\u0259 b\u0259zi \u00f6lk\u0259l\u0259rin siyasi manipulyasiyas\u0131n\u0131n t\u0259rkib hiss\u0259sini t\u0259\u015fkil etdiyi qeyd olunub.<\/p>\n<p>Az\u0259rbaycan\u0131n erm\u0259ni sakinl\u0259rin reinteqrasiyas\u0131 istiqam\u0259tind\u0259 planlar\u0131 a\u00e7\u0131qlad\u0131\u011f\u0131, bu istiqam\u0259td\u0259 i\u015fl\u0259r h\u0259yata ke\u00e7irildiyi, m\u00fcvafiq portal vasit\u0259sil\u0259 erm\u0259nil\u0259r t\u0259r\u0259find\u0259n daxil olan m\u00fcraci\u0259tl\u0259rin n\u0259z\u0259rd\u0259n ke\u00e7irildiyi nazir t\u0259r\u0259find\u0259n bildirilib.<\/p>\n<p>B\u00f6lg\u0259d\u0259 s\u00fclh v\u0259 t\u0259hl\u00fck\u0259sizliyin b\u0259rq\u0259rar edilm\u0259si istiqam\u0259tind\u0259 s\u0259yl\u0259r\u0259 mane olan t\u0259xribat\u00e7\u0131 add\u0131mlar\u0131n, Az\u0259rbaycan\u0131n \u0259razi b\u00fct\u00f6vl\u00fcy\u00fc v\u0259 suverenliyin\u0259 qar\u015f\u0131 olan \u00e7a\u011f\u0131r\u0131\u015flar\u0131 d\u0259st\u0259kl\u0259y\u0259n b\u0259yanatlardan \u00e7\u0259kinm\u0259yin vacib oldu\u011fu vur\u011fulan\u0131b. Az\u0259rbaycan\u0131n b\u00fct\u00fcn \u0259razisind\u0259 suverenliyinin b\u0259rpa edilm\u0259sind\u0259n sonra, Erm\u0259nistanla s\u00fclh sazi\u015fi imzalanmas\u0131 \u00fc\u00e7\u00fcn real \u015fanslar\u0131n oldu\u011fu, Erm\u0259nistan t\u0259r\u0259find\u0259n bu imkanlar\u0131n m\u00fcsb\u0259t d\u0259y\u0259rl\u0259ndiril\u0259c\u0259yin\u0259 \u00fcmidvar oldu\u011fumuz diqq\u0259t\u0259 \u00e7atd\u0131r\u0131l\u0131b.<\/p>\n<p>Daha sonra qar\u015f\u0131l\u0131ql\u0131 maraq do\u011furan ikit\u0259r\u0259fli v\u0259 regional m\u0259s\u0259l\u0259l\u0259r \u0259traf\u0131nda fikir m\u00fcbadil\u0259si apar\u0131l\u0131b.<\/p>\n<\/div>\n","protected":false},"excerpt":{"rendered":"<p>Bizim WhatsApp kanal\u0131m\u0131za buradan abun\u0259 ola bil\u0259rsiniz Ceyhun Bayramov almaniyal\u0131 h\u0259mkar\u0131 il\u0259 Az\u0259rbaycan-Erm\u0259nistan aras\u0131nda s\u00fclh perspektivl\u0259rini m\u00fczakir\u0259 edib Oktyabr\u0131n 16-da Az\u0259rbaycan xarici i\u015fl\u0259r naziri Ceyhun Bayramov Almaniya Federativ Respublikas\u0131n\u0131n xarici i\u015fl\u0259r naziri Annalena Berbok il\u0259 telefon dan\u0131\u015f\u0131\u011f\u0131 apar\u0131b, regionda m\u00f6vcud v\u0259ziyy\u0259t, habel\u0259 Az\u0259rbaycan v\u0259 Erm\u0259nistan aras\u0131nda s\u00fclh prosesinin perspektivl\u0259ri m\u00fczakir\u0259 olunub. Bu bar\u0259d\u0259\u00a0Az\u0259rbaycan Xarici \u0130\u015fl\u0259r &hellip;<\/p>\n","protected":false},"author":1,"featured_media":2355,"comment_status":"open","ping_status":"closed","sticky":false,"template":"","format":"standard","meta":{"footnotes":""},"categories":[9],"tags":[],"class_list":["post-2354","post","type-post","status-publish","format-standard","has-post-thumbnail","hentry","category-xeber"],"_links":{"self":[{"href":"https:\/\/millitv.net\/index.php?rest_route=\/wp\/v2\/posts\/2354","targetHints":{"allow":["GET"]}}],"collection":[{"href":"https:\/\/millitv.net\/index.php?rest_route=\/wp\/v2\/posts"}],"about":[{"href":"https:\/\/millitv.net\/index.php?rest_route=\/wp\/v2\/types\/post"}],"author":[{"embeddable":true,"href":"https:\/\/millitv.net\/index.php?rest_route=\/wp\/v2\/users\/1"}],"replies":[{"embeddable":true,"href":"https:\/\/millitv.net\/index.php?rest_route=%2Fwp%2Fv2%2Fcomments&post=2354"}],"version-history":[{"count":0,"href":"https:\/\/millitv.net\/index.php?rest_route=\/wp\/v2\/posts\/2354\/revisions"}],"wp:featuredmedia":[{"embeddable":true,"href":"https:\/\/millitv.net\/index.php?rest_route=\/wp\/v2\/media\/2355"}],"wp:attachment":[{"href":"https:\/\/millitv.net\/index.php?rest_route=%2Fwp%2Fv2%2Fmedia&parent=2354"}],"wp:term":[{"taxonomy":"category","embeddable":true,"href":"https:\/\/millitv.net\/index.php?rest_route=%2Fwp%2Fv2%2Fcategories&post=2354"},{"taxonomy":"post_tag","embeddable":true,"href":"https:\/\/millitv.net\/index.php?rest_route=%2Fwp%2Fv2%2Ftags&post=2354"}],"curies":[{"name":"wp","href":"https:\/\/api.w.org\/{rel}","templated":true}]}}