{"id":2344,"date":"2023-10-16T16:22:09","date_gmt":"2023-10-16T16:22:09","guid":{"rendered":"https:\/\/millinews.az\/xeber\/zelenskinin-israil%C9%99-s%C9%99f%C9%99ri-bas-tutmadi\/"},"modified":"2023-10-16T16:22:09","modified_gmt":"2023-10-16T16:22:09","slug":"zelenskinin-israil%C9%99-s%C9%99f%C9%99ri-bas-tutmadi","status":"publish","type":"post","link":"https:\/\/millitv.net\/?p=2344","title":{"rendered":"Zelenskinin \u0130srail\u0259 s\u0259f\u0259ri ba\u015f tutmad\u0131"},"content":{"rendered":"<div id=\"maincontent\">&#13;<br \/>\n        &#13;<\/p>\n<p><strong>Ukrayna Prezidenti Volodimir Zelenski \u0130srail\u0259 s\u0259f\u0259r etm\u0259k ist\u0259yib.<\/strong><\/p>\n<p><a href=\"https:\/\/Millinews.az\" target=\"_blank\" class=\"kw-link\" rel=\"noopener\">Millinews.az<\/a> x\u0259b\u0259r verir ki,  bu  bar\u0259d\u0259 \u0130srailin &#8220;Ynet&#8221; n\u0259\u015fri m\u0259lumat  yay\u0131b.  &#13;\n<\/p>\n<p>Qeyd edilib ki, Ukrayna  Prezidenti  bu g\u00fcn \u0130srail\u0259  ikinci d\u0259f\u0259 ged\u0259n AB\u015e d\u00f6vl\u0259t katibi Antoni Blinkenl\u0259 bir yerd\u0259 \u0130srail\u0259  s\u0259f\u0259r etm\u0259k ist\u0259yib. <\/p>\n<p>&#8220;Antoni Blinkenin Yax\u0131n \u015e\u0259rq\u0259 s\u0259f\u0259ri \u0130sraill\u0259 F\u0259l\u0259stinin H\u018fMAS h\u0259r\u0259kat\u0131 aras\u0131nda m\u00fcnaqi\u015f\u0259nin h\u0259llin\u0259 y\u00f6n\u0259lib. Vlodimir Zelenski Amerika n\u00fcmay\u0259nd\u0259 hey\u0259tin\u0259 qo\u015fulma\u011f\u0131 planla\u015fd\u0131r\u0131rd\u0131, lakin sonda s\u0259f\u0259ri ba\u015f tutmay\u0131b.  Haz\u0131rk\u0131 imtina \u201cZelenskinin \u00fcmumiyy\u0259tl\u0259 \u0130srail\u0259 g\u0259lm\u0259y\u0259c\u0259yi anlam\u0131na g\u0259lmir. Bel\u0259 bir s\u0259f\u0259r daha sonra ba\u015f ver\u0259 bil\u0259r v\u0259 Ukrayna prezidentinin Avropa \u00f6lk\u0259l\u0259rin\u0259 sonrak\u0131 turlar\u0131ndan biri il\u0259 birl\u0259\u015fdiril\u0259 bil\u0259r&#8221;, &#8211; dey\u0259  n\u0259\u015fr qeyd edib. &#13;<br \/>\n        &#13;<br \/>\n&#13;<br \/>\n        &#13;<br \/>\n&#13;\n        <\/p>\n<p><noscript><\/p>\n<p>You must enable Javascript on your browser for the site to work optimally and display sections completely.<\/p>\n<p><\/noscript>\t\t&#13;<br \/>\n\t\t&#13;\n    <\/div>\n<p><script type=\"text\/javascript\">jQuery(document).ready(function () {\n(function(d, s, id) {\n    var js, fjs = d.getElementsByTagName(s)[0];\n    if (d.getElementById(id))\n        return;\n    js = d.createElement(s);\n    js.id = id;\n    js.src = \"\/\/connect.facebook.net\/az_AZ\/all.js#xfbml=1&appId=1002485763137712\";\n    fjs.parentNode.insertBefore(js, fjs);\n}(document, 'script', 'facebook-jssdk'));                \n});<\/script><\/p>\n","protected":false},"excerpt":{"rendered":"<p>&#13; &#13; Ukrayna Prezidenti Volodimir Zelenski \u0130srail\u0259 s\u0259f\u0259r etm\u0259k ist\u0259yib. Millinews.az x\u0259b\u0259r verir ki, bu bar\u0259d\u0259 \u0130srailin &#8220;Ynet&#8221; n\u0259\u015fri m\u0259lumat yay\u0131b. &#13; Qeyd edilib ki, Ukrayna Prezidenti bu g\u00fcn \u0130srail\u0259 ikinci d\u0259f\u0259 ged\u0259n AB\u015e d\u00f6vl\u0259t katibi Antoni Blinkenl\u0259 bir yerd\u0259 \u0130srail\u0259 s\u0259f\u0259r etm\u0259k ist\u0259yib. &#8220;Antoni Blinkenin Yax\u0131n \u015e\u0259rq\u0259 s\u0259f\u0259ri \u0130sraill\u0259 F\u0259l\u0259stinin H\u018fMAS h\u0259r\u0259kat\u0131 aras\u0131nda m\u00fcnaqi\u015f\u0259nin &hellip;<\/p>\n","protected":false},"author":1,"featured_media":2345,"comment_status":"open","ping_status":"closed","sticky":false,"template":"","format":"standard","meta":{"footnotes":""},"categories":[9],"tags":[],"class_list":["post-2344","post","type-post","status-publish","format-standard","has-post-thumbnail","hentry","category-xeber"],"_links":{"self":[{"href":"https:\/\/millitv.net\/index.php?rest_route=\/wp\/v2\/posts\/2344","targetHints":{"allow":["GET"]}}],"collection":[{"href":"https:\/\/millitv.net\/index.php?rest_route=\/wp\/v2\/posts"}],"about":[{"href":"https:\/\/millitv.net\/index.php?rest_route=\/wp\/v2\/types\/post"}],"author":[{"embeddable":true,"href":"https:\/\/millitv.net\/index.php?rest_route=\/wp\/v2\/users\/1"}],"replies":[{"embeddable":true,"href":"https:\/\/millitv.net\/index.php?rest_route=%2Fwp%2Fv2%2Fcomments&post=2344"}],"version-history":[{"count":0,"href":"https:\/\/millitv.net\/index.php?rest_route=\/wp\/v2\/posts\/2344\/revisions"}],"wp:featuredmedia":[{"embeddable":true,"href":"https:\/\/millitv.net\/index.php?rest_route=\/wp\/v2\/media\/2345"}],"wp:attachment":[{"href":"https:\/\/millitv.net\/index.php?rest_route=%2Fwp%2Fv2%2Fmedia&parent=2344"}],"wp:term":[{"taxonomy":"category","embeddable":true,"href":"https:\/\/millitv.net\/index.php?rest_route=%2Fwp%2Fv2%2Fcategories&post=2344"},{"taxonomy":"post_tag","embeddable":true,"href":"https:\/\/millitv.net\/index.php?rest_route=%2Fwp%2Fv2%2Ftags&post=2344"}],"curies":[{"name":"wp","href":"https:\/\/api.w.org\/{rel}","templated":true}]}}