{"id":2336,"date":"2023-10-16T15:58:26","date_gmt":"2023-10-16T15:58:26","guid":{"rendered":"https:\/\/millinews.az\/xeber\/siyasi-partiyalar-prezidenti-xank%C9%99ndiy%C9%99-gor%C9%99-t%C9%99brik-edibl%C9%99r\/"},"modified":"2023-10-16T15:58:26","modified_gmt":"2023-10-16T15:58:26","slug":"siyasi-partiyalar-prezidenti-xank%C9%99ndiy%C9%99-gor%C9%99-t%C9%99brik-edibl%C9%99r","status":"publish","type":"post","link":"https:\/\/millitv.net\/?p=2336","title":{"rendered":"Siyasi partiyalar Prezidenti Xank\u0259ndiy\u0259 g\u00f6r\u0259 t\u0259brik edibl\u0259r"},"content":{"rendered":"<div id=\"maincontent\">&#13;<br \/>\n        &#13;<\/p>\n<p><strong>Az\u0259rbaycanda f\u0259aliyy\u0259t g\u00f6st\u0259r\u0259n siyasi partiyalar Prezident \u0130lham \u018fliyev\u0259 m\u00fcraci\u0259t \u00fcnvanlay\u0131b.<\/strong><\/p>\n<p><a href=\"https:\/\/Millinews.az\" target=\"_blank\" class=\"kw-link\" rel=\"noopener\">Millinews.az<\/a> x\u0259b\u0259r verir ki, m\u00fcraci\u0259tin m\u0259tnind\u0259 deyilir: &#13;\n<\/p>\n<p>&#8220;M\u00f6ht\u0259r\u0259m c\u0259nab Prezident,<\/p>\n<p>Az\u0259rbaycan xalq\u0131n\u0131n milli birliyi, m\u00fcz\u0259ff\u0259r Ordumuzun q\u0259hr\u0259manl\u0131\u011f\u0131 v\u0259 Zati-alinizin q\u0259tiyy\u0259tli siyasi irad\u0259si b\u00fct\u00fcn d\u00fcnya az\u0259rbaycanl\u0131lar\u0131na bug\u00fcnk\u00fc q\u00fcrur dolu anlar\u0131 ya\u015fad\u0131r. Siyasi bax\u0131\u015flar\u0131ndan as\u0131l\u0131 olmayaraq indi h\u0259r bir Az\u0259rbaycan v\u0259t\u0259nda\u015f\u0131 d\u0259rk edir ki, tarixin b\u00fct\u00fcn d\u00f6vrl\u0259rind\u0259 ba\u015f\u0131m\u0131za g\u0259l\u0259n faci\u0259l\u0259rin, torpaqlar\u0131m\u0131z\u0131n itirilm\u0259sinin, soyda\u015flar\u0131m\u0131z\u0131n \u00f6z do\u011fma yurdlar\u0131ndan did\u0259rgin sal\u0131nmas\u0131n\u0131n, suverenliyimizin pozulmas\u0131n\u0131n ba\u015fl\u0131ca s\u0259b\u0259bi milli birliyin olmamas\u0131, h\u0259rbi v\u0259 iqtisadi g\u00fcc\u00fcm\u00fcz\u00fcn z\u0259ifliyind\u0259n ir\u0259li g\u0259lmi\u015fdir.<\/p>\n<p>Uzun zaman \u0259rzind\u0259 b\u00f6y\u00fck s\u0259bir, t\u0259mkin v\u0259 irad\u0259 g\u00f6st\u0259r\u0259r\u0259k Az\u0259rbaycan\u0131n daxili v\u0259 xarici siyas\u0259tind\u0259 nail oldu\u011funuz u\u011furlar \u00f6lk\u0259mizi add\u0131m-add\u0131m Z\u0259f\u0259r g\u00fcn\u00fcn\u0259, \u0259razi b\u00fct\u00f6vl\u00fcy\u00fcn\u00fcn t\u0259min olunmas\u0131na, suverenliyin\u0259 yax\u0131nla\u015fd\u0131rm\u0131\u015fd\u0131r. \u00d6nc\u0259 \u0259halinin rifah\u0131n\u0131n yax\u015f\u0131la\u015fd\u0131r\u0131lmas\u0131, b\u00f6lg\u0259l\u0259rimizin inki\u015faf\u0131, iqtisadiyyat\u0131n \u015fax\u0259l\u0259ndirilm\u0259si, m\u00fcasir ordu quruculu\u011fu g\u0259rgin z\u0259hm\u0259tinizin n\u0259tic\u0259sind\u0259 m\u00fcmk\u00fcn olmu\u015fdur. \u00d6lk\u0259mizd\u0259 ya\u015fayan m\u00fcxt\u0259lif etnik v\u0259 dini kimlikl\u0259r\u0259 m\u0259nsub v\u0259t\u0259nda\u015flar\u0131m\u0131za b\u0259rab\u0259r m\u00fcnasib\u0259t, s\u00f6z v\u0259 fikir azadl\u0131\u011f\u0131n\u0131n t\u0259min olunmas\u0131, demokratiya v\u0259 pl\u00fcralizmin inki\u015faf\u0131, siyasi dialoqun b\u0259rq\u0259rar olmas\u0131 \u00f6lk\u0259mizin bug\u00fcnk\u00fc q\u00fcrur dolu tarixinin s\u00fctunlar\u0131 hesab edil\u0259 bil\u0259r. He\u00e7 \u015f\u00fcbh\u0259siz, b\u00fct\u00fcn bunlar yaln\u0131z b\u00f6y\u00fck amallara xidm\u0259t ed\u0259n v\u0259 ali h\u0259d\u0259fl\u0259r\u0259 y\u00f6n\u0259l\u0259n, h\u0259r bir add\u0131m\u0131nda d\u00f6vl\u0259tini v\u0259 xalq\u0131n\u0131 d\u00fc\u015f\u00fcn\u0259n siyasi liderin q\u0259tiyy\u0259tinin n\u0259tic\u0259sind\u0259 m\u00fcmk\u00fcn olmu\u015fdur.<\/p>\n<p>\u00d6t\u0259n 20 il \u0259rzind\u0259 Az\u0259rbaycan Sizin r\u0259hb\u0259rliyiniz alt\u0131nda \u00f6z \u0259razi b\u00fct\u00f6vl\u00fcy\u00fcn\u00fc t\u0259min etm\u0259k, suverenliyini b\u0259rpa etm\u0259k, m\u0259cburi k\u00f6\u00e7k\u00fcnl\u0259rimizin do\u011fma torpaqlar\u0131na qay\u0131tmas\u0131na nail olmaq \u00fc\u00e7\u00fcn \u00e7\u0259tin s\u0131naqlardan ke\u00e7mi\u015fdir. Siz Qaraba\u011fda k\u00f6k salm\u0131\u015f cinay\u0259tkar rejimin, terror\u00e7u d\u0259st\u0259l\u0259rin, onlar\u0131n xarici havadarlar\u0131n\u0131n \u00f6lk\u0259miz\u0259 y\u00f6n\u0259l\u0259n t\u0259hdidl\u0259rinin qar\u015f\u0131s\u0131n\u0131n al\u0131nmas\u0131 \u00fc\u00e7\u00fcn beyn\u0259lxalq t\u0259\u015fkilatlar\u0131n, beyn\u0259lxalq h\u00fcququn g\u00fcc\u00fcn\u0259 tam arxay\u0131n olmam\u0131\u015f, bu ill\u0259r \u0259rzind\u0259 Az\u0259rbaycan \u00fc\u00e7\u00fcn g\u00fccl\u00fc iqtisadiyyat v\u0259 m\u00fcasir ordu qurmusunuz. Bununla yana\u015f\u0131, Siz Az\u0259rbaycan\u0131n beyn\u0259lxalq al\u0259md\u0259 n\u00fcfuzunun y\u00fcks\u0259ldilm\u0259si, \u00f6lk\u0259mizin d\u00fcnya birliyind\u0259 layiqli yer tutmas\u0131, g\u00fccl\u00fc beyn\u0259lxalq t\u0259r\u0259fda\u015flar qazanmas\u0131 \u00fc\u00e7\u00fcn uzaqg\u00f6r\u0259n siyas\u0259t h\u0259yata ke\u00e7irmisiniz. Bu bax\u0131mdan 44 g\u00fcnl\u00fck haqq sava\u015f\u0131m\u0131zda b\u00fct\u00fcn Az\u0259rbaycan xalq\u0131 h\u0259m d\u0259 xarici siyas\u0259td\u0259 \u0259ld\u0259 olunan u\u011furlar\u0131n m\u00f6ht\u0259\u015f\u0259mliyin\u0259 \u015fahidlik etmi\u015fdir.<\/p>\n<p>M\u00f6ht\u0259r\u0259m c\u0259nab Prezident,<\/p>\n<p>\u0130ndi Az\u0259rbaycan d\u00f6vl\u0259ti uzun tarixi d\u00f6vrd\u0259n sonra V\u0259t\u0259n m\u00fcharib\u0259si Z\u0259f\u0259rinin t\u0259nt\u0259n\u0259sini ya\u015fay\u0131r. Az\u0259rbaycan \u0259razisind\u0259 he\u00e7 bir m\u0259n\u0259vi, siyasi v\u0259 h\u00fcquqi \u0259sas\u0131 olmadan yarad\u0131lan qondarma rejim b\u00f6y\u00fck Q\u0259l\u0259b\u0259nin n\u0259tic\u0259sind\u0259 tarixin qaranl\u0131\u011f\u0131na q\u0259rq olmu\u015fdur. Bu g\u00fcn b\u00f6y\u00fck siyasi irad\u0259nin, milli birliyin, g\u00fccl\u00fc ordunun n\u0259tic\u0259sind\u0259 Az\u0259rbaycan bayra\u011f\u0131 Xank\u0259ndid\u0259, Xocal\u0131da, Xocav\u0259ndd\u0259, A\u011fd\u0259r\u0259d\u0259 dal\u011falan\u0131r. Az\u0259rbaycan Respublikas\u0131n\u0131n Konstitusiyas\u0131 b\u00fct\u00fcn \u00f6lk\u0259 \u0259razisind\u0259 vahid ana qanun kimi t\u0259tbiq olunur. Ya\u015fad\u0131\u011f\u0131m\u0131z bu b\u00f6y\u00fck tarixi anlar beyn\u0259lxalq h\u00fcququn n\u0259tic\u0259sind\u0259 deyil, m\u0259hz g\u00fccl\u00fc iqtisadiyyat\u0131m\u0131z\u0131n, q\u0259hr\u0259man Ordumuzun v\u0259 milli birliyimizin, h\u0259mr\u0259yliyimizin n\u0259tic\u0259sind\u0259 m\u00fcmk\u00fcn olmu\u015fdur.<\/p>\n<p>Az\u0259rbaycanda f\u0259aliyy\u0259t g\u00f6st\u0259r\u0259n siyasi partiyalar \u00f6lk\u0259mizin xo\u015fb\u0259xt g\u0259l\u0259c\u0259yi namin\u0259 bir daha siyasi h\u0259mr\u0259yliyini bildirir, xalq\u0131m\u0131z\u0131n firavanl\u0131\u011f\u0131, d\u00f6vl\u0259timizin \u0259b\u0259di suverenliyi \u00fc\u00e7\u00fcn apard\u0131\u011f\u0131n\u0131z u\u011furlu daxili v\u0259 xarici siyas\u0259td\u0259 Zati-aliniz\u0259 d\u0259st\u0259yini b\u0259yan edir.<\/p>\n<p>1. Yeni Az\u0259rbaycan Partiyas\u0131<\/p>\n<p>2. V\u0259t\u0259nda\u015f H\u0259mr\u0259yliyi Partiyas\u0131 &#8211; s\u0259dr Sabir R\u00fcst\u0259mxanl\u0131<\/p>\n<p>3. \u201cAna V\u0259t\u0259n\u201d Partiyas\u0131 &#8211; s\u0259dr F\u0259zail A\u011famal\u0131<\/p>\n<p>4. B\u00fct\u00f6v Az\u0259rbaycan Xalq C\u0259bh\u0259si Partiyas\u0131 &#8211; s\u0259dr Q\u00fcdr\u0259t H\u0259s\u0259nquliyev<\/p>\n<p>5. B\u00f6y\u00fck Qurulu\u015f Partiyas\u0131 &#8211; s\u0259dr Fazil Mustafa<\/p>\n<p>6. Demokratik \u0130slahatlar Partiyas\u0131 &#8211; s\u0259dr Asim Mollazad\u0259<\/p>\n<p>7. V\u0259hd\u0259t Partiyas\u0131 &#8211; s\u0259dr Tahir K\u0259rimli<\/p>\n<p>8. Az\u0259rbaycan Demokratik Maarif\u00e7ilik Partiyas\u0131 &#8211; s\u0259dr El\u015f\u0259n Musayev<\/p>\n<p>9. Milli C\u0259bh\u0259 Partiyas\u0131 &#8211; s\u0259dr Razi Nurullayev<\/p>\n<p>10. REAL Partiyas\u0131 &#8211; s\u0259dr \u0130lqar M\u0259mm\u0259dov<\/p>\n<p>11. Haqq \u018fdal\u0259t Partiyas\u0131 &#8211; s\u0259dr \u018fli \u0130nsanov<\/p>\n<p>12. Az\u0259rbaycan Demokrat Partiyas\u0131 &#8211; s\u0259dr S\u0259rdar C\u0259lalo\u011flu<\/p>\n<p>13. \u018fdal\u0259t Partiyas\u0131 &#8211; s\u0259dr \u0130lyas \u0130smay\u0131lov<\/p>\n<p>14. Az\u0259rbaycan \u00dcmid Partiyas\u0131 &#8211; s\u0259dr \u0130qbal A\u011fazad\u0259<\/p>\n<p>15. Klassik Xalq C\u0259bh\u0259si Partiyas\u0131 &#8211; s\u0259dr Mirmahmud F\u0259ttayev<\/p>\n<p>16. \u201cAz\u0259rbaycan Milli \u0130stiqlal\u201d Partiyas\u0131 &#8211; s\u0259dr Arzuxan \u018flizad\u0259<\/p>\n<p>17. M\u00fcasir M\u00fcsavat Partiyas\u0131 &#8211; s\u0259dr Hafiz Hac\u0131yev<\/p>\n<p>18. Milli Dir\u00e7\u0259li\u015f H\u0259r\u0259kat\u0131 Partiyas\u0131 &#8211; s\u0259dr F\u0259r\u0259c Quliyev<\/p>\n<p>19. \u201cB\u00f6y\u00fck Az\u0259rbaycan\u201d Partiyas\u0131 &#8211; s\u0259dr El\u015fad Musayev<\/p>\n<p>20. A\u011f Partiyas\u0131 &#8211; s\u0259dr Tural Abbasl\u0131<\/p>\n<p>21 . Azad V\u0259t\u0259n Partiyas\u0131 &#8211; s\u0259dr Akif Na\u011f\u0131<\/p>\n<p>22. G\u0259l\u0259c\u0259k Az\u0259rbaycan Partiyas\u0131 &#8211; s\u0259dr A\u011fasif \u015eakiro\u011flu<\/p>\n<p>23. Yeni Zaman Partiyas\u0131 &#8211; s\u0259dr Musa A\u011fayev&#8221;.&#13;<br \/>\n        &#13;<br \/>\n&#13;<br \/>\n        &#13;<br \/>\n&#13;\n        <\/p>\n<p><noscript><\/p>\n<p>You must enable Javascript on your browser for the site to work optimally and display sections completely.<\/p>\n<p><\/noscript>\t\t&#13;<br \/>\n\t\t&#13;\n    <\/div>\n<p><script type=\"text\/javascript\">jQuery(document).ready(function () {\n(function(d, s, id) {\n    var js, fjs = d.getElementsByTagName(s)[0];\n    if (d.getElementById(id))\n        return;\n    js = d.createElement(s);\n    js.id = id;\n    js.src = \"\/\/connect.facebook.net\/az_AZ\/all.js#xfbml=1&appId=1002485763137712\";\n    fjs.parentNode.insertBefore(js, fjs);\n}(document, 'script', 'facebook-jssdk'));                \n});<\/script><\/p>\n","protected":false},"excerpt":{"rendered":"<p>&#13; &#13; Az\u0259rbaycanda f\u0259aliyy\u0259t g\u00f6st\u0259r\u0259n siyasi partiyalar Prezident \u0130lham \u018fliyev\u0259 m\u00fcraci\u0259t \u00fcnvanlay\u0131b. Millinews.az x\u0259b\u0259r verir ki, m\u00fcraci\u0259tin m\u0259tnind\u0259 deyilir: &#13; &#8220;M\u00f6ht\u0259r\u0259m c\u0259nab Prezident, Az\u0259rbaycan xalq\u0131n\u0131n milli birliyi, m\u00fcz\u0259ff\u0259r Ordumuzun q\u0259hr\u0259manl\u0131\u011f\u0131 v\u0259 Zati-alinizin q\u0259tiyy\u0259tli siyasi irad\u0259si b\u00fct\u00fcn d\u00fcnya az\u0259rbaycanl\u0131lar\u0131na bug\u00fcnk\u00fc q\u00fcrur dolu anlar\u0131 ya\u015fad\u0131r. Siyasi bax\u0131\u015flar\u0131ndan as\u0131l\u0131 olmayaraq indi h\u0259r bir Az\u0259rbaycan v\u0259t\u0259nda\u015f\u0131 d\u0259rk edir ki, &hellip;<\/p>\n","protected":false},"author":1,"featured_media":2337,"comment_status":"open","ping_status":"closed","sticky":false,"template":"","format":"standard","meta":{"footnotes":""},"categories":[9],"tags":[],"class_list":["post-2336","post","type-post","status-publish","format-standard","has-post-thumbnail","hentry","category-xeber"],"_links":{"self":[{"href":"https:\/\/millitv.net\/index.php?rest_route=\/wp\/v2\/posts\/2336","targetHints":{"allow":["GET"]}}],"collection":[{"href":"https:\/\/millitv.net\/index.php?rest_route=\/wp\/v2\/posts"}],"about":[{"href":"https:\/\/millitv.net\/index.php?rest_route=\/wp\/v2\/types\/post"}],"author":[{"embeddable":true,"href":"https:\/\/millitv.net\/index.php?rest_route=\/wp\/v2\/users\/1"}],"replies":[{"embeddable":true,"href":"https:\/\/millitv.net\/index.php?rest_route=%2Fwp%2Fv2%2Fcomments&post=2336"}],"version-history":[{"count":0,"href":"https:\/\/millitv.net\/index.php?rest_route=\/wp\/v2\/posts\/2336\/revisions"}],"wp:featuredmedia":[{"embeddable":true,"href":"https:\/\/millitv.net\/index.php?rest_route=\/wp\/v2\/media\/2337"}],"wp:attachment":[{"href":"https:\/\/millitv.net\/index.php?rest_route=%2Fwp%2Fv2%2Fmedia&parent=2336"}],"wp:term":[{"taxonomy":"category","embeddable":true,"href":"https:\/\/millitv.net\/index.php?rest_route=%2Fwp%2Fv2%2Fcategories&post=2336"},{"taxonomy":"post_tag","embeddable":true,"href":"https:\/\/millitv.net\/index.php?rest_route=%2Fwp%2Fv2%2Ftags&post=2336"}],"curies":[{"name":"wp","href":"https:\/\/api.w.org\/{rel}","templated":true}]}}