{"id":2332,"date":"2023-10-16T15:47:09","date_gmt":"2023-10-16T15:47:09","guid":{"rendered":"https:\/\/millinews.az\/xeber\/arda-gul%C9%99r-n%C9%99hay%C9%99t-debut-oyununa-cixir\/"},"modified":"2023-10-16T15:47:09","modified_gmt":"2023-10-16T15:47:09","slug":"arda-gul%C9%99r-n%C9%99hay%C9%99t-debut-oyununa-cixir","status":"publish","type":"post","link":"https:\/\/millitv.net\/?p=2332","title":{"rendered":"Arda G\u00fcl\u0259r n\u0259hay\u0259t deb\u00fct oyununa \u00e7\u0131x\u0131r"},"content":{"rendered":"<div id=\"maincontent\">&#13;<br \/>\n        &#13;<\/p>\n<p><strong>\u201cReal Madrid\u201din futbol\u00e7usu Arda G\u00fcler meyadan qay\u0131d\u0131r. <\/strong>&#13;\n<\/p>\n<p><a href=\"https:\/\/Millinews.az\" target=\"_blank\" class=\"kw-link\" rel=\"noopener\">Millinews.az<\/a> x\u0259b\u0259r verir ki, ba\u015f m\u0259\u015fq\u00e7i Karlo An\u00e7elotti onu oyuna buraxaac\u011f\u0131n\u0131 ifad\u0259 edib.\u201cAs\u201d q\u0259zetinin m\u0259lumat\u0131na g\u00f6r\u0259, \u201cReal\u201d n\u00f6vb\u0259ti turda s\u0259f\u0259rd\u0259 &#8220;Sevilya&#8221; il\u0259 qar\u015f\u0131la\u015facaq. Karlo An\u00e7elotti h\u0259kim hey\u0259tinin n\u0259zar\u0259ti alt\u0131nda Arda G\u00fclerin risk olmad\u0131\u011f\u0131 t\u0259qdird\u0259 \u201cSevilya\u201d il\u0259 mat\u00e7da oynayaca\u011f\u0131n\u0131 deyib. Bildirilib ki, Arda bu oyunda meydana \u00e7\u0131xmasa \u00c7empionlar Liqas\u0131nda \u201cBraqa\u201d il\u0259 oyunda hey\u0259td\u0259 yer alacaq. <\/p>\n<p>\u201cReal Madrid\u201d\u0259 yax\u0131n m\u0259nb\u0259l\u0259rin m\u0259lumat\u0131na g\u00f6r\u0259, An\u00e7elotti il\u0259 s\u00f6hb\u0259tind\u0259n sonra Arda G\u00fcler ail\u0259sin\u0259 &#8220;D\u00fc\u015f\u00fcn\u00fcr\u0259m ki, vaxt\u0131d\u0131r. \u0130lk mat\u00e7\u0131m\u0131 Bernabeuda ke\u00e7ir\u0259c\u0259y\u0259m, bu m\u0259nim \u0259n b\u00f6y\u00fck arzumdur&#8221; dey\u0259 x\u0259b\u0259r verib. Ardan\u0131n bu s\u00f6zl\u0259rind\u0259n sonra ail\u0259 \u00fczvl\u0259ri sevincd\u0259n g\u00f6z ya\u015flar\u0131na hakim ola bilm\u0259yib. &#13;<br \/>\n        &#13;<br \/>\n&#13;<br \/>\n        &#13;<br \/>\n&#13;\n        <\/p>\n<p><noscript><\/p>\n<p>You must enable Javascript on your browser for the site to work optimally and display sections completely.<\/p>\n<p><\/noscript>\t\t&#13;<br \/>\n\t\t&#13;\n    <\/div>\n<p><script type=\"text\/javascript\">jQuery(document).ready(function () {\n(function(d, s, id) {\n    var js, fjs = d.getElementsByTagName(s)[0];\n    if (d.getElementById(id))\n        return;\n    js = d.createElement(s);\n    js.id = id;\n    js.src = \"\/\/connect.facebook.net\/az_AZ\/all.js#xfbml=1&appId=1002485763137712\";\n    fjs.parentNode.insertBefore(js, fjs);\n}(document, 'script', 'facebook-jssdk'));                \n});<\/script><\/p>\n","protected":false},"excerpt":{"rendered":"<p>&#13; &#13; \u201cReal Madrid\u201din futbol\u00e7usu Arda G\u00fcler meyadan qay\u0131d\u0131r. &#13; Millinews.az x\u0259b\u0259r verir ki, ba\u015f m\u0259\u015fq\u00e7i Karlo An\u00e7elotti onu oyuna buraxaac\u011f\u0131n\u0131 ifad\u0259 edib.\u201cAs\u201d q\u0259zetinin m\u0259lumat\u0131na g\u00f6r\u0259, \u201cReal\u201d n\u00f6vb\u0259ti turda s\u0259f\u0259rd\u0259 &#8220;Sevilya&#8221; il\u0259 qar\u015f\u0131la\u015facaq. Karlo An\u00e7elotti h\u0259kim hey\u0259tinin n\u0259zar\u0259ti alt\u0131nda Arda G\u00fclerin risk olmad\u0131\u011f\u0131 t\u0259qdird\u0259 \u201cSevilya\u201d il\u0259 mat\u00e7da oynayaca\u011f\u0131n\u0131 deyib. Bildirilib ki, Arda bu oyunda meydana &hellip;<\/p>\n","protected":false},"author":1,"featured_media":2333,"comment_status":"open","ping_status":"closed","sticky":false,"template":"","format":"standard","meta":{"footnotes":""},"categories":[9],"tags":[],"class_list":["post-2332","post","type-post","status-publish","format-standard","has-post-thumbnail","hentry","category-xeber"],"_links":{"self":[{"href":"https:\/\/millitv.net\/index.php?rest_route=\/wp\/v2\/posts\/2332","targetHints":{"allow":["GET"]}}],"collection":[{"href":"https:\/\/millitv.net\/index.php?rest_route=\/wp\/v2\/posts"}],"about":[{"href":"https:\/\/millitv.net\/index.php?rest_route=\/wp\/v2\/types\/post"}],"author":[{"embeddable":true,"href":"https:\/\/millitv.net\/index.php?rest_route=\/wp\/v2\/users\/1"}],"replies":[{"embeddable":true,"href":"https:\/\/millitv.net\/index.php?rest_route=%2Fwp%2Fv2%2Fcomments&post=2332"}],"version-history":[{"count":0,"href":"https:\/\/millitv.net\/index.php?rest_route=\/wp\/v2\/posts\/2332\/revisions"}],"wp:featuredmedia":[{"embeddable":true,"href":"https:\/\/millitv.net\/index.php?rest_route=\/wp\/v2\/media\/2333"}],"wp:attachment":[{"href":"https:\/\/millitv.net\/index.php?rest_route=%2Fwp%2Fv2%2Fmedia&parent=2332"}],"wp:term":[{"taxonomy":"category","embeddable":true,"href":"https:\/\/millitv.net\/index.php?rest_route=%2Fwp%2Fv2%2Fcategories&post=2332"},{"taxonomy":"post_tag","embeddable":true,"href":"https:\/\/millitv.net\/index.php?rest_route=%2Fwp%2Fv2%2Ftags&post=2332"}],"curies":[{"name":"wp","href":"https:\/\/api.w.org\/{rel}","templated":true}]}}