{"id":2318,"date":"2023-10-16T15:02:18","date_gmt":"2023-10-16T15:02:18","guid":{"rendered":"https:\/\/millinews.az\/xeber\/oxu-az-h%C9%99mid-h%C9%99midov-az%C9%99rbaycan-xalqinin-nec%C9%99-h%C9%99mr%C9%99y-oldugunu-hami-gordu\/"},"modified":"2023-10-16T15:02:18","modified_gmt":"2023-10-16T15:02:18","slug":"oxu-az-h%C9%99mid-h%C9%99midov-az%C9%99rbaycan-xalqinin-nec%C9%99-h%C9%99mr%C9%99y-oldugunu-hami-gordu","status":"publish","type":"post","link":"https:\/\/millitv.net\/?p=2318","title":{"rendered":"Millinews.az &#8211; H\u0259mid H\u0259midov: \u201cAz\u0259rbaycan xalq\u0131n\u0131n nec\u0259 h\u0259mr\u0259y oldu\u011funu ham\u0131 g\u00f6rd\u00fc\u201d"},"content":{"rendered":"<p><img decoding=\"async\" src=\"https:\/\/cdn.oxu.az\/uploads\/W1siZiIsIjIwMjMvMTAvMTYvMTgvMTkvMTIvYTczM2U0YTAtNTE4ZS00ODVmLThmNmMtZDkwODY0MjgxOGI1L0ZvdG9KZXQgLSAyMDIzLTEwLTE2VDE4MTgyNi4wMTEuanBnIl0sWyJwIiwiZW5jb2RlIiwianBnIiwiLXF1YWxpdHkgODAiXSxbInAiLCJ0aHVtYiIsIjYyMHg0NjVcdTAwM2UiXV0?sha=e249d52f97a55f26\" alt=\"\" title=\"\"><\/p>\n<div><a class=\"subs-in-social subs-whatsapp\" href=\"https:\/\/whatsapp.com\/channel\/0029VaAakbx89ingOoeiTp40\" target=\"_blank\" rel=\"noopener\"><\/p>\n<p>Bizim WhatsApp kanal\u0131m\u0131za buradan abun\u0259 ola bil\u0259rsiniz<\/p>\n<p><\/a><\/p>\n<p>Az\u0259rbaycan xalq\u0131n\u0131n arzusu ger\u00e7\u0259kl\u0259\u015fdi. Azad olunmu\u015f Xank\u0259ndid\u0259 \u00f6lk\u0259 prezidenti Az\u0259rbaycan\u0131n bayra\u011f\u0131n\u0131 qald\u0131rd\u0131. Bu, tarixi anlar idi. Biz ill\u0259rl\u0259 buna do\u011fru g\u0259lmi\u015fik.<\/p>\n<p>CBC TV bununla \u0259laq\u0259dar \u201cGlobal Media Group\u201dun media direktoru, tan\u0131nm\u0131\u015f jurnalist H\u0259mid H\u0259midovdan m\u00fcnasib\u0259t \u00f6yr\u0259nib.<\/p>\n<p>H.H\u0259midov ilk n\u00f6vb\u0259d\u0259 b\u00fct\u00fcn Az\u0259rbaycan xalq\u0131n\u0131\u00a0 t\u0259brik edib. Daha sonra hadis\u0259nin \u00e7ox b\u00f6y\u00fck tarixi\u00a0hadis\u0259 oldu\u011funu bildirib.<\/p>\n<p>\u201cAz\u0259rbaycan xalq\u0131 s\u0131nmad\u0131. Birinci Qaraba\u011f m\u00fcharib\u0259sind\u0259n sonra biz h\u0259rbi g\u00fcc\u00fcm\u00fcz\u00fc, iqtisadi potensial\u0131m\u0131z\u0131 art\u0131rd\u0131q v\u0259 b\u00fct\u00fcn i\u015f\u011falda olan torpaqlar\u0131m\u0131z\u0131 geri qaytarmaq u\u011frunda m\u00fcbariz\u0259y\u0259 qalxd\u0131q. Biz bu d\u00f6vr \u0259rzind\u0259 h\u0259r m\u0259nada b\u00f6y\u00fcd\u00fck. B\u00fct\u00fcn Az\u0259rbaycan xalq\u0131, \u00f6lk\u0259 r\u0259hb\u0259rliyi \u2013 Heyd\u0259r \u018fliyev, daha sonra <strong>\u0130lham \u018fliyev<\/strong> bu ana, bu q\u0259l\u0259b\u0259y\u0259 planl\u0131 \u015f\u0259kild\u0259 haz\u0131rla\u015f v\u0259 onu tezl\u0259\u015fdirm\u0259y\u0259 can at\u0131rd\u0131\u201d, &#8211; dey\u0259 o, qeyd edib.<\/p>\n<p>\u201c2020-ci ild\u0259 Az\u0259rbaycan xalq\u0131n\u0131 nec\u0259 h\u0259mr\u0259y oldu\u011funu, f\u0259dakarl\u0131\u011f\u0131n\u0131, h\u0259r k\u0259sin m\u00fcharib\u0259d\u0259 i\u015ftirak etm\u0259y\u0259 haz\u0131r oldu\u011funu b\u00fct\u00fcn d\u00fcnya g\u00f6rd\u00fc. Bu, \u00e7ox vacibdir. XXI s\u0259rd\u0259 bel\u0259 bir hadis\u0259y\u0259 \u00e7ox az halda rast g\u0259linir\u201d, &#8211; H.H\u0259midov vur\u011fulay\u0131b.<\/p>\n<p>\u018ftrafl\u0131 s\u00fcjetd\u0259:<\/p>\n<p><iframe loading=\"lazy\" title=\"\u0413\u0430\u043c\u0438\u0434 \u0413\u0430\u043c\u0438\u0434\u043e\u0432: &quot;\u0412\u0441\u0435 \u0443\u0432\u0438\u0434\u0435\u043b\u0438, \u043d\u0430\u0441\u043a\u043e\u043b\u044c\u043a\u043e \u0430\u0437\u0435\u0440\u0431\u0430\u0439\u0434\u0436\u0430\u043d\u0441\u043a\u0438\u0439 \u043d\u0430\u0440\u043e\u0434 \u0435\u0434\u0438\u043d&quot;\" width=\"500\" height=\"281\" src=\"https:\/\/www.youtube.com\/embed\/7M5dynnK3LE?feature=oembed\" frameborder=\"0\" allow=\"accelerometer; autoplay; clipboard-write; encrypted-media; gyroscope; picture-in-picture; web-share\" referrerpolicy=\"strict-origin-when-cross-origin\" allowfullscreen><\/iframe><\/p>\n<p>\u00a0<\/p>\n<\/div>\n","protected":false},"excerpt":{"rendered":"<p>Bizim WhatsApp kanal\u0131m\u0131za buradan abun\u0259 ola bil\u0259rsiniz Az\u0259rbaycan xalq\u0131n\u0131n arzusu ger\u00e7\u0259kl\u0259\u015fdi. Azad olunmu\u015f Xank\u0259ndid\u0259 \u00f6lk\u0259 prezidenti Az\u0259rbaycan\u0131n bayra\u011f\u0131n\u0131 qald\u0131rd\u0131. Bu, tarixi anlar idi. Biz ill\u0259rl\u0259 buna do\u011fru g\u0259lmi\u015fik. CBC TV bununla \u0259laq\u0259dar \u201cGlobal Media Group\u201dun media direktoru, tan\u0131nm\u0131\u015f jurnalist H\u0259mid H\u0259midovdan m\u00fcnasib\u0259t \u00f6yr\u0259nib. H.H\u0259midov ilk n\u00f6vb\u0259d\u0259 b\u00fct\u00fcn Az\u0259rbaycan xalq\u0131n\u0131\u00a0 t\u0259brik edib. Daha sonra hadis\u0259nin \u00e7ox &hellip;<\/p>\n","protected":false},"author":1,"featured_media":2319,"comment_status":"open","ping_status":"closed","sticky":false,"template":"","format":"standard","meta":{"footnotes":""},"categories":[9],"tags":[],"class_list":["post-2318","post","type-post","status-publish","format-standard","has-post-thumbnail","hentry","category-xeber"],"_links":{"self":[{"href":"https:\/\/millitv.net\/index.php?rest_route=\/wp\/v2\/posts\/2318","targetHints":{"allow":["GET"]}}],"collection":[{"href":"https:\/\/millitv.net\/index.php?rest_route=\/wp\/v2\/posts"}],"about":[{"href":"https:\/\/millitv.net\/index.php?rest_route=\/wp\/v2\/types\/post"}],"author":[{"embeddable":true,"href":"https:\/\/millitv.net\/index.php?rest_route=\/wp\/v2\/users\/1"}],"replies":[{"embeddable":true,"href":"https:\/\/millitv.net\/index.php?rest_route=%2Fwp%2Fv2%2Fcomments&post=2318"}],"version-history":[{"count":0,"href":"https:\/\/millitv.net\/index.php?rest_route=\/wp\/v2\/posts\/2318\/revisions"}],"wp:featuredmedia":[{"embeddable":true,"href":"https:\/\/millitv.net\/index.php?rest_route=\/wp\/v2\/media\/2319"}],"wp:attachment":[{"href":"https:\/\/millitv.net\/index.php?rest_route=%2Fwp%2Fv2%2Fmedia&parent=2318"}],"wp:term":[{"taxonomy":"category","embeddable":true,"href":"https:\/\/millitv.net\/index.php?rest_route=%2Fwp%2Fv2%2Fcategories&post=2318"},{"taxonomy":"post_tag","embeddable":true,"href":"https:\/\/millitv.net\/index.php?rest_route=%2Fwp%2Fv2%2Ftags&post=2318"}],"curies":[{"name":"wp","href":"https:\/\/api.w.org\/{rel}","templated":true}]}}