{"id":2308,"date":"2023-10-16T14:24:00","date_gmt":"2023-10-16T14:24:00","guid":{"rendered":"https:\/\/millinews.az\/xeber\/qizlari-il%C9%99-birg%C9%99-ozunu-binadan-atan-qadin-haqqinda-q%C9%99rar-verildi\/"},"modified":"2023-10-16T14:24:00","modified_gmt":"2023-10-16T14:24:00","slug":"qizlari-il%C9%99-birg%C9%99-ozunu-binadan-atan-qadin-haqqinda-q%C9%99rar-verildi","status":"publish","type":"post","link":"https:\/\/millitv.net\/?p=2308","title":{"rendered":"Q\u0131zlar\u0131 il\u0259 birg\u0259 \u00f6z\u00fcn\u00fc binadan atan qad\u0131n haqq\u0131nda q\u0259rar verildi"},"content":{"rendered":"<div id=\"maincontent\">&#13;<br \/>\n        &#13;<\/p>\n<p><strong>Yasamal rayonunda iki azya\u015fl\u0131 q\u0131z\u0131 il\u0259 birg\u0259 \u00f6z\u00fcn\u00fc binan\u0131n be\u015finci m\u0259rt\u0259b\u0259sind\u0259n atan 26 ya\u015fl\u0131 Ayt\u0259n Abbasovan\u0131n cinay\u0259t i\u015fi \u00fczr\u0259 m\u0259hk\u0259m\u0259 ara\u015fd\u0131rmas\u0131 ba\u015fa \u00e7at\u0131b.<\/strong><\/p>\n<p><a href=\"https:\/\/Millinews.az\" target=\"_blank\" class=\"kw-link\" rel=\"noopener\">Millinews.az<\/a> \u201cQafqazinfo\u201dya istinad\u0259n x\u0259b\u0259r verir ki, m\u0259hk\u0259m\u0259 istintaq\u0131n\u0131n gedi\u015find\u0259 hadis\u0259nin ba\u015f verm\u0259sin\u0259 g\u0259tirib \u00e7\u0131xaran detallar a\u00e7\u0131qlan\u0131b.<\/p>\n<p>\u0130ttihamda deyilir ki, A.Abbasova bir evd\u0259 ya\u015fad\u0131\u011f\u0131 qay\u0131nanas\u0131 il\u0259 m\u00fct\u0259madi olaraq dava edib. Sonuncu dava zaman\u0131 ona z\u0259rb\u0259l\u0259r endirib. Bundan sonra qay\u0131nanas\u0131 bu haqda Rusiyada ya\u015fayan o\u011fluna, Ayt\u0259nin \u0259ri Suslana z\u0259ng vuraraq g\u0259lininin onun 60 illik yubileyini t\u0259brik etm\u0259k \u0259v\u0259zin\u0259 dala\u015fd\u0131\u011f\u0131n\u0131 bildirib.<\/p>\n<p>Anas\u0131n\u0131n narahatl\u0131\u011f\u0131na g\u00f6r\u0259 Suslan arvad\u0131na z\u0259ng vuraraq ac\u0131qlan\u0131b, Bak\u0131ya qay\u0131daca\u011f\u0131n\u0131 v\u0259 onu c\u0259zaland\u0131raca\u011f\u0131n\u0131 deyib. Bundan \u0259s\u0259bil\u0259\u015f\u0259n Ayt\u0259n onlardan qisas almaq q\u0259rar\u0131na g\u0259lib, \u00f6z\u00fcn\u00fc u\u015faqlar\u0131 il\u0259 birlikd\u0259 binadan ataraq intihar etm\u0259k ist\u0259yib.<\/p>\n<p>H\u0259min g\u00fcn o, iki azya\u015fl\u0131 q\u0131z\u0131 il\u0259 birlikd\u0259 \u00f6z\u00fcn\u00fc binan\u0131n 5-ci m\u0259rt\u0259b\u0259sind\u0259n yer\u0259 at\u0131b. N\u0259tic\u0259d\u0259 \u00fc\u00e7 ya\u015fl\u0131 u\u015faq \u00f6l\u00fcb, ana v\u0259 dig\u0259r q\u0131z\u0131 is\u0259 x\u0259st\u0259xanaya yerl\u0259\u015fdirilibl\u0259r.<\/p>\n<p>Ayt\u0259n Abbasova m\u0259hk\u0259m\u0259d\u0259 hadis\u0259ni v\u0259 \u0259vv\u0259ll\u0259r n\u0259 dan\u0131\u015fd\u0131\u011f\u0131n\u0131 xat\u0131rlamad\u0131\u011f\u0131n\u0131 deyib: \u201cHe\u00e7 n\u0259 yad\u0131mda deyil. M\u0259n u\u015faqlar\u0131mla birg\u0259 intihar etm\u0259mi\u015f\u0259m. \u00d6vladlar\u0131m ya\u015fay\u0131r\u201d.<\/p>\n<p>T\u0259qsirl\u0259ndiril\u0259n \u015f\u0259xsin v\u0259kili m\u00fcv\u0259kkilinin hadis\u0259 vaxt\u0131 y\u00fcks\u0259k hiss-h\u0259y\u0259can i\u00e7ind\u0259 oldu\u011funu, haz\u0131rda he\u00e7 n\u0259yi yad\u0131na sala bilm\u0259diyini deyib.<\/p>\n<p>H\u00f6km\u0259 \u0259sas\u0259n, Ayt\u0259n Abbasova hadis\u0259ni anlaqs\u0131z v\u0259ziyy\u0259td\u0259 t\u00f6r\u0259tdiyind\u0259n cinay\u0259t m\u0259suliyy\u0259tind\u0259n azad edilib. Onun bar\u0259sind\u0259 \u00fcmumi tipli psixiatriya stasionar\u0131nda tibbi xarakterli m\u0259cburi m\u00fcalic\u0259 t\u0259yin edilib.<\/p>\n<p>Xat\u0131rladaq ki, hadis\u0259 \u00f6t\u0259n ilin iyulunda qeyd\u0259 al\u0131n\u0131b. A.Abbasovaya qar\u015f\u0131 Cinay\u0259t M\u0259c\u0259ll\u0259sinin 120.2.4 (x\u00fcsusi amans\u0131zl\u0131qla adam \u00f6ld\u00fcrm\u0259), 29 120.2.4 ( x\u00fcsusi amans\u0131zl\u0131qla adam \u00f6ld\u00fcrm\u0259y\u0259 c\u0259hd) v\u0259 dig\u0259r b\u0259nz\u0259r madd\u0259l\u0259rl\u0259 yekun ittiham verilib, bar\u0259sind\u0259 polisin n\u0259zar\u0259ti alt\u0131na verm\u0259 q\u0259timkan t\u0259dbiri se\u00e7ilib. <\/p>\n<p>&#13;<br \/>\n        &#13;<br \/>\n&#13;<br \/>\n        &#13;<br \/>\n&#13;<\/p>\n<p><noscript><\/p>\n<p>You must enable Javascript on your browser for the site to work optimally and display sections completely.<\/p>\n<p><\/noscript>\t\t&#13;<br \/>\n\t\t&#13;\n    <\/div>\n<p><script type=\"text\/javascript\">jQuery(document).ready(function () {\n(function(d, s, id) {\n    var js, fjs = d.getElementsByTagName(s)[0];\n    if (d.getElementById(id))\n        return;\n    js = d.createElement(s);\n    js.id = id;\n    js.src = \"\/\/connect.facebook.net\/az_AZ\/all.js#xfbml=1&appId=1002485763137712\";\n    fjs.parentNode.insertBefore(js, fjs);\n}(document, 'script', 'facebook-jssdk'));                \n});<\/script><\/p>\n","protected":false},"excerpt":{"rendered":"<p>&#13; &#13; Yasamal rayonunda iki azya\u015fl\u0131 q\u0131z\u0131 il\u0259 birg\u0259 \u00f6z\u00fcn\u00fc binan\u0131n be\u015finci m\u0259rt\u0259b\u0259sind\u0259n atan 26 ya\u015fl\u0131 Ayt\u0259n Abbasovan\u0131n cinay\u0259t i\u015fi \u00fczr\u0259 m\u0259hk\u0259m\u0259 ara\u015fd\u0131rmas\u0131 ba\u015fa \u00e7at\u0131b. Millinews.az \u201cQafqazinfo\u201dya istinad\u0259n x\u0259b\u0259r verir ki, m\u0259hk\u0259m\u0259 istintaq\u0131n\u0131n gedi\u015find\u0259 hadis\u0259nin ba\u015f verm\u0259sin\u0259 g\u0259tirib \u00e7\u0131xaran detallar a\u00e7\u0131qlan\u0131b. \u0130ttihamda deyilir ki, A.Abbasova bir evd\u0259 ya\u015fad\u0131\u011f\u0131 qay\u0131nanas\u0131 il\u0259 m\u00fct\u0259madi olaraq dava edib. Sonuncu &hellip;<\/p>\n","protected":false},"author":1,"featured_media":2309,"comment_status":"open","ping_status":"closed","sticky":false,"template":"","format":"standard","meta":{"footnotes":""},"categories":[9],"tags":[],"class_list":["post-2308","post","type-post","status-publish","format-standard","has-post-thumbnail","hentry","category-xeber"],"_links":{"self":[{"href":"https:\/\/millitv.net\/index.php?rest_route=\/wp\/v2\/posts\/2308","targetHints":{"allow":["GET"]}}],"collection":[{"href":"https:\/\/millitv.net\/index.php?rest_route=\/wp\/v2\/posts"}],"about":[{"href":"https:\/\/millitv.net\/index.php?rest_route=\/wp\/v2\/types\/post"}],"author":[{"embeddable":true,"href":"https:\/\/millitv.net\/index.php?rest_route=\/wp\/v2\/users\/1"}],"replies":[{"embeddable":true,"href":"https:\/\/millitv.net\/index.php?rest_route=%2Fwp%2Fv2%2Fcomments&post=2308"}],"version-history":[{"count":0,"href":"https:\/\/millitv.net\/index.php?rest_route=\/wp\/v2\/posts\/2308\/revisions"}],"wp:featuredmedia":[{"embeddable":true,"href":"https:\/\/millitv.net\/index.php?rest_route=\/wp\/v2\/media\/2309"}],"wp:attachment":[{"href":"https:\/\/millitv.net\/index.php?rest_route=%2Fwp%2Fv2%2Fmedia&parent=2308"}],"wp:term":[{"taxonomy":"category","embeddable":true,"href":"https:\/\/millitv.net\/index.php?rest_route=%2Fwp%2Fv2%2Fcategories&post=2308"},{"taxonomy":"post_tag","embeddable":true,"href":"https:\/\/millitv.net\/index.php?rest_route=%2Fwp%2Fv2%2Ftags&post=2308"}],"curies":[{"name":"wp","href":"https:\/\/api.w.org\/{rel}","templated":true}]}}