{"id":23017,"date":"2026-03-16T14:48:22","date_gmt":"2026-03-16T14:48:22","guid":{"rendered":"https:\/\/millitv.net\/?p=23017"},"modified":"2026-03-16T14:48:23","modified_gmt":"2026-03-16T14:48:23","slug":"imtahanlarla-bagli-problem-davam-edir-n%c9%99tic%c9%99l%c9%99rin-l%c9%99gvi-mumkundurmu","status":"publish","type":"post","link":"https:\/\/millitv.net\/?p=23017","title":{"rendered":"\u0130mtahanlarla ba\u011fl\u0131 problem davam edir:\u00a0N\u0259tic\u0259l\u0259rin l\u0259\u011fvi m\u00fcmk\u00fcnd\u00fcrm\u00fc?"},"content":{"rendered":"\n<p><strong>Bu il mart\u0131n 9-da v\u0259 15-d\u0259 ke\u00e7irilmi\u015f burax\u0131l\u0131\u015f imtahanlar\u0131 c\u0259miyy\u0259td\u0259 geni\u015f etirazlara s\u0259b\u0259b olub. Sosial \u015f\u0259b\u0259k\u0259l\u0259rd\u0259 \u00e7oxlu sayda \u201cSuallar \u00e7ox \u00e7\u0259tin idi\u201d, \u201cVaxt az idi\u201d kimi payla\u015f\u0131lan statuslara minl\u0259rl\u0259 \u015f\u0259rhl\u0259r yaz\u0131l\u0131b.<\/strong><\/p>\n\n\n\n<p>\u018fks\u0259r istifad\u0259\u00e7il\u0259r imtahan suallar\u0131n\u0131n \u00e7\u0259tinliyini, anla\u015f\u0131lmazl\u0131\u011f\u0131n\u0131, q\u0259lizliyini vur\u011fulay\u0131blar. D\u00f6vl\u0259t \u0130mtahan M\u0259rk\u0259zi (D\u0130M) is\u0259 etirazlar\u0131 q\u0259bul etm\u0259diyini bildirib. R\u0259smi a\u00e7\u0131qlamalara g\u00f6r\u0259, testl\u0259rd\u0259 sad\u0259, orta v\u0259 \u00e7\u0259tin suallar\u0131n nisb\u0259ti n\u0259z\u0259rd\u0259 tutulub v\u0259 imtahan m\u00fcdd\u0259ti \u0259vv\u0259lki ill\u0259rd\u0259n f\u0259rql\u0259nmir.<\/p>\n\n\n\n<p>D\u0130M do\u011fru qiym\u0259tl\u0259ndirm\u0259ni yaln\u0131z statistik t\u0259hlil v\u0259 \u0259vv\u0259lki ill\u0259rl\u0259 m\u00fcqayis\u0259d\u0259n sonra ver\u0259c\u0259yini bildirib.<\/p>\n\n\n\n<p><a href=\"https:\/\/yenisabah.az\/search\/?q=Az%C9%99rbaycan\" target=\"_blank\" rel=\"noreferrer noopener\">Az\u0259rbaycan<\/a>&nbsp;dili d\u0259rslikl\u0259rinin h\u0259mm\u00fc\u0259llifi, filologiya \u00fczr\u0259 f\u0259ls\u0259f\u0259 doktoru Rafiq \u0130smay\u0131lov is\u0259 hesab edir ki, \u00e7\u0259tin suallar\u0131n say\u0131 \u00e7ox olsa da, problem suallar\u0131n m\u0259zmununda deyil, onlar\u0131n formalar\u0131ndad\u0131r.<\/p>\n\n\n\n<p>O \u201cPressklub.az\u201da m\u00fcsahib\u0259sind\u0259 bildirib ki, adi bir biliyi yoxlamaq \u00fc\u00e7\u00fcn sual el\u0259 t\u0259rtib olunub ki, \u015fagird uzun m\u00fcdd\u0259t onun \u00fcz\u0259rind\u0259 d\u00fc\u015f\u00fcnm\u0259li olur. B\u0259lk\u0259 d\u0259 h\u0259min suallar D\u0130M-in test bazas\u0131nda \u201casan\u201d v\u0259 ya \u201corta \u00e7\u0259tinlikli\u201d kimi \u015fifr\u0259l\u0259nib.<\/p>\n\n\n\n<p>Lakin Rafiq \u0130smay\u0131lov vur\u011fulay\u0131b ki, forma q\u0259lizliyi qiym\u0259tl\u0259ndirm\u0259ni d\u00fczg\u00fcn aparma\u011fa mane olur: \u201c\u015eagird biliy\u0259 malik olsa da, sual\u0131n ifad\u0259si bu biliyi n\u00fcmayi\u015f etdirm\u0259y\u0259 imkan vermir\u201d.<\/p>\n\n\n\n<p>Forma q\u0259lizliyi bar\u0259d\u0259 dan\u0131\u015fan Rafiq \u0130smay\u0131lov bildirib ki, D\u0130M testl\u0259rind\u0259 t\u0259tbiq olunan \u201cklaster\u201d v\u0259 \u201cVenn diaqram\u0131\u201d modell\u0259ri \u00e7ox zaman d\u00f6rd komponentd\u0259n ibar\u0259t olur: \u015f\u0259rt, sxem v\u0259 ya diaqram, sadalanan x\u00fcsusiyy\u0259tl\u0259r v\u0259 cavab variantlar\u0131.<\/p>\n\n\n\n<p>O deyib ki, b\u0259z\u0259n suallar\u0131n \u015f\u0259rti ayd\u0131n ifad\u0259 olunmur v\u0259 onlar\u0131 bir ne\u00e7\u0259 d\u0259f\u0259 oxumaq laz\u0131m g\u0259lir. Bundan ba\u015fqa, testl\u0259rd\u0259 \u00e7ox vaxt yanl\u0131\u015f cavab\u0131 tapmaq t\u0259l\u0259b olunur ki, bu da \u00e7\u0259tinliyi art\u0131r\u0131r.&nbsp;H\u0259tta \u201cDo\u011fru\u2013yanl\u0131\u015f\u2013ehtimal\u201d modelind\u0259 yanl\u0131\u015f cavab \u201cyanl\u0131\u015f\u201d s\u00fctununda verilir, \u015fagird is\u0259 onu do\u011fru cavab kimi g\u00f6t\u00fcrm\u0259lidir.<\/p>\n\n\n\n<p>Rafiq \u0130smay\u0131lov bildirib ki, Az\u0259rbaycan dili imtahan\u0131nda dil qaydalar\u0131n\u0131n haz\u0131rk\u0131 qiym\u0259tl\u0259ndirm\u0259 konsepsiyas\u0131 \u201cm\u0259n\u0259vi qocal\u0131q\u201d d\u00f6vr\u00fcn\u00fc ya\u015fay\u0131r:&nbsp;\u201cM\u0259zmun bax\u0131m\u0131ndan testl\u0259r 25 il \u0259vv\u0259lki testl\u0259rd\u0259n f\u0259rql\u0259nmir. F\u0259rq yaln\u0131z forma v\u0259 sual modell\u0259rind\u0259dir\u201d.&nbsp;<\/p>\n\n\n\n<p>O deyib ki, m\u00fcasir dil t\u0259drisin\u0259 g\u00f6r\u0259, dil qaydalar\u0131 yaz\u0131 bacar\u0131\u011f\u0131n\u0131 formala\u015fd\u0131rma\u011fa xidm\u0259t etm\u0259lidir, amma son ill\u0259rd\u0259 D\u0130M testl\u0259rind\u0259 akademik bilikl\u0259r prioritet g\u00f6t\u00fcr\u00fcl\u00fcb.&nbsp;Onun s\u00f6zl\u0259rin\u0259 g\u00f6r\u0259, builki imtahanda on sualdan yaln\u0131z biri dil qaydalar\u0131n\u0131n nitqd\u0259 t\u0259tbiqini yoxlay\u0131r, qalanlar\u0131 akademik bilikl\u0259 ba\u011fl\u0131d\u0131r.<\/p>\n\n\n\n<p>Oxu bacar\u0131\u011f\u0131 il\u0259 ba\u011fl\u0131 Rafiq \u0130smay\u0131lov bildirib ki, problem m\u0259tni uzunlu\u011fu deyil, test t\u0259rtib\u00e7il\u0259rinin m\u0259tnd\u0259 \u00e7oxlu m\u00fcdaxil\u0259l\u0259r etm\u0259sidir:&nbsp;qrafik kodlar, kvadratlar, \u00fc\u00e7bucaqlar, c\u00fcml\u0259 v\u0259 abzaslar\u0131n \u00e7\u0259r\u00e7iv\u0259d\u0259 verilm\u0259si, f\u0259rqli \u015friftl\u0259r v\u0259 s.&nbsp;<\/p>\n\n\n\n<p>O qeyd edib ki, bu m\u00fcdaxil\u0259l\u0259r \u015fagirdin fikrini yay\u0131nd\u0131r\u0131r v\u0259 m\u0259tni rahat oxuma\u011fa mane olur. Rafiq \u0130smay\u0131lov deyib ki, m\u0259tni dil-\u00fcslub bax\u0131m\u0131ndan t\u0259kmill\u0259\u015fdirm\u0259k yaz\u0131 bacar\u0131\u011f\u0131n\u0131 yoxlayan ayr\u0131ca sual kimi t\u0259tbiq olunmal\u0131d\u0131r.<\/p>\n\n\n\n<p>Rafiq \u0130smay\u0131lov bildirib ki, D\u0130M ekspertl\u0259ri t\u0259dris proqram\u0131 v\u0259 d\u0259rslik materiallar\u0131 \u00e7\u0259r\u00e7iv\u0259sind\u0259 i\u015fl\u0259yir v\u0259 h\u0259r bir test sual\u0131n\u0131n uy\u011funlu\u011fu yoxlan\u0131l\u0131r.&nbsp;<\/p>\n\n\n\n<p>O deyib ki, uy\u011funsuzluq qiym\u0259tl\u0259ndirm\u0259d\u0259 n\u0259y\u0259 \u00fcst\u00fcnl\u00fck verilm\u0259sind\u0259n yaran\u0131r:&nbsp;\u201cAkademik bilikl\u0259ri yoxlamaq pe\u015f\u0259 y\u00f6n\u00fcml\u00fc \u015fagirdl\u0259r \u00fc\u00e7\u00fcn l\u00fczumsuzdur\u201d.&nbsp;<\/p>\n\n\n\n<p>Onun s\u00f6zl\u0259rin\u0259 g\u00f6r\u0259, t\u0259hsil h\u0259l\u0259 d\u0259 imtahany\u00f6n\u00fcml\u00fcd\u00fcr v\u0259 d\u0259rslikl\u0259rl\u0259 imtahan metodikas\u0131 qar\u0131\u015fd\u0131r\u0131l\u0131r. B\u0259z\u0259n m\u00fc\u0259lliml\u0259r d\u0259rslikl\u0259ri k\u0259nara qoyub D\u0130M v\u0259saitl\u0259ri il\u0259 \u015fagirdl\u0259ri imtahana haz\u0131rla\u015fd\u0131r\u0131r, halbuki d\u0259rslikl\u0259r \u015fagirdin \u015f\u0259xsiyy\u0259ty\u00f6n\u00fcml\u00fc inki\u015faf\u0131 \u00fc\u00e7\u00fcn vacibdir.<\/p>\n\n\n\n<p>Rafiq \u0130smay\u0131lov deyib ki, d\u00fcnya t\u0259cr\u00fcb\u0259si g\u00f6st\u0259rir ki, t\u0259hsil ver\u0259n v\u0259 qiym\u0259tl\u0259ndir\u0259n qurumlar ayr\u0131 olmal\u0131d\u0131r, lakin \u0259m\u0259kda\u015fl\u0131q t\u0259hsilin inki\u015faf\u0131 \u00fc\u00e7\u00fcn faydal\u0131d\u0131r. O bildirib ki, Az\u0259rbaycan dilind\u0259 m\u0259tnl\u0259rin m\u00fcr\u0259kk\u0259blik d\u0259r\u0259c\u0259sini \u00f6l\u00e7\u0259n meyarlar m\u00fc\u0259yy\u0259nl\u0259\u015fdirilm\u0259li, \u015fagirdl\u0259rin s\u00f6z ehtiyat\u0131 v\u0259 oxuyub-anlama s\u00fcr\u0259ti bar\u0259d\u0259 m\u0259lumatlar haz\u0131rlanmal\u0131d\u0131r.<\/p>\n\n\n\n<p>Onun s\u00f6zl\u0259rin\u0259 g\u00f6r\u0259, g\u00f6r\u00fcl\u0259c\u0259k i\u015fl\u0259r \u00e7oxdur v\u0259 b\u00fct\u00fcn qurumlar t\u0259hsilin inki\u015faf\u0131n\u0131 prioritet kimi q\u0259bul etm\u0259lidir.<\/p>\n","protected":false},"excerpt":{"rendered":"<p>Bu il mart\u0131n 9-da v\u0259 15-d\u0259 ke\u00e7irilmi\u015f burax\u0131l\u0131\u015f imtahanlar\u0131 c\u0259miyy\u0259td\u0259 geni\u015f etirazlara s\u0259b\u0259b olub. Sosial \u015f\u0259b\u0259k\u0259l\u0259rd\u0259 \u00e7oxlu sayda \u201cSuallar \u00e7ox \u00e7\u0259tin idi\u201d, \u201cVaxt az idi\u201d kimi payla\u015f\u0131lan statuslara minl\u0259rl\u0259 \u015f\u0259rhl\u0259r yaz\u0131l\u0131b. \u018fks\u0259r istifad\u0259\u00e7il\u0259r imtahan suallar\u0131n\u0131n \u00e7\u0259tinliyini, anla\u015f\u0131lmazl\u0131\u011f\u0131n\u0131, q\u0259lizliyini vur\u011fulay\u0131blar. D\u00f6vl\u0259t \u0130mtahan M\u0259rk\u0259zi (D\u0130M) is\u0259 etirazlar\u0131 q\u0259bul etm\u0259diyini bildirib. R\u0259smi a\u00e7\u0131qlamalara g\u00f6r\u0259, testl\u0259rd\u0259 sad\u0259, orta v\u0259 &hellip;<\/p>\n","protected":false},"author":1,"featured_media":23018,"comment_status":"open","ping_status":"closed","sticky":false,"template":"","format":"standard","meta":{"footnotes":""},"categories":[1],"tags":[],"class_list":["post-23017","post","type-post","status-publish","format-standard","has-post-thumbnail","hentry","category-idman"],"_links":{"self":[{"href":"https:\/\/millitv.net\/index.php?rest_route=\/wp\/v2\/posts\/23017","targetHints":{"allow":["GET"]}}],"collection":[{"href":"https:\/\/millitv.net\/index.php?rest_route=\/wp\/v2\/posts"}],"about":[{"href":"https:\/\/millitv.net\/index.php?rest_route=\/wp\/v2\/types\/post"}],"author":[{"embeddable":true,"href":"https:\/\/millitv.net\/index.php?rest_route=\/wp\/v2\/users\/1"}],"replies":[{"embeddable":true,"href":"https:\/\/millitv.net\/index.php?rest_route=%2Fwp%2Fv2%2Fcomments&post=23017"}],"version-history":[{"count":1,"href":"https:\/\/millitv.net\/index.php?rest_route=\/wp\/v2\/posts\/23017\/revisions"}],"predecessor-version":[{"id":23019,"href":"https:\/\/millitv.net\/index.php?rest_route=\/wp\/v2\/posts\/23017\/revisions\/23019"}],"wp:featuredmedia":[{"embeddable":true,"href":"https:\/\/millitv.net\/index.php?rest_route=\/wp\/v2\/media\/23018"}],"wp:attachment":[{"href":"https:\/\/millitv.net\/index.php?rest_route=%2Fwp%2Fv2%2Fmedia&parent=23017"}],"wp:term":[{"taxonomy":"category","embeddable":true,"href":"https:\/\/millitv.net\/index.php?rest_route=%2Fwp%2Fv2%2Fcategories&post=23017"},{"taxonomy":"post_tag","embeddable":true,"href":"https:\/\/millitv.net\/index.php?rest_route=%2Fwp%2Fv2%2Ftags&post=23017"}],"curies":[{"name":"wp","href":"https:\/\/api.w.org\/{rel}","templated":true}]}}