{"id":23006,"date":"2026-03-16T14:38:29","date_gmt":"2026-03-16T14:38:29","guid":{"rendered":"https:\/\/millitv.net\/?p=23006"},"modified":"2026-03-16T14:38:30","modified_gmt":"2026-03-16T14:38:30","slug":"pensiya-il%c9%99-bagli-sad-xeber-bu-s%c9%99xsl%c9%99r-5-il-tez-cixacaqlar","status":"publish","type":"post","link":"https:\/\/millitv.net\/?p=23006","title":{"rendered":"Pensiya il\u0259 ba\u011fl\u0131 \u015eAD X\u018fB\u018fR &#8211; Bu \u015f\u0259xsl\u0259r 5 il tez \u00e7\u0131xacaqlar"},"content":{"rendered":"\n<p><strong>\u201c\u018fm\u0259k pensiyalar\u0131 haqq\u0131nda\u201d qanunun 8-ci madd\u0259sin\u0259 edil\u0259n d\u0259yi\u015fikliy\u0259 \u0259sas\u0259n, \u0259vv\u0259ll\u0259r qad\u0131nlara \u015famil olunan g\u00fcz\u0259\u015ftli pensiya h\u00fcququ haz\u0131rda ki\u015fil\u0259r\u0259 d\u0259 \u015famil olunur.<\/strong><\/p>\n\n\n\n<p>KONKRET.az\u00a0x\u0259b\u0259r verir ki, bunu Milli M\u0259clisin Sosial qanunvericilik \u015f\u00f6b\u0259sinin m\u00fcdiri Adil V\u0259liyev \u0130qtisadiyyat.az-a a\u00e7\u0131qlamas\u0131nda deyib.<\/p>\n\n\n\n<p><strong>Onun s\u00f6zl\u0259rin\u0259 g\u00f6r\u0259, qanunun 8.1 madd\u0259sind\u0259 deyilir ki, valideyn himay\u0259sind\u0259n m\u0259hrum olmu\u015f s\u0259kkiz ya\u015f\u0131nad\u0259k \u00f6vladl\u0131\u011fa v\u0259 ya q\u0259yyumlu\u011fa g\u00f6t\u00fcr\u00fclm\u00fc\u015f u\u015faqlar da daxil olmaqla be\u015f v\u0259 daha \u00e7ox u\u015fa\u011f\u0131 olan v\u0259 ya \u0259lilliyi olan u\u015fa\u011f\u0131 olan qad\u0131nlar\u0131n v\u0259 ki\u015fil\u0259rin, u\u015faqlar\u0131n s\u0259kkiz ya\u015f\u0131nad\u0259k sa\u011f olmas\u0131 \u015f\u0259rtil\u0259, bu Qanunun 7-ci madd\u0259si il\u0259 m\u00fc\u0259yy\u0259n edilmi\u015f \u015f\u0259rtl\u0259r daxilind\u0259 ya\u015f h\u0259ddi 5 il azald\u0131lmaqla ya\u015fa g\u00f6r\u0259 \u0259m\u0259k pensiyas\u0131 h\u00fcququ vard\u0131r:<\/strong><\/p>\n\n\n\n<blockquote class=\"wp-block-quote is-layout-flow wp-block-quote-is-layout-flow\">\n<p>\u201cY\u0259ni \u0259vv\u0259l qad\u0131nlara \u015famil olunan variant ki\u015fil\u0259r\u0259 d\u0259 \u015famil olunur. Amma bir \u015f\u0259rtl\u0259, qad\u0131n v\u0259fat etdiyi, habel\u0259 m\u0259hk\u0259m\u0259nin qanuni q\u00fcvv\u0259y\u0259 minmi\u015f q\u0259rar\u0131na \u0259sas\u0259n, valideynlik h\u00fcququndan m\u0259hrum edildiyi v\u0259 yaxud da nikaha xitam verildiyi \u00fc\u00e7\u00fcn u\u015faq ki\u015finin himay\u0259sin\u0259 verildiyi hallarda h\u0259min o 5 illik g\u00fcz\u0259\u015ft t\u0259tbiq olunur. Y\u0259ni birlikd\u0259 olduqda, t\u0259bii ki, ilk n\u00f6vb\u0259d\u0259 qad\u0131n bu m\u0259s\u0259l\u0259l\u0259rd\u0259 prioritet olaraq \u00f6n\u0259 \u00e7\u0259kilir. Amma yen\u0259 d\u0259 qeyd etdiyim kimi, h\u0259yat yolda\u015f\u0131 olan qad\u0131n v\u0259fat edirs\u0259, m\u0259hk\u0259m\u0259nin qanuni q\u00fcvv\u0259y\u0259 minmi\u015f q\u0259rar\u0131na \u0259sas\u0259n, qad\u0131n valideynlik h\u00fcququndan m\u0259hrum edilirs\u0259 v\u0259 yaxud nikaha xitam verilir v\u0259 u\u015faqlar da ki\u015finin himay\u0259sin\u0259 verilirs\u0259, o hallarda, b\u0259li, ki\u015fil\u0259r\u0259 d\u0259 \u015famil olunur v\u0259 be\u015f v\u0259 daha \u00e7ox u\u015fa\u011f\u0131 olan v\u0259 yaxud \u0259lilliyi olan u\u015fa\u011f\u0131 olan ki\u015fi \u00f6vlad\u0131n\u0131 t\u0259kba\u015f\u0131na b\u00f6y\u00fctd\u00fckd\u0259 5 il azald\u0131lmaqla ya\u015fa g\u00f6r\u0259 g\u00fcz\u0259\u015ftli \u0259m\u0259k pensiyas\u0131 h\u00fcququ yaran\u0131r. Y\u0259ni 60 ya\u015f\u0131ndan \u00e7\u0131xa bilir\u201d.<\/p>\n<\/blockquote>\n","protected":false},"excerpt":{"rendered":"<p>\u201c\u018fm\u0259k pensiyalar\u0131 haqq\u0131nda\u201d qanunun 8-ci madd\u0259sin\u0259 edil\u0259n d\u0259yi\u015fikliy\u0259 \u0259sas\u0259n, \u0259vv\u0259ll\u0259r qad\u0131nlara \u015famil olunan g\u00fcz\u0259\u015ftli pensiya h\u00fcququ haz\u0131rda ki\u015fil\u0259r\u0259 d\u0259 \u015famil olunur. KONKRET.az\u00a0x\u0259b\u0259r verir ki, bunu Milli M\u0259clisin Sosial qanunvericilik \u015f\u00f6b\u0259sinin m\u00fcdiri Adil V\u0259liyev \u0130qtisadiyyat.az-a a\u00e7\u0131qlamas\u0131nda deyib. Onun s\u00f6zl\u0259rin\u0259 g\u00f6r\u0259, qanunun 8.1 madd\u0259sind\u0259 deyilir ki, valideyn himay\u0259sind\u0259n m\u0259hrum olmu\u015f s\u0259kkiz ya\u015f\u0131nad\u0259k \u00f6vladl\u0131\u011fa v\u0259 ya q\u0259yyumlu\u011fa g\u00f6t\u00fcr\u00fclm\u00fc\u015f &hellip;<\/p>\n","protected":false},"author":1,"featured_media":23007,"comment_status":"open","ping_status":"closed","sticky":false,"template":"","format":"standard","meta":{"footnotes":""},"categories":[1],"tags":[],"class_list":["post-23006","post","type-post","status-publish","format-standard","has-post-thumbnail","hentry","category-idman"],"_links":{"self":[{"href":"https:\/\/millitv.net\/index.php?rest_route=\/wp\/v2\/posts\/23006","targetHints":{"allow":["GET"]}}],"collection":[{"href":"https:\/\/millitv.net\/index.php?rest_route=\/wp\/v2\/posts"}],"about":[{"href":"https:\/\/millitv.net\/index.php?rest_route=\/wp\/v2\/types\/post"}],"author":[{"embeddable":true,"href":"https:\/\/millitv.net\/index.php?rest_route=\/wp\/v2\/users\/1"}],"replies":[{"embeddable":true,"href":"https:\/\/millitv.net\/index.php?rest_route=%2Fwp%2Fv2%2Fcomments&post=23006"}],"version-history":[{"count":1,"href":"https:\/\/millitv.net\/index.php?rest_route=\/wp\/v2\/posts\/23006\/revisions"}],"predecessor-version":[{"id":23008,"href":"https:\/\/millitv.net\/index.php?rest_route=\/wp\/v2\/posts\/23006\/revisions\/23008"}],"wp:featuredmedia":[{"embeddable":true,"href":"https:\/\/millitv.net\/index.php?rest_route=\/wp\/v2\/media\/23007"}],"wp:attachment":[{"href":"https:\/\/millitv.net\/index.php?rest_route=%2Fwp%2Fv2%2Fmedia&parent=23006"}],"wp:term":[{"taxonomy":"category","embeddable":true,"href":"https:\/\/millitv.net\/index.php?rest_route=%2Fwp%2Fv2%2Fcategories&post=23006"},{"taxonomy":"post_tag","embeddable":true,"href":"https:\/\/millitv.net\/index.php?rest_route=%2Fwp%2Fv2%2Ftags&post=23006"}],"curies":[{"name":"wp","href":"https:\/\/api.w.org\/{rel}","templated":true}]}}