{"id":23000,"date":"2026-03-16T14:35:03","date_gmt":"2026-03-16T14:35:03","guid":{"rendered":"https:\/\/millitv.net\/?p=23000"},"modified":"2026-03-16T14:35:05","modified_gmt":"2026-03-16T14:35:05","slug":"oz%c9%99l-pensiya-fondlari-il%c9%99-bagli-vacib-aciqlama-eg%c9%99r-t%c9%99qaudunuzun-bir-hiss%c9%99sini-onc%c9%99d%c9%99n-alsaniz","status":"publish","type":"post","link":"https:\/\/millitv.net\/?p=23000","title":{"rendered":"\u00d6z\u0259l pensiya fondlar\u0131 il\u0259 ba\u011fl\u0131 VAC\u0130B A\u00c7IQLAMA:\u00a0\u018fg\u0259r t\u0259qa\u00fcd\u00fcn\u00fcz\u00fcn bir hiss\u0259sini \u00f6nc\u0259d\u0259n alsan\u0131z&#8230;"},"content":{"rendered":"\n<p><strong>Az\u0259rbaycanda \u00f6z\u0259l pensiya fondlar\u0131n\u0131n yarad\u0131lmas\u0131 v\u0259 v\u0259t\u0259nda\u015flara pensiya kapital\u0131n\u0131n m\u00fc\u0259yy\u0259n hiss\u0259sini \u0259vv\u0259lc\u0259d\u0259n g\u00f6t\u00fcrm\u0259k imkan\u0131n\u0131n verilm\u0259si m\u00fczakir\u0259 olunan \u0259sas m\u0259s\u0259l\u0259l\u0259rd\u0259n biridir. Yeni mexanizm\u0259 g\u00f6r\u0259, v\u0259t\u0259nda\u015flar y\u0131\u011fd\u0131qlar\u0131 pensiya kapital\u0131n\u0131n 50-70 faizini pensiya ya\u015f\u0131na \u00e7atmadan istifad\u0259 ed\u0259 bil\u0259c\u0259kl\u0259r. Lakin bu imkan\u0131n g\u0259l\u0259c\u0259kd\u0259 pensiya t\u0259minat\u0131na nec\u0259 t\u0259sir ed\u0259c\u0259yi il\u0259 ba\u011fl\u0131 m\u00fcxt\u0259lif suallar yaran\u0131r. G\u00f6r\u0259s\u0259n, pensiya kapital\u0131n\u0131n b\u00f6y\u00fck hiss\u0259sinin \u0259vv\u0259lc\u0259d\u0259n g\u00f6t\u00fcr\u00fclm\u0259si g\u0259l\u0259c\u0259kd\u0259 v\u0259t\u0259nda\u015flar\u0131n ayl\u0131q pensiya m\u0259bl\u0259\u011finin azalmas\u0131na s\u0259b\u0259b ola bil\u0259rmi?<\/strong><\/p>\n\n\n\n<p>M\u00f6vzu il\u0259 ba\u011fl\u0131\u00a0KONKRET.az-a a\u00e7\u0131qlamas\u0131nda Liberal \u0130qtisad\u00e7\u0131lar M\u0259rk\u0259zinin s\u0259dri Akif N\u0259sirli bildirib ki, pensiya kapital\u0131n\u0131n b\u00f6y\u00fck hiss\u0259sinin \u0259vv\u0259lc\u0259d\u0259n \u00e7\u0131xar\u0131lmas\u0131 sonrak\u0131 d\u00f6vrd\u0259 \u00f6d\u0259nil\u0259n pensiyan\u0131n h\u0259cmin\u0259 birba\u015fa t\u0259sir g\u00f6st\u0259rir.<\/p>\n\n\n\n<blockquote class=\"wp-block-quote is-layout-flow wp-block-quote-is-layout-flow\">\n<p>Onun s\u00f6zl\u0259rin\u0259 g\u00f6r\u0259, \u00f6z\u0259l pensiya sistemi \u0259sas\u0259n y\u0131\u011f\u0131lm\u0131\u015f kapital v\u0259 h\u0259min kapital\u0131n g\u0259tirdiyi g\u0259lirl\u0259r \u0259sas\u0131nda formala\u015f\u0131r. Buna g\u00f6r\u0259 d\u0259 kapital\u0131n m\u00fc\u0259yy\u0259n hiss\u0259sinin \u0259vv\u0259lc\u0259d\u0259n g\u00f6t\u00fcr\u00fclm\u0259si pensiya ya\u015f\u0131na \u00e7atd\u0131qda y\u0131\u011f\u0131lm\u0131\u015f m\u0259bl\u0259\u011fin azalmas\u0131 il\u0259 n\u0259tic\u0259l\u0259n\u0259c\u0259k.<\/p>\n<\/blockquote>\n\n\n\n<p>\u201cV\u0259t\u0259nda\u015flar pensiya kapital\u0131n\u0131n 50\u201370 faizini \u0259vv\u0259lc\u0259d\u0259n g\u00f6t\u00fcrd\u00fckd\u0259, onlar\u0131n g\u0259l\u0259c\u0259kd\u0259 alacaqlar\u0131 ayl\u0131q pensiya m\u0259bl\u0259\u011fi d\u0259 azalacaq. \u00c7\u00fcnki pensiya sistemind\u0259 \u00f6d\u0259ni\u015fl\u0259rin h\u0259cmi birba\u015fa y\u0131\u011f\u0131lm\u0131\u015f kapital\u0131n miqdar\u0131ndan as\u0131l\u0131d\u0131r\u201d, \u2013 dey\u0259 o, qeyd edib.<\/p>\n\n\n\n<blockquote class=\"wp-block-quote is-layout-flow wp-block-quote-is-layout-flow\">\n<p>Ekspert vur\u011fulay\u0131b ki, bu imkan v\u0259t\u0259nda\u015flara cari maliyy\u0259 ehtiyaclar\u0131n\u0131 qar\u015f\u0131lamaq \u00fc\u00e7\u00fcn faydal\u0131 ola bil\u0259r. Lakin uzunm\u00fcdd\u0259tli perspektivd\u0259 pensiya g\u0259lirl\u0259rinin azalmas\u0131 riskini d\u0259 n\u0259z\u0259r\u0259 almaq laz\u0131md\u0131r.<\/p>\n<\/blockquote>\n\n\n\n<p>Akif N\u0259sirlinin s\u00f6zl\u0259rin\u0259 g\u00f6r\u0259, g\u0259l\u0259c\u0259k ayl\u0131q pensiya m\u0259bl\u0259\u011fi h\u0259m \u0259vv\u0259lc\u0259d\u0259n g\u00f6t\u00fcr\u00fcl\u0259n v\u0259saitin h\u0259cmi, h\u0259m d\u0259 pensiya fondlar\u0131n\u0131n investisiya g\u0259lirliliyi v\u0259 faizl\u0259rind\u0259n as\u0131l\u0131 olacaq.<\/p>\n","protected":false},"excerpt":{"rendered":"<p>Az\u0259rbaycanda \u00f6z\u0259l pensiya fondlar\u0131n\u0131n yarad\u0131lmas\u0131 v\u0259 v\u0259t\u0259nda\u015flara pensiya kapital\u0131n\u0131n m\u00fc\u0259yy\u0259n hiss\u0259sini \u0259vv\u0259lc\u0259d\u0259n g\u00f6t\u00fcrm\u0259k imkan\u0131n\u0131n verilm\u0259si m\u00fczakir\u0259 olunan \u0259sas m\u0259s\u0259l\u0259l\u0259rd\u0259n biridir. Yeni mexanizm\u0259 g\u00f6r\u0259, v\u0259t\u0259nda\u015flar y\u0131\u011fd\u0131qlar\u0131 pensiya kapital\u0131n\u0131n 50-70 faizini pensiya ya\u015f\u0131na \u00e7atmadan istifad\u0259 ed\u0259 bil\u0259c\u0259kl\u0259r. Lakin bu imkan\u0131n g\u0259l\u0259c\u0259kd\u0259 pensiya t\u0259minat\u0131na nec\u0259 t\u0259sir ed\u0259c\u0259yi il\u0259 ba\u011fl\u0131 m\u00fcxt\u0259lif suallar yaran\u0131r. G\u00f6r\u0259s\u0259n, pensiya kapital\u0131n\u0131n b\u00f6y\u00fck hiss\u0259sinin \u0259vv\u0259lc\u0259d\u0259n &hellip;<\/p>\n","protected":false},"author":1,"featured_media":23001,"comment_status":"open","ping_status":"closed","sticky":false,"template":"","format":"standard","meta":{"footnotes":""},"categories":[1],"tags":[],"class_list":["post-23000","post","type-post","status-publish","format-standard","has-post-thumbnail","hentry","category-idman"],"_links":{"self":[{"href":"https:\/\/millitv.net\/index.php?rest_route=\/wp\/v2\/posts\/23000","targetHints":{"allow":["GET"]}}],"collection":[{"href":"https:\/\/millitv.net\/index.php?rest_route=\/wp\/v2\/posts"}],"about":[{"href":"https:\/\/millitv.net\/index.php?rest_route=\/wp\/v2\/types\/post"}],"author":[{"embeddable":true,"href":"https:\/\/millitv.net\/index.php?rest_route=\/wp\/v2\/users\/1"}],"replies":[{"embeddable":true,"href":"https:\/\/millitv.net\/index.php?rest_route=%2Fwp%2Fv2%2Fcomments&post=23000"}],"version-history":[{"count":1,"href":"https:\/\/millitv.net\/index.php?rest_route=\/wp\/v2\/posts\/23000\/revisions"}],"predecessor-version":[{"id":23002,"href":"https:\/\/millitv.net\/index.php?rest_route=\/wp\/v2\/posts\/23000\/revisions\/23002"}],"wp:featuredmedia":[{"embeddable":true,"href":"https:\/\/millitv.net\/index.php?rest_route=\/wp\/v2\/media\/23001"}],"wp:attachment":[{"href":"https:\/\/millitv.net\/index.php?rest_route=%2Fwp%2Fv2%2Fmedia&parent=23000"}],"wp:term":[{"taxonomy":"category","embeddable":true,"href":"https:\/\/millitv.net\/index.php?rest_route=%2Fwp%2Fv2%2Fcategories&post=23000"},{"taxonomy":"post_tag","embeddable":true,"href":"https:\/\/millitv.net\/index.php?rest_route=%2Fwp%2Fv2%2Ftags&post=23000"}],"curies":[{"name":"wp","href":"https:\/\/api.w.org\/{rel}","templated":true}]}}