{"id":22997,"date":"2026-03-16T14:29:18","date_gmt":"2026-03-16T14:29:18","guid":{"rendered":"https:\/\/millitv.net\/?p=22997"},"modified":"2026-03-16T14:29:19","modified_gmt":"2026-03-16T14:29:19","slug":"intensiv-qar-yagacaq-17-d%c9%99r%c9%99c%c9%99-saxta-olacaq-hava-ile-bagli-sok-proqnoz","status":"publish","type":"post","link":"https:\/\/millitv.net\/?p=22997","title":{"rendered":"\u0130ntensiv qar ya\u011facaq, 17 d\u0259r\u0259c\u0259 \u015faxta olacaq &#8211;\u00a0HAVA \u0130L\u018f BA\u011eLI \u015eOK PROQNOZ"},"content":{"rendered":"\n<p>Az\u0259rbaycanda mart\u0131n 17-d\u0259 havan\u0131n b\u0259zi yerl\u0259rd\u0259 ya\u011f\u0131nt\u0131l\u0131 olaca\u011f\u0131 g\u00f6zl\u0259nilir.<\/p>\n\n\n\n<p>KONKRET.az\u00a0x\u0259b\u0259r verir ki, bu bar\u0259d\u0259 Milli Hidrometeorologiya Xidm\u0259ti m\u0259lumat yay\u0131b.<\/p>\n\n\n\n<blockquote class=\"wp-block-quote is-layout-flow wp-block-quote-is-layout-flow\">\n<p>Bak\u0131da v\u0259 Ab\u015feron yar\u0131madas\u0131nda hava \u015f\u0259raitinin d\u0259yi\u015fk\u0259n buludlu olaca\u011f\u0131, arabir tutulaca\u011f\u0131, \u0259sas\u0259n ya\u011fmursuz ke\u00e7\u0259c\u0259yi g\u00f6zl\u0259nilir. Lakin g\u00fcnd\u00fcz b\u0259zi yerl\u0259rd\u0259 az \u00e7iskinli olaca\u011f\u0131 ehtimal\u0131 var. M\u00fclayim \u015fimal-q\u0259rb k\u00fcl\u0259yi b\u0259zi yerl\u0259rd\u0259 arabir g\u00fccl\u0259n\u0259c\u0259k.<\/p>\n<\/blockquote>\n\n\n\n<p>Havan\u0131n temperaturu gec\u0259 5-8\u00b0 isti, g\u00fcnd\u00fcz 8-13\u00b0 isti olacaq. Atmosfer t\u0259zyiqi 758 mm civ\u0259 s\u00fctunundan 764 mm civ\u0259 s\u00fctununa y\u00fcks\u0259l\u0259c\u0259k. Nisbi r\u00fctub\u0259t gec\u0259 75-80 %, g\u00fcnd\u00fcz 65-70 % t\u0259\u015fkil ed\u0259c\u0259k.<\/p>\n\n\n\n<blockquote class=\"wp-block-quote is-layout-flow wp-block-quote-is-layout-flow\">\n<p>Az\u0259rbaycan\u0131n rayonlar\u0131nda b\u0259zi yerl\u0259rd\u0259 arabir ya\u011f\u0131nt\u0131l\u0131 olaca\u011f\u0131, da\u011fl\u0131q \u0259razil\u0259rd\u0259 qar ya\u011faca\u011f\u0131 g\u00f6zl\u0259nilir. Ayr\u0131-ayr\u0131 yerl\u0259rd\u0259 q\u0131sa m\u00fcdd\u0259t\u0259 intensivl\u0259\u015f\u0259c\u0259yi ehtimal\u0131 var. Ax\u015fam \u0259ks\u0259r rayonlarda ya\u011f\u0131nt\u0131lar t\u0259dric\u0259n k\u0259sil\u0259c\u0259k. Arabir duman. Q\u0259rb k\u00fcl\u0259yi b\u0259zi yerl\u0259rd\u0259 arabir g\u00fccl\u0259n\u0259c\u0259k.<\/p>\n<\/blockquote>\n\n\n\n<p>Havan\u0131n temperaturu gec\u0259 5-9\u00b0 isti, g\u00fcnd\u00fcz 12-17\u00b0 isti, da\u011flarda gec\u0259 3\u00b0 \u015faxtadan 2\u00b0-d\u0259k isti, g\u00fcnd\u00fcz 5-10\u00b0 isti olacaq.<\/p>\n","protected":false},"excerpt":{"rendered":"<p>Az\u0259rbaycanda mart\u0131n 17-d\u0259 havan\u0131n b\u0259zi yerl\u0259rd\u0259 ya\u011f\u0131nt\u0131l\u0131 olaca\u011f\u0131 g\u00f6zl\u0259nilir. KONKRET.az\u00a0x\u0259b\u0259r verir ki, bu bar\u0259d\u0259 Milli Hidrometeorologiya Xidm\u0259ti m\u0259lumat yay\u0131b. Bak\u0131da v\u0259 Ab\u015feron yar\u0131madas\u0131nda hava \u015f\u0259raitinin d\u0259yi\u015fk\u0259n buludlu olaca\u011f\u0131, arabir tutulaca\u011f\u0131, \u0259sas\u0259n ya\u011fmursuz ke\u00e7\u0259c\u0259yi g\u00f6zl\u0259nilir. Lakin g\u00fcnd\u00fcz b\u0259zi yerl\u0259rd\u0259 az \u00e7iskinli olaca\u011f\u0131 ehtimal\u0131 var. M\u00fclayim \u015fimal-q\u0259rb k\u00fcl\u0259yi b\u0259zi yerl\u0259rd\u0259 arabir g\u00fccl\u0259n\u0259c\u0259k. Havan\u0131n temperaturu gec\u0259 5-8\u00b0 isti, &hellip;<\/p>\n","protected":false},"author":1,"featured_media":22998,"comment_status":"open","ping_status":"closed","sticky":false,"template":"","format":"standard","meta":{"footnotes":""},"categories":[1],"tags":[],"class_list":["post-22997","post","type-post","status-publish","format-standard","has-post-thumbnail","hentry","category-idman"],"_links":{"self":[{"href":"https:\/\/millitv.net\/index.php?rest_route=\/wp\/v2\/posts\/22997","targetHints":{"allow":["GET"]}}],"collection":[{"href":"https:\/\/millitv.net\/index.php?rest_route=\/wp\/v2\/posts"}],"about":[{"href":"https:\/\/millitv.net\/index.php?rest_route=\/wp\/v2\/types\/post"}],"author":[{"embeddable":true,"href":"https:\/\/millitv.net\/index.php?rest_route=\/wp\/v2\/users\/1"}],"replies":[{"embeddable":true,"href":"https:\/\/millitv.net\/index.php?rest_route=%2Fwp%2Fv2%2Fcomments&post=22997"}],"version-history":[{"count":1,"href":"https:\/\/millitv.net\/index.php?rest_route=\/wp\/v2\/posts\/22997\/revisions"}],"predecessor-version":[{"id":22999,"href":"https:\/\/millitv.net\/index.php?rest_route=\/wp\/v2\/posts\/22997\/revisions\/22999"}],"wp:featuredmedia":[{"embeddable":true,"href":"https:\/\/millitv.net\/index.php?rest_route=\/wp\/v2\/media\/22998"}],"wp:attachment":[{"href":"https:\/\/millitv.net\/index.php?rest_route=%2Fwp%2Fv2%2Fmedia&parent=22997"}],"wp:term":[{"taxonomy":"category","embeddable":true,"href":"https:\/\/millitv.net\/index.php?rest_route=%2Fwp%2Fv2%2Fcategories&post=22997"},{"taxonomy":"post_tag","embeddable":true,"href":"https:\/\/millitv.net\/index.php?rest_route=%2Fwp%2Fv2%2Ftags&post=22997"}],"curies":[{"name":"wp","href":"https:\/\/api.w.org\/{rel}","templated":true}]}}