{"id":22994,"date":"2026-03-16T14:27:45","date_gmt":"2026-03-16T14:27:45","guid":{"rendered":"https:\/\/millitv.net\/?p=22994"},"modified":"2026-03-16T14:27:46","modified_gmt":"2026-03-16T14:27:46","slug":"pensiyalarla-bagli-%c9%99haliy%c9%99-muhum-xeber","status":"publish","type":"post","link":"https:\/\/millitv.net\/?p=22994","title":{"rendered":"Pensiyalarla ba\u011fl\u0131 \u0259haliy\u0259\u00a0M\u00dcH\u00dcM X\u018fB\u018fR"},"content":{"rendered":"\n<p><strong>2026-c\u0131 il yanvar\u0131n 1-i v\u0259ziyy\u0259tin\u0259 1098,9 min (\u00f6t\u0259n ilin yanvar\u0131n 1-i v\u0259ziyy\u0259tin\u0259 1098,3 min) pensiya\u00e7\u0131 qeydiyyatda olub.<\/strong><\/p>\n\n\n\n<p>KONKRET.az\u00a0x\u0259b\u0259r verir ki, bu bar\u0259d\u0259 D\u00f6vl\u0259t Statisika Komit\u0259si m\u0259lumat yay\u0131b.<\/p>\n\n\n\n<blockquote class=\"wp-block-quote is-layout-flow wp-block-quote-is-layout-flow\">\n<p>Qeyd edilib ki, bu da \u00f6lk\u0259 \u0259halisinin 10,7 faizini t\u0259\u015fkil edir.<\/p>\n<\/blockquote>\n\n\n\n<p>T\u0259yin olunmu\u015f ayl\u0131q pensiyalar\u0131n orta m\u0259bl\u0259\u011fi \u00f6t\u0259n ilin m\u00fcvafiq d\u00f6vr\u00fc il\u0259 m\u00fcqayis\u0259d\u0259 9,1 faiz artaraq 541,6 manat t\u0259\u015fkil etmi\u015f v\u0259 orta ayl\u0131q \u0259m\u0259khaqq\u0131n\u0131n 49,1 faizin\u0259 b\u0259rab\u0259r olub.<\/p>\n\n\n\n<blockquote class=\"wp-block-quote is-layout-flow wp-block-quote-is-layout-flow\">\n<p>2025-ci il \u0259rzind\u0259 m\u0259cburi d\u00f6vl\u0259t sosial s\u0131\u011forta haqlar\u0131 hesab\u0131na veril\u0259nl\u0259r istisna olmaqla, 38,8 min ail\u0259y\u0259 40,3 min u\u015fa\u011f\u0131n anadan olmas\u0131na g\u00f6r\u0259, radiasiya q\u0259zas\u0131 n\u0259tic\u0259sind\u0259 z\u0259r\u0259r \u00e7\u0259kmi\u015f 3,7 min \u015f\u0259xs\u0259 m\u00fcalic\u0259 \u00fc\u00e7\u00fcn v\u0259 penitensiar m\u00fc\u0259ssis\u0259l\u0259rd\u0259 c\u0259za \u00e7\u0259km\u0259kd\u0259n azad edilmi\u015f 6,1 min n\u0259f\u0259r\u0259 bird\u0259f\u0259lik m\u00fcavin\u0259tl\u0259r verilib.<\/p>\n<\/blockquote>\n\n\n\n<p>2026-c\u0131 il yanvar\u0131n 1-i v\u0259ziyy\u0259tin\u0259 76,1 min azt\u0259minatl\u0131 ail\u0259nin 336,0 min \u00fczv\u00fc \u00fcnvanl\u0131 d\u00f6vl\u0259t sosial yard\u0131m\u0131 alm\u0131\u015f v\u0259 onun bir n\u0259f\u0259r\u0259 d\u00fc\u015f\u0259n orta ayl\u0131q m\u0259bl\u0259\u011fi 95,7 manat t\u0259\u015fkil edib.<\/p>\n\n\n\n<blockquote class=\"wp-block-quote is-layout-flow wp-block-quote-is-layout-flow\">\n<p>M\u00fcxt\u0259lif kateqoriyadan olan 406,9 min \u015f\u0259xs\u0259&nbsp;Az\u0259rbaycan&nbsp;Respublikas\u0131 Prezidentinin t\u0259qa\u00fcd\u00fc v\u0259 f\u0259xri adlara g\u00f6r\u0259 t\u0259qa\u00fcd t\u0259yin olunub.<\/p>\n<\/blockquote>\n","protected":false},"excerpt":{"rendered":"<p>2026-c\u0131 il yanvar\u0131n 1-i v\u0259ziyy\u0259tin\u0259 1098,9 min (\u00f6t\u0259n ilin yanvar\u0131n 1-i v\u0259ziyy\u0259tin\u0259 1098,3 min) pensiya\u00e7\u0131 qeydiyyatda olub. KONKRET.az\u00a0x\u0259b\u0259r verir ki, bu bar\u0259d\u0259 D\u00f6vl\u0259t Statisika Komit\u0259si m\u0259lumat yay\u0131b. Qeyd edilib ki, bu da \u00f6lk\u0259 \u0259halisinin 10,7 faizini t\u0259\u015fkil edir. T\u0259yin olunmu\u015f ayl\u0131q pensiyalar\u0131n orta m\u0259bl\u0259\u011fi \u00f6t\u0259n ilin m\u00fcvafiq d\u00f6vr\u00fc il\u0259 m\u00fcqayis\u0259d\u0259 9,1 faiz artaraq 541,6 manat &hellip;<\/p>\n","protected":false},"author":1,"featured_media":22995,"comment_status":"open","ping_status":"closed","sticky":false,"template":"","format":"standard","meta":{"footnotes":""},"categories":[1],"tags":[],"class_list":["post-22994","post","type-post","status-publish","format-standard","has-post-thumbnail","hentry","category-idman"],"_links":{"self":[{"href":"https:\/\/millitv.net\/index.php?rest_route=\/wp\/v2\/posts\/22994","targetHints":{"allow":["GET"]}}],"collection":[{"href":"https:\/\/millitv.net\/index.php?rest_route=\/wp\/v2\/posts"}],"about":[{"href":"https:\/\/millitv.net\/index.php?rest_route=\/wp\/v2\/types\/post"}],"author":[{"embeddable":true,"href":"https:\/\/millitv.net\/index.php?rest_route=\/wp\/v2\/users\/1"}],"replies":[{"embeddable":true,"href":"https:\/\/millitv.net\/index.php?rest_route=%2Fwp%2Fv2%2Fcomments&post=22994"}],"version-history":[{"count":1,"href":"https:\/\/millitv.net\/index.php?rest_route=\/wp\/v2\/posts\/22994\/revisions"}],"predecessor-version":[{"id":22996,"href":"https:\/\/millitv.net\/index.php?rest_route=\/wp\/v2\/posts\/22994\/revisions\/22996"}],"wp:featuredmedia":[{"embeddable":true,"href":"https:\/\/millitv.net\/index.php?rest_route=\/wp\/v2\/media\/22995"}],"wp:attachment":[{"href":"https:\/\/millitv.net\/index.php?rest_route=%2Fwp%2Fv2%2Fmedia&parent=22994"}],"wp:term":[{"taxonomy":"category","embeddable":true,"href":"https:\/\/millitv.net\/index.php?rest_route=%2Fwp%2Fv2%2Fcategories&post=22994"},{"taxonomy":"post_tag","embeddable":true,"href":"https:\/\/millitv.net\/index.php?rest_route=%2Fwp%2Fv2%2Ftags&post=22994"}],"curies":[{"name":"wp","href":"https:\/\/api.w.org\/{rel}","templated":true}]}}