{"id":22991,"date":"2026-03-16T14:26:28","date_gmt":"2026-03-16T14:26:28","guid":{"rendered":"https:\/\/millitv.net\/?p=22991"},"modified":"2026-03-16T14:26:29","modified_gmt":"2026-03-16T14:26:29","slug":"abituriyentl%c9%99rin-nezerine-buraxilis-imtahanlari-vahid-tarixd%c9%99-keciril%c9%99-bil%c9%99rmi","status":"publish","type":"post","link":"https:\/\/millitv.net\/?p=22991","title":{"rendered":"Abituriyentl\u0259rin N\u018fZ\u018fR\u0130N\u018f:\u00a0Burax\u0131l\u0131\u015f imtahanlar\u0131 vahid tarixd\u0259 ke\u00e7iril\u0259 bil\u0259rmi?"},"content":{"rendered":"\n<p><strong>Burax\u0131l\u0131\u015f imtahanlar\u0131n\u0131n b\u00fct\u00fcn istiqam\u0259tl\u0259r \u00fczr\u0259 eyni g\u00fcnd\u0259 ke\u00e7irilm\u0259si m\u00fczakir\u0259 olunan m\u0259s\u0259l\u0259l\u0259rd\u0259n biridir. Bu yana\u015fman\u0131n hans\u0131 \u00fcst\u00fcnl\u00fckl\u0259r ver\u0259 bil\u0259c\u0259yi il\u0259 ba\u011fl\u0131 m\u00fcxt\u0259lif fikirl\u0259r s\u0259sl\u0259ndirilir. B\u0259s imtahanlar\u0131n vahid tarixd\u0259 t\u0259\u015fkil olunmas\u0131 hans\u0131 m\u00fcsb\u0259t n\u0259tic\u0259l\u0259r\u0259 g\u0259tirib \u00e7\u0131xara bil\u0259r?<\/strong><\/p>\n\n\n\n<p>M\u00f6vzu il\u0259 ba\u011fl\u0131\u00a0KONKRET.az-a a\u00e7\u0131qlama ver\u0259n t\u0259hsil eksperti Ramin Nur\u0259liyev bildirib ki, \u0259vv\u0259lki ill\u0259rd\u0259 burax\u0131l\u0131\u015f imtahanlar\u0131 \u00fc\u00e7 f\u0259rqli tarixd\u0259 ke\u00e7irilirdi, son iki ild\u0259 is\u0259 bu proses iki tarix \u00fczr\u0259 t\u0259\u015fkil olunur.<\/p>\n\n\n\n<blockquote class=\"wp-block-quote is-layout-flow wp-block-quote-is-layout-flow\">\n<p>Ekspertin s\u00f6zl\u0259rin\u0259 g\u00f6r\u0259, imtahanlar\u0131n m\u00fcxt\u0259lif g\u00fcnl\u0259rd\u0259 ke\u00e7irilm\u0259si suallar\u0131n \u00e7\u0259tinlik d\u0259r\u0259c\u0259si il\u0259 ba\u011fl\u0131 m\u00fcbahis\u0259l\u0259rin yaranmas\u0131na s\u0259b\u0259b olur:<\/p>\n<\/blockquote>\n\n\n\n<p>\u201cF\u0259rqli tarixl\u0259rd\u0259 imtahan ke\u00e7irildikd\u0259 ist\u0259r-ist\u0259m\u0259z birinin dig\u0259rin\u0259 nisb\u0259t\u0259n daha \u00e7\u0259tin v\u0259 ya asan olmas\u0131 il\u0259 ba\u011fl\u0131 m\u00fczakir\u0259l\u0259r yaran\u0131r. M\u0259s\u0259l\u0259n, bu il 9 martda imtahana gir\u0259nl\u0259r 15 martda suallar\u0131n daha asan oldu\u011funu, 15 martda imtahana gir\u0259nl\u0259r is\u0259 \u0259ksini iddia edirdil\u0259r. Bel\u0259 hallarda m\u00fc\u0259yy\u0259n \u015fayi\u0259l\u0259r formala\u015f\u0131r v\u0259 bu da \u0259lav\u0259 naraz\u0131l\u0131qlara s\u0259b\u0259b olur\u201d.<\/p>\n\n\n\n<blockquote class=\"wp-block-quote is-layout-flow wp-block-quote-is-layout-flow\">\n<p>R.Nur\u0259liyev hesab edir ki, burax\u0131l\u0131\u015f imtahanlar\u0131n\u0131n bir g\u00fcnd\u0259 ke\u00e7irilm\u0259si \u0259dal\u0259tlilik prinsipinin qorunmas\u0131na k\u00f6m\u0259k ed\u0259 bil\u0259r. Onun fikrinc\u0259, vahid tarix h\u0259m d\u0259 n\u0259tic\u0259l\u0259rin daha koordinasiyal\u0131 \u015f\u0259kild\u0259 elan olunmas\u0131na \u015f\u0259rait yaradacaq.<\/p>\n<\/blockquote>\n\n\n\n<p>Ekspert qeyd edib ki, imtahan\u0131n eyni g\u00fcnd\u0259 t\u0259\u015fkili texniki bax\u0131mdan m\u00fcmk\u00fcnd\u00fcr:<\/p>\n\n\n\n<blockquote class=\"wp-block-quote is-layout-flow wp-block-quote-is-layout-flow\">\n<p>\u201cD\u00f6vl\u0259t \u0130mtahan M\u0259rk\u0259zi bu sah\u0259d\u0259 kifay\u0259t q\u0259d\u0259r t\u0259cr\u00fcb\u0259y\u0259 malik qurumdur. \u0130mtahan \u0259r\u0259f\u0259sind\u0259 m\u0259kt\u0259bl\u0259r imtahan m\u0259rk\u0259zi kimi istifad\u0259 olunur. Burada \u0259sas m\u0259s\u0259l\u0259 n\u0259zar\u0259t\u00e7i say\u0131n\u0131n t\u0259min edilm\u0259sidir.<br>\u018fg\u0259r n\u0259zar\u0259t\u00e7il\u0259r\u0259 veril\u0259n m\u0259vacibl\u0259r art\u0131r\u0131larsa, bu istiqam\u0259td\u0259 \u00e7\u0259tinlik aradan qalxa bil\u0259r. Bu halda imtahanlar\u0131n bir g\u00fcnd\u0259 ke\u00e7irilm\u0259si h\u0259m D\u00f6vl\u0259t \u0130mtahan M\u0259rk\u0259zi, h\u0259m d\u0259 abituriyentl\u0259r \u00fc\u00e7\u00fcn daha uy\u011fun olar v\u0259 c\u0259miyy\u0259t t\u0259r\u0259find\u0259n d\u0259 m\u00fcsb\u0259t qar\u015f\u0131lanar\u201d, \u2013 dey\u0259 ekspert vur\u011fulay\u0131b.<\/p>\n<\/blockquote>\n","protected":false},"excerpt":{"rendered":"<p>Burax\u0131l\u0131\u015f imtahanlar\u0131n\u0131n b\u00fct\u00fcn istiqam\u0259tl\u0259r \u00fczr\u0259 eyni g\u00fcnd\u0259 ke\u00e7irilm\u0259si m\u00fczakir\u0259 olunan m\u0259s\u0259l\u0259l\u0259rd\u0259n biridir. Bu yana\u015fman\u0131n hans\u0131 \u00fcst\u00fcnl\u00fckl\u0259r ver\u0259 bil\u0259c\u0259yi il\u0259 ba\u011fl\u0131 m\u00fcxt\u0259lif fikirl\u0259r s\u0259sl\u0259ndirilir. B\u0259s imtahanlar\u0131n vahid tarixd\u0259 t\u0259\u015fkil olunmas\u0131 hans\u0131 m\u00fcsb\u0259t n\u0259tic\u0259l\u0259r\u0259 g\u0259tirib \u00e7\u0131xara bil\u0259r? M\u00f6vzu il\u0259 ba\u011fl\u0131\u00a0KONKRET.az-a a\u00e7\u0131qlama ver\u0259n t\u0259hsil eksperti Ramin Nur\u0259liyev bildirib ki, \u0259vv\u0259lki ill\u0259rd\u0259 burax\u0131l\u0131\u015f imtahanlar\u0131 \u00fc\u00e7 f\u0259rqli tarixd\u0259 ke\u00e7irilirdi, son &hellip;<\/p>\n","protected":false},"author":1,"featured_media":22992,"comment_status":"open","ping_status":"closed","sticky":false,"template":"","format":"standard","meta":{"footnotes":""},"categories":[1],"tags":[],"class_list":["post-22991","post","type-post","status-publish","format-standard","has-post-thumbnail","hentry","category-idman"],"_links":{"self":[{"href":"https:\/\/millitv.net\/index.php?rest_route=\/wp\/v2\/posts\/22991","targetHints":{"allow":["GET"]}}],"collection":[{"href":"https:\/\/millitv.net\/index.php?rest_route=\/wp\/v2\/posts"}],"about":[{"href":"https:\/\/millitv.net\/index.php?rest_route=\/wp\/v2\/types\/post"}],"author":[{"embeddable":true,"href":"https:\/\/millitv.net\/index.php?rest_route=\/wp\/v2\/users\/1"}],"replies":[{"embeddable":true,"href":"https:\/\/millitv.net\/index.php?rest_route=%2Fwp%2Fv2%2Fcomments&post=22991"}],"version-history":[{"count":1,"href":"https:\/\/millitv.net\/index.php?rest_route=\/wp\/v2\/posts\/22991\/revisions"}],"predecessor-version":[{"id":22993,"href":"https:\/\/millitv.net\/index.php?rest_route=\/wp\/v2\/posts\/22991\/revisions\/22993"}],"wp:featuredmedia":[{"embeddable":true,"href":"https:\/\/millitv.net\/index.php?rest_route=\/wp\/v2\/media\/22992"}],"wp:attachment":[{"href":"https:\/\/millitv.net\/index.php?rest_route=%2Fwp%2Fv2%2Fmedia&parent=22991"}],"wp:term":[{"taxonomy":"category","embeddable":true,"href":"https:\/\/millitv.net\/index.php?rest_route=%2Fwp%2Fv2%2Fcategories&post=22991"},{"taxonomy":"post_tag","embeddable":true,"href":"https:\/\/millitv.net\/index.php?rest_route=%2Fwp%2Fv2%2Ftags&post=22991"}],"curies":[{"name":"wp","href":"https:\/\/api.w.org\/{rel}","templated":true}]}}