{"id":22982,"date":"2026-03-13T13:11:58","date_gmt":"2026-03-13T13:11:58","guid":{"rendered":"https:\/\/millitv.net\/?p=22982"},"modified":"2026-03-13T13:11:59","modified_gmt":"2026-03-13T13:11:59","slug":"bacilardan-k%c9%99mal%c9%99y%c9%99-oglunun-s%c9%99nin-kimi-t%c9%99rbiy%c9%99-ver%c9%99n-anasi-var","status":"publish","type":"post","link":"https:\/\/millitv.net\/?p=22982","title":{"rendered":"Bac\u0131lardan K\u0259mal\u0259y\u0259: \u201cO\u011flunun s\u0259nin kimi \u201ct\u0259rbiy\u0259\u201d ver\u0259n anas\u0131 var\u201d"},"content":{"rendered":"\n<p><strong>M\u00fc\u011f\u0259nnil\u0259r Sevil v\u0259 Sevinc S\u0259f\u0259rovalar ifa\u00e7\u0131 K\u0259mal\u0259 G\u00fcn\u0259\u015fli il\u0259 ba\u011fl\u0131 qalmaqall\u0131 payla\u015f\u0131m edib.<\/strong><\/p>\n\n\n\n<p>Onlar K\u0259mal\u0259nin Xalq artisti Cavan Zeynall\u0131 il\u0259 ba\u011fl\u0131 s\u00f6zl\u0259rin\u0259 q\u0259z\u0259bl\u0259nib.<\/p>\n\n\n\n<p>&#8220;\u00c7ox heyfsil\u0259nir\u0259m ki, bu g\u00fcn bel\u0259 c\u0259miyy\u0259td\u0259 ya\u015fay\u0131r\u0131q, harada ki, ya\u015fl\u0131 n\u0259sl\u0259 dil uzad\u0131l\u0131r. S\u00f6hb\u0259t he\u00e7 s\u0259n\u0259td\u0259n v\u0259 s\u0259n\u0259tkardan da getmir, s\u00f6hb\u0259t ya\u015fl\u0131 n\u0259sl\u0259 uzad\u0131lan dill\u0259rd\u0259n gedir. Sizin o\u011flunuz tan\u0131maya bil\u0259r, \u00e7\u00fcnki onun sizin kimi &#8220;t\u0259rbiy\u0259 ver\u0259n&#8221; anas\u0131 var. Cavan n\u0259sil siz\u0259 d\u0259 baxmaq m\u0259cburiyy\u0259tind\u0259 deyil, bunu da unutmay\u0131n&#8221;.<\/p>\n\n\n\n<p>Qeyd ed\u0259k ki, K\u0259mal\u0259 canl\u0131 yay\u0131mda g\u0259nc n\u0259slin Cavan Zeynall\u0131n\u0131 tan\u0131mad\u0131\u011f\u0131n\u0131 dey\u0259r\u0259k efir\u0259 d\u0259v\u0259t olunmas\u0131na etiraz etmi\u015fdi. (Bizim.Media)<\/p>\n\n\n\n<figure class=\"wp-block-image\"><img decoding=\"async\" src=\"https:\/\/publika.az\/storage\/2026\/03\/12\/1320235_(1).jpg\" alt=\"\" title=\"\"><\/figure>\n","protected":false},"excerpt":{"rendered":"<p>M\u00fc\u011f\u0259nnil\u0259r Sevil v\u0259 Sevinc S\u0259f\u0259rovalar ifa\u00e7\u0131 K\u0259mal\u0259 G\u00fcn\u0259\u015fli il\u0259 ba\u011fl\u0131 qalmaqall\u0131 payla\u015f\u0131m edib. Onlar K\u0259mal\u0259nin Xalq artisti Cavan Zeynall\u0131 il\u0259 ba\u011fl\u0131 s\u00f6zl\u0259rin\u0259 q\u0259z\u0259bl\u0259nib. &#8220;\u00c7ox heyfsil\u0259nir\u0259m ki, bu g\u00fcn bel\u0259 c\u0259miyy\u0259td\u0259 ya\u015fay\u0131r\u0131q, harada ki, ya\u015fl\u0131 n\u0259sl\u0259 dil uzad\u0131l\u0131r. S\u00f6hb\u0259t he\u00e7 s\u0259n\u0259td\u0259n v\u0259 s\u0259n\u0259tkardan da getmir, s\u00f6hb\u0259t ya\u015fl\u0131 n\u0259sl\u0259 uzad\u0131lan dill\u0259rd\u0259n gedir. Sizin o\u011flunuz tan\u0131maya bil\u0259r, \u00e7\u00fcnki &hellip;<\/p>\n","protected":false},"author":1,"featured_media":22983,"comment_status":"open","ping_status":"closed","sticky":false,"template":"","format":"standard","meta":{"footnotes":""},"categories":[1],"tags":[],"class_list":["post-22982","post","type-post","status-publish","format-standard","has-post-thumbnail","hentry","category-idman"],"_links":{"self":[{"href":"https:\/\/millitv.net\/index.php?rest_route=\/wp\/v2\/posts\/22982","targetHints":{"allow":["GET"]}}],"collection":[{"href":"https:\/\/millitv.net\/index.php?rest_route=\/wp\/v2\/posts"}],"about":[{"href":"https:\/\/millitv.net\/index.php?rest_route=\/wp\/v2\/types\/post"}],"author":[{"embeddable":true,"href":"https:\/\/millitv.net\/index.php?rest_route=\/wp\/v2\/users\/1"}],"replies":[{"embeddable":true,"href":"https:\/\/millitv.net\/index.php?rest_route=%2Fwp%2Fv2%2Fcomments&post=22982"}],"version-history":[{"count":1,"href":"https:\/\/millitv.net\/index.php?rest_route=\/wp\/v2\/posts\/22982\/revisions"}],"predecessor-version":[{"id":22984,"href":"https:\/\/millitv.net\/index.php?rest_route=\/wp\/v2\/posts\/22982\/revisions\/22984"}],"wp:featuredmedia":[{"embeddable":true,"href":"https:\/\/millitv.net\/index.php?rest_route=\/wp\/v2\/media\/22983"}],"wp:attachment":[{"href":"https:\/\/millitv.net\/index.php?rest_route=%2Fwp%2Fv2%2Fmedia&parent=22982"}],"wp:term":[{"taxonomy":"category","embeddable":true,"href":"https:\/\/millitv.net\/index.php?rest_route=%2Fwp%2Fv2%2Fcategories&post=22982"},{"taxonomy":"post_tag","embeddable":true,"href":"https:\/\/millitv.net\/index.php?rest_route=%2Fwp%2Fv2%2Ftags&post=22982"}],"curies":[{"name":"wp","href":"https:\/\/api.w.org\/{rel}","templated":true}]}}