{"id":22979,"date":"2026-03-13T11:20:42","date_gmt":"2026-03-13T11:20:42","guid":{"rendered":"https:\/\/millitv.net\/?p=22979"},"modified":"2026-03-13T11:20:43","modified_gmt":"2026-03-13T11:20:43","slug":"az%c9%99rbaycanda-50-min-mu%c9%99llim-ixtisar-oluna-bil%c9%99r","status":"publish","type":"post","link":"https:\/\/millitv.net\/?p=22979","title":{"rendered":"Az\u0259rbaycanda 50 min m\u00fc\u0259llim ixtisar oluna bil\u0259r"},"content":{"rendered":"\n<p><strong>Son bir ne\u00e7\u0259 il \u0259rzind\u0259 Az\u0259rbaycanda \u0259halinin art\u0131m tempind\u0259 azalma m\u00fc\u015fahid\u0259 olunur.<\/strong><\/p>\n\n\n\n<p>\u201cYeni Sabah\u201d x\u0259b\u0259r verir ki, bunu Milli M\u0259clis s\u0259drinin birinci m\u00fcavini, hakim Yeni Az\u0259rbaycan Partiyas\u0131 s\u0259drinin m\u00fcavini \u018fli \u018fhm\u0259dov mart\u0131n 13-d\u0259 parlamentd\u0259 h\u00f6kum\u0259tin 2025-ci il \u00fczr\u0259 hesabat\u0131n\u0131n m\u00fczakir\u0259si zaman\u0131 deyib.<\/p>\n\n\n\n<p>O xat\u0131rlad\u0131b ki, 2015-ci ild\u0259 Az\u0259rbaycanda 160 mind\u0259n \u00e7ox u\u015faq do\u011fuldu\u011fu halda, 2025-ci ild\u0259 bu g\u00f6st\u0259rici 100 minin alt\u0131nda oldu: \u201c2015-ci ild\u0259 Az\u0259rbaycan\u0131n m\u0259kt\u0259bl\u0259rind\u0259 1,5 milyondan \u00e7ox u\u015faq t\u0259hsil al\u0131rd\u0131. Bu is\u0259 o dem\u0259kdir ki, n\u00f6vb\u0259ti d\u00f6vrl\u0259rd\u0259 m\u0259kt\u0259bl\u0259rimizd\u0259 oxuyanlar\u0131n say\u0131 \u0259h\u0259miyy\u0259tli d\u0259r\u0259c\u0259d\u0259 azalacaq v\u0259 bu v\u0259ziyy\u0259t 50 min\u0259 yax\u0131n m\u00fc\u0259llimin ixtisar\u0131 riskini yarada bil\u0259r\u201d.<\/p>\n\n\n\n<p>\u018f.\u018fhm\u0259dov vur\u011fulay\u0131b ki, bir ne\u00e7\u0259 onillikd\u0259n sonra is\u0259 pensiya alan \u0259hali il\u0259 \u0259m\u0259k qabiliyy\u0259tind\u0259 olan \u0259hali aras\u0131nda nisb\u0259t ciddi \u015f\u0259kild\u0259 d\u0259yi\u015f\u0259 bil\u0259r:<\/p>\n\n\n\n<p>\u201cBu is\u0259 iqtisadiyyat\u0131m\u0131za v\u0259 sosial siyas\u0259timiz\u0259 ciddi t\u0259sir g\u00f6st\u0259r\u0259 bil\u0259r. G\u00fcman edir\u0259m ki, 2026-c\u0131 ild\u0259 v\u0259 sonrak\u0131 ill\u0259rd\u0259 \u018fm\u0259k v\u0259 \u018fhalinin Sosial M\u00fcdafi\u0259si Nazirliyinin r\u0259hb\u0259rliyi v\u0259 h\u00f6kum\u0259t demoqrafik m\u0259s\u0259l\u0259l\u0259r\u0259 diqq\u0259ti daha da art\u0131racaq\u201d.<\/p>\n","protected":false},"excerpt":{"rendered":"<p>Son bir ne\u00e7\u0259 il \u0259rzind\u0259 Az\u0259rbaycanda \u0259halinin art\u0131m tempind\u0259 azalma m\u00fc\u015fahid\u0259 olunur. \u201cYeni Sabah\u201d x\u0259b\u0259r verir ki, bunu Milli M\u0259clis s\u0259drinin birinci m\u00fcavini, hakim Yeni Az\u0259rbaycan Partiyas\u0131 s\u0259drinin m\u00fcavini \u018fli \u018fhm\u0259dov mart\u0131n 13-d\u0259 parlamentd\u0259 h\u00f6kum\u0259tin 2025-ci il \u00fczr\u0259 hesabat\u0131n\u0131n m\u00fczakir\u0259si zaman\u0131 deyib. O xat\u0131rlad\u0131b ki, 2015-ci ild\u0259 Az\u0259rbaycanda 160 mind\u0259n \u00e7ox u\u015faq do\u011fuldu\u011fu halda, 2025-ci &hellip;<\/p>\n","protected":false},"author":1,"featured_media":22980,"comment_status":"open","ping_status":"closed","sticky":false,"template":"","format":"standard","meta":{"footnotes":""},"categories":[1],"tags":[],"class_list":["post-22979","post","type-post","status-publish","format-standard","has-post-thumbnail","hentry","category-idman"],"_links":{"self":[{"href":"https:\/\/millitv.net\/index.php?rest_route=\/wp\/v2\/posts\/22979","targetHints":{"allow":["GET"]}}],"collection":[{"href":"https:\/\/millitv.net\/index.php?rest_route=\/wp\/v2\/posts"}],"about":[{"href":"https:\/\/millitv.net\/index.php?rest_route=\/wp\/v2\/types\/post"}],"author":[{"embeddable":true,"href":"https:\/\/millitv.net\/index.php?rest_route=\/wp\/v2\/users\/1"}],"replies":[{"embeddable":true,"href":"https:\/\/millitv.net\/index.php?rest_route=%2Fwp%2Fv2%2Fcomments&post=22979"}],"version-history":[{"count":1,"href":"https:\/\/millitv.net\/index.php?rest_route=\/wp\/v2\/posts\/22979\/revisions"}],"predecessor-version":[{"id":22981,"href":"https:\/\/millitv.net\/index.php?rest_route=\/wp\/v2\/posts\/22979\/revisions\/22981"}],"wp:featuredmedia":[{"embeddable":true,"href":"https:\/\/millitv.net\/index.php?rest_route=\/wp\/v2\/media\/22980"}],"wp:attachment":[{"href":"https:\/\/millitv.net\/index.php?rest_route=%2Fwp%2Fv2%2Fmedia&parent=22979"}],"wp:term":[{"taxonomy":"category","embeddable":true,"href":"https:\/\/millitv.net\/index.php?rest_route=%2Fwp%2Fv2%2Fcategories&post=22979"},{"taxonomy":"post_tag","embeddable":true,"href":"https:\/\/millitv.net\/index.php?rest_route=%2Fwp%2Fv2%2Ftags&post=22979"}],"curies":[{"name":"wp","href":"https:\/\/api.w.org\/{rel}","templated":true}]}}