{"id":22977,"date":"2026-03-13T09:39:39","date_gmt":"2026-03-13T09:39:39","guid":{"rendered":"https:\/\/millitv.net\/?p=22977"},"modified":"2026-03-13T09:39:40","modified_gmt":"2026-03-13T09:39:40","slug":"qarabagin-oyuncusuna-7-milyonluq-qiym%c9%99t-klubdan-gedir","status":"publish","type":"post","link":"https:\/\/millitv.net\/?p=22977","title":{"rendered":"\u201cQaraba\u011f\u201d\u0131n oyun\u00e7usuna 7 milyonluq qiym\u0259t &#8211; Klubdan GED\u0130R?"},"content":{"rendered":"\n<p>\u201cQaraba\u011f\u201d\u0131n qap\u0131\u00e7\u0131s\u0131 Mateu\u015f Koxalski caru m\u00f6vs\u00fcm\u00fcn\u00fcn sonunda komandan\u0131 t\u0259rk etm\u0259y\u0259 haz\u0131rla\u015f\u0131r.<\/p>\n\n\n\n<p>\u00c7empionlar Liqas\u0131ndak\u0131 \u00e7\u0131x\u0131\u015f\u0131 il\u0259 diqq\u0259t \u00e7\u0259k\u0259n 25 ya\u015fl\u0131 qolkiper\u0259 h\u0259m Pol\u015fadan, h\u0259m d\u0259 dig\u0259r Avropa klublar\u0131ndan ciddi maraq var. Futbol\u00e7unun \u00f6z\u00fc d\u0259 son m\u00fcsahib\u0259l\u0259rind\u0259 g\u0259l\u0259c\u0259yi il\u0259 ba\u011fl\u0131 ipuclar\u0131 verib. O, h\u0259l\u0259 q\u0131\u015f fasil\u0259sind\u0259 \u00f6lk\u0259sin\u0259 qay\u0131tmaq v\u0259 in t\u0259klifini d\u0259y\u0259rl\u0259ndirm\u0259k ist\u0259diyini, lakin klubun buna icaz\u0259 verm\u0259diyini bildirib.<\/p>\n\n\n\n<p>Bundan \u0259lav\u0259, Koxalski bu yax\u0131nlarda \u0130ngilt\u0259r\u0259nin \u201cThe Sun\u201d n\u0259\u015frin\u0259 dan\u0131\u015faraq, karyeras\u0131n\u0131 B\u00f6y\u00fck Britaniyada davam etdirm\u0259k arzusunda oldu\u011funu gizl\u0259tm\u0259yib.<\/p>\n\n\n\n<p>Qeyd ed\u0259k ki, pol\u015fal\u0131 qap\u0131\u00e7\u0131n\u0131n \u201cQaraba\u011f\u201dla 2027-ci ilin iyununa q\u0259d\u0259r m\u00fcqavil\u0259si olsa da, m\u00fc\u0259yy\u0259n edilmi\u015f t\u0259zminat \u00f6d\u0259nil\u0259rs\u0259, transferi realla\u015fa bil\u0259r. Pol\u015fa m\u0259tbuat\u0131 bu s\u0259rb\u0259stqalma m\u0259bl\u0259\u011finin 7 milyon avro oldu\u011funu iddia edir.(Qol.az)<\/p>\n","protected":false},"excerpt":{"rendered":"<p>\u201cQaraba\u011f\u201d\u0131n qap\u0131\u00e7\u0131s\u0131 Mateu\u015f Koxalski caru m\u00f6vs\u00fcm\u00fcn\u00fcn sonunda komandan\u0131 t\u0259rk etm\u0259y\u0259 haz\u0131rla\u015f\u0131r. \u00c7empionlar Liqas\u0131ndak\u0131 \u00e7\u0131x\u0131\u015f\u0131 il\u0259 diqq\u0259t \u00e7\u0259k\u0259n 25 ya\u015fl\u0131 qolkiper\u0259 h\u0259m Pol\u015fadan, h\u0259m d\u0259 dig\u0259r Avropa klublar\u0131ndan ciddi maraq var. Futbol\u00e7unun \u00f6z\u00fc d\u0259 son m\u00fcsahib\u0259l\u0259rind\u0259 g\u0259l\u0259c\u0259yi il\u0259 ba\u011fl\u0131 ipuclar\u0131 verib. O, h\u0259l\u0259 q\u0131\u015f fasil\u0259sind\u0259 \u00f6lk\u0259sin\u0259 qay\u0131tmaq v\u0259 in t\u0259klifini d\u0259y\u0259rl\u0259ndirm\u0259k ist\u0259diyini, lakin klubun buna icaz\u0259 &hellip;<\/p>\n","protected":false},"author":1,"featured_media":22795,"comment_status":"open","ping_status":"closed","sticky":false,"template":"","format":"standard","meta":{"footnotes":""},"categories":[1],"tags":[],"class_list":["post-22977","post","type-post","status-publish","format-standard","has-post-thumbnail","hentry","category-idman"],"_links":{"self":[{"href":"https:\/\/millitv.net\/index.php?rest_route=\/wp\/v2\/posts\/22977","targetHints":{"allow":["GET"]}}],"collection":[{"href":"https:\/\/millitv.net\/index.php?rest_route=\/wp\/v2\/posts"}],"about":[{"href":"https:\/\/millitv.net\/index.php?rest_route=\/wp\/v2\/types\/post"}],"author":[{"embeddable":true,"href":"https:\/\/millitv.net\/index.php?rest_route=\/wp\/v2\/users\/1"}],"replies":[{"embeddable":true,"href":"https:\/\/millitv.net\/index.php?rest_route=%2Fwp%2Fv2%2Fcomments&post=22977"}],"version-history":[{"count":1,"href":"https:\/\/millitv.net\/index.php?rest_route=\/wp\/v2\/posts\/22977\/revisions"}],"predecessor-version":[{"id":22978,"href":"https:\/\/millitv.net\/index.php?rest_route=\/wp\/v2\/posts\/22977\/revisions\/22978"}],"wp:featuredmedia":[{"embeddable":true,"href":"https:\/\/millitv.net\/index.php?rest_route=\/wp\/v2\/media\/22795"}],"wp:attachment":[{"href":"https:\/\/millitv.net\/index.php?rest_route=%2Fwp%2Fv2%2Fmedia&parent=22977"}],"wp:term":[{"taxonomy":"category","embeddable":true,"href":"https:\/\/millitv.net\/index.php?rest_route=%2Fwp%2Fv2%2Fcategories&post=22977"},{"taxonomy":"post_tag","embeddable":true,"href":"https:\/\/millitv.net\/index.php?rest_route=%2Fwp%2Fv2%2Ftags&post=22977"}],"curies":[{"name":"wp","href":"https:\/\/api.w.org\/{rel}","templated":true}]}}