{"id":22968,"date":"2026-03-11T15:36:20","date_gmt":"2026-03-11T15:36:20","guid":{"rendered":"https:\/\/millitv.net\/?p=22968"},"modified":"2026-03-11T15:36:21","modified_gmt":"2026-03-11T15:36:21","slug":"teymur-%c9%99minin-n%c9%99v%c9%99si-mualic%c9%99m-ucun-40-min-t%c9%99l%c9%99b-olunur-fotolar","status":"publish","type":"post","link":"https:\/\/millitv.net\/?p=22968","title":{"rendered":"\u201cTeymur \u0259mi\u201dnin n\u0259v\u0259si: M\u00fcalic\u0259m \u00fc\u00e7\u00fcn 40 min t\u0259l\u0259b olunur &#8211;\u00a0FOTOLAR"},"content":{"rendered":"\n<p><strong>M\u0259rhum Xalq artisti Teymur Mustafayevin n\u0259v\u0259si a\u011f\u0131r v\u0259ziyy\u0259td\u0259dir.<\/strong><\/p>\n\n\n\n<p>Bu bar\u0259d\u0259&nbsp;\u201cYeni Sabah\u201da \u00f6z\u00fc m\u0259lumat verib.<\/p>\n\n\n\n<p>Xan\u0259nd\u0259nin&nbsp;ada\u015f\u0131 bildirib ki, bir ne\u00e7\u0259 il \u0259vv\u0259l avtomobil q\u0259zas\u0131nda a\u011f\u0131r x\u0259sar\u0259t al\u0131b. Onur\u011fa-beyin z\u0259d\u0259si n\u0259tic\u0259sind\u0259 ayaqlar\u0131 h\u0259r\u0259k\u0259t etmir, d\u00f6\u015f q\u0259f\u0259sind\u0259n a\u015fa\u011f\u0131 hissiyat itib, \u0259ll\u0259ri d\u0259 qism\u0259n funksiyas\u0131n\u0131 saxlay\u0131b.<\/p>\n\n\n\n<p>T. Mustafayevin n\u00f6vb\u0259ti m\u00fcalic\u0259 prosesi \u00fc\u00e7\u00fcn maliyy\u0259 d\u0259st\u0259yi laz\u0131md\u0131r. Haz\u0131rda o, anas\u0131 il\u0259 birg\u0259 Rusiyada, Novosibirskd\u0259 yerl\u0259\u015f\u0259n \u201cLesnoy&#8221; Reabilitasiya M\u0259rk\u0259zind\u0259 m\u00fcalic\u0259 al\u0131r.<\/p>\n\n\n\n<p>Xalq artistinin n\u0259v\u0259si bildirib ki, m\u00fcalic\u0259 \u00fc\u00e7\u00fcn t\u0259l\u0259b olunan 40 min manatdan c\u0259mi 24 min manat art\u0131q toplan\u0131b.<\/p>\n\n\n\n<p>Qeyd ed\u0259k ki, \u201cTeymur \u0259mi\u201d&nbsp;kimi xat\u0131rlanana m\u0259rhum Teymur Mustafayevin&nbsp;ail\u0259si \u0259vv\u0259ll\u0259r d\u0259&nbsp;a\u011f\u0131r s\u0131naqlardan ke\u00e7ib. xalq artistinin o\u011flu Bak\u0131xan Mustafayev 2007-ci ild\u0259 idar\u0259 etdiyi avtomobild\u0259&nbsp;diri-diri yanm\u0131\u015fd\u0131.<\/p>\n\n\n\n<p>Xalq artisti 2020-ci ilin iyun ay\u0131nda, \u00f6mr\u00fcn\u00fcn 82-ci ilind\u0259 v\u0259fat edib.<\/p>\n\n\n\n<figure class=\"wp-block-image\"><img decoding=\"async\" src=\"https:\/\/cdn.yenisabah.az\/resize.php?w=0&amp;h=0&amp;file=image_750x422_69b009f6b5cbe.jpg\" alt=\"\" title=\"\"><\/figure>\n\n\n\n<figure class=\"wp-block-image\"><img decoding=\"async\" src=\"https:\/\/cdn.yenisabah.az\/resize.php?w=0&amp;h=0&amp;file=image_750x422_69b00a15a6177.jpg\" alt=\"\" title=\"\"><\/figure>\n","protected":false},"excerpt":{"rendered":"<p>M\u0259rhum Xalq artisti Teymur Mustafayevin n\u0259v\u0259si a\u011f\u0131r v\u0259ziyy\u0259td\u0259dir. Bu bar\u0259d\u0259&nbsp;\u201cYeni Sabah\u201da \u00f6z\u00fc m\u0259lumat verib. Xan\u0259nd\u0259nin&nbsp;ada\u015f\u0131 bildirib ki, bir ne\u00e7\u0259 il \u0259vv\u0259l avtomobil q\u0259zas\u0131nda a\u011f\u0131r x\u0259sar\u0259t al\u0131b. Onur\u011fa-beyin z\u0259d\u0259si n\u0259tic\u0259sind\u0259 ayaqlar\u0131 h\u0259r\u0259k\u0259t etmir, d\u00f6\u015f q\u0259f\u0259sind\u0259n a\u015fa\u011f\u0131 hissiyat itib, \u0259ll\u0259ri d\u0259 qism\u0259n funksiyas\u0131n\u0131 saxlay\u0131b. T. Mustafayevin n\u00f6vb\u0259ti m\u00fcalic\u0259 prosesi \u00fc\u00e7\u00fcn maliyy\u0259 d\u0259st\u0259yi laz\u0131md\u0131r. Haz\u0131rda o, anas\u0131 il\u0259 &hellip;<\/p>\n","protected":false},"author":1,"featured_media":22969,"comment_status":"open","ping_status":"closed","sticky":false,"template":"","format":"standard","meta":{"footnotes":""},"categories":[1],"tags":[],"class_list":["post-22968","post","type-post","status-publish","format-standard","has-post-thumbnail","hentry","category-idman"],"_links":{"self":[{"href":"https:\/\/millitv.net\/index.php?rest_route=\/wp\/v2\/posts\/22968","targetHints":{"allow":["GET"]}}],"collection":[{"href":"https:\/\/millitv.net\/index.php?rest_route=\/wp\/v2\/posts"}],"about":[{"href":"https:\/\/millitv.net\/index.php?rest_route=\/wp\/v2\/types\/post"}],"author":[{"embeddable":true,"href":"https:\/\/millitv.net\/index.php?rest_route=\/wp\/v2\/users\/1"}],"replies":[{"embeddable":true,"href":"https:\/\/millitv.net\/index.php?rest_route=%2Fwp%2Fv2%2Fcomments&post=22968"}],"version-history":[{"count":1,"href":"https:\/\/millitv.net\/index.php?rest_route=\/wp\/v2\/posts\/22968\/revisions"}],"predecessor-version":[{"id":22970,"href":"https:\/\/millitv.net\/index.php?rest_route=\/wp\/v2\/posts\/22968\/revisions\/22970"}],"wp:featuredmedia":[{"embeddable":true,"href":"https:\/\/millitv.net\/index.php?rest_route=\/wp\/v2\/media\/22969"}],"wp:attachment":[{"href":"https:\/\/millitv.net\/index.php?rest_route=%2Fwp%2Fv2%2Fmedia&parent=22968"}],"wp:term":[{"taxonomy":"category","embeddable":true,"href":"https:\/\/millitv.net\/index.php?rest_route=%2Fwp%2Fv2%2Fcategories&post=22968"},{"taxonomy":"post_tag","embeddable":true,"href":"https:\/\/millitv.net\/index.php?rest_route=%2Fwp%2Fv2%2Ftags&post=22968"}],"curies":[{"name":"wp","href":"https:\/\/api.w.org\/{rel}","templated":true}]}}