{"id":22962,"date":"2026-03-11T15:30:49","date_gmt":"2026-03-11T15:30:49","guid":{"rendered":"https:\/\/millitv.net\/?p=22962"},"modified":"2026-03-11T15:30:50","modified_gmt":"2026-03-11T15:30:50","slug":"sosial-yardimdan-k%c9%99narda-qalan-ail%c9%99l%c9%99rin-nezerine-qaydalarla-bagli","status":"publish","type":"post","link":"https:\/\/millitv.net\/?p=22962","title":{"rendered":"Sosial yard\u0131mdan k\u0259narda qalan ail\u0259l\u0259rin N\u018fZ\u018fR\u0130N\u018f:\u00a0Qaydalarla ba\u011fl\u0131&#8230;"},"content":{"rendered":"\n<p><strong>Az\u0259rbaycanda bir qrup v\u0259t\u0259nda\u015f var ki, r\u0259smi i\u015f yeri, eyni zamanda kiray\u0259 m\u00fcqavil\u0259si yoxdur. Onlar\u0131n bir \u00e7oxu pensiya v\u0259 ya \u0259lillik m\u00fcavin\u0259tl\u0259ri hesab\u0131na dolan\u0131rlar. Bu ail\u0259l\u0259rin bir qismi qeydiyyat probleml\u0259ri il\u0259 \u00fczl\u0259\u015fdiyind\u0259n, m\u00f6vcud qaydalara \u0259sas\u0259n \u00fcnvanl\u0131 sosial yard\u0131m almaq \u015f\u0259rtl\u0259rini yerin\u0259 yetir\u0259 bilmir. Halbuki sosial d\u0259st\u0259y\u0259 \u0259n \u00e7ox ehtiyac\u0131 olan t\u0259b\u0259q\u0259l\u0259rd\u0259n biri m\u0259hz bu kateqoriyaya aid insanlard\u0131r. Bel\u0259 ail\u0259l\u0259rd\u0259n biri d\u0259 Sumqay\u0131t \u015f\u0259h\u0259ri Kimya\u00e7\u0131lar q\u0259s\u0259b\u0259sind\u0259 ya\u015fayan Arzu Camalova m\u0259s\u0259l\u0259 il\u0259 ba\u011fl\u0131 redaksiyam\u0131za m\u00fcraci\u0259t edib v\u0259 yard\u0131m ist\u0259yib.<\/strong><\/p>\n\n\n\n<p>Bu c\u00fcr ail\u0259l\u0259r \u00fc\u00e7\u00fcn sosial yard\u0131m mexanizml\u0259rind\u0259 m\u00fc\u0259yy\u0259n yum\u015falmalar\u0131n t\u0259tbiqi n\u0259z\u0259rd\u0259 tutulubmu?<br>Sosial m\u00fcdafi\u0259y\u0259 daha \u00e7ox ehtiyac\u0131 olan, lakin m\u00f6vcud kriteriyalara uy\u011fun g\u0259lm\u0259y\u0259n v\u0259t\u0259nda\u015flar \u00fc\u00e7\u00fcn ayr\u0131ca bir sosial d\u0259st\u0259k konsepsiyas\u0131n\u0131n haz\u0131rlanmas\u0131 planla\u015fd\u0131r\u0131l\u0131rm\u0131?<\/p>\n\n\n\n<p>M\u0259s\u0259l\u0259 il\u0259 ba\u011fl\u0131\u00a0KONKRET.az-\u0131n\u00a0sor\u011fusunu cavablayan DSMF-nin \u0130ctimaiyy\u0259tl\u0259 \u018flaq\u0259l\u0259r Departamentinin m\u00fcdiri R\u0259\u015fad Mehdili deyib:<\/p>\n\n\n\n<p>\u201c\u018fm\u0259k v\u0259 \u018fhalinin Sosial M\u00fcdafi\u0259si Nazirliyi t\u0259r\u0259find\u0259n h\u0259min ail\u0259l\u0259rl\u0259 ba\u011fl\u0131 \u00fcnvanl\u0131 d\u00f6vl\u0259t sosial yard\u0131m\u0131 proqram\u0131 icra edilir. \u00dcnvanl\u0131 sosial yard\u0131m alan ail\u0259l\u0259rin say\u0131 2018-ci il\u0259 nisb\u0259t\u0259n \u00f6t\u0259n d\u00f6vrd\u0259 2 d\u0259f\u0259y\u0259 yax\u0131n artaraq 2026-c\u0131 ilin 1 yanvar tarixin\u0259 76,1 min ail\u0259 (336 min n\u0259f\u0259r ail\u0259 \u00fczv\u00fc) t\u0259\u015fkil edib. \u00dcnvanl\u0131 d\u00f6vl\u0259t sosial yard\u0131m\u0131n t\u0259yin edilm\u0259si m\u0259qs\u0259dil\u0259 d\u00f6vl\u0259t b\u00fcdc\u0259si il\u0259 birg\u0259 h\u0259r il \u00fc\u00e7\u00fcn t\u0259sdiql\u0259n\u0259n ehtiyac meyar\u0131 2018-ci il\u0259 nisb\u0259t\u0259n 2,3 d\u0259f\u0259 art\u0131r\u0131laraq 130 manatdan 300 manata \u00e7atd\u0131r\u0131l\u0131b. Bu yard\u0131m\u0131n h\u0259r ail\u0259y\u0259 d\u00fc\u015f\u0259n orta ayl\u0131q m\u0259bl\u0259\u011fi is\u0259 2018-ci il\u0259 nisb\u0259t\u0259n 2,4 d\u0259f\u0259 artaraq 175 manatdan 422 manata \u00e7at\u0131b\u201d, \u2014 R. Mehdili qeyd edib.<\/p>\n\n\n\n<p><strong>\u201cPrezident m\u00fcvafiq s\u0259r\u0259ncam\u0131na \u0259sas\u0259n 2026-c\u0131 ilin dekabr ay\u0131nda D\u00fcnya Az\u0259rbaycanl\u0131lar\u0131n\u0131n H\u0259mr\u0259yliyi G\u00fcn\u00fc v\u0259 Yeni il bayram\u0131 m\u00fcnasib\u0259til\u0259 \u00fcnvanl\u0131 sosial yard\u0131m alan ail\u0259l\u0259r\u0259 \u2013 76 103 ail\u0259nin h\u0259r birin\u0259 (337 932 n\u0259f\u0259r ail\u0259 \u00fczv\u00fc) \u018fm\u0259k v\u0259 \u018fhalinin Sosial M\u00fcdafi\u0259si Nazirliyinin tabeliyind\u0259 D\u00f6vl\u0259t Sosial M\u00fcdafi\u0259 Fondu t\u0259r\u0259find\u0259n 200 manat bird\u0259f\u0259lik maddi yard\u0131m da verilib.<\/strong><\/p>\n\n\n\n<p>Qeyd ed\u0259k ki, \u00fcnvanl\u0131 d\u00f6vl\u0259t sosial yard\u0131m\u0131na m\u00fcraci\u0259t qeydiyyat \u00fcnvan\u0131ndan deyil, faktiki ya\u015fay\u0131\u015f \u00fcnvan\u0131 \u00fczr\u0259 ail\u0259 t\u0259rkibi haqq\u0131nda aray\u0131\u015f \u0259sas\u0131nda edilir. Y\u0259ni m\u00fcraci\u0259t zaman\u0131 ail\u0259 \u00fczvl\u0259rinin faktiki ya\u015fad\u0131\u011f\u0131 \u00fcnvanla qeydiyyat \u00fcnvan\u0131n\u0131n eyni olmamas\u0131 h\u0259r hans\u0131 \u00e7\u0259tinlik yaratm\u0131r. H\u0259m\u00e7inin \u00fcnvanl\u0131 d\u00f6vl\u0259t sosial yard\u0131m i\u015fsizliy\u0259 g\u00f6r\u0259 deyil, azt\u0259minatl\u0131l\u0131\u011fa g\u00f6r\u0259 t\u0259yin olunur.<\/p>\n\n\n\n<p>\u018fm\u0259k qabiliyy\u0259tsiz \u015f\u0259xsl\u0259rd\u0259n v\u0259 orqanizmin funksiyalar\u0131n\u0131n 81\u2013100 faiz pozulmas\u0131na g\u00f6r\u0259 \u0259lilliyi m\u00fc\u0259yy\u0259n edilmi\u015f \u015f\u0259xs\u0259 (I d\u0259r\u0259c\u0259), 8 ya\u015f\u0131na \u00e7atmam\u0131\u015f u\u015fa\u011fa v\u0259 ya 18 ya\u015fad\u0259k \u0259lilliyi m\u00fc\u0259yy\u0259n edilmi\u015f u\u015fa\u011fa qulluq ed\u0259n, h\u0259m\u00e7inin 23 ya\u015fad\u0259k \u0259yani t\u0259hsil alan ail\u0259 \u00fczv\u00fcn\u00fcn m\u0259\u015f\u011fullu\u011fu t\u0259l\u0259b olunmur.<\/p>\n\n\n\n<p>\u018fm\u0259k qabiliyy\u0259tsiz \u015f\u0259xsl\u0259r\u0259 \u2013 orqanizmin funksiyalar\u0131n\u0131n 81\u2013100 faiz v\u0259 61-80 fazi pozulmas\u0131na g\u00f6r\u0259 \u0259lilliyi m\u00fc\u0259yy\u0259n edilmi\u015f \u015f\u0259xsl\u0259r (I d\u0259r\u0259c\u0259, II d\u0259r\u0259c\u0259), ya\u015fa g\u00f6r\u0259 sosial m\u00fcavin\u0259t v\u0259 ya\u015fa g\u00f6r\u0259 \u0259m\u0259k pensiyas\u0131 alan \u015f\u0259xsl\u0259r aiddir.<br>Camalova Arzu C\u0259mal\u0259ddin q\u0131z\u0131na haz\u0131rda D\u00f6vl\u0259t Sosial M\u00fcdafi\u0259 Fondu t\u0259r\u0259find\u0259n h\u0259r hans\u0131 sosial \u00f6d\u0259ni\u015f verilmir.<br>Arzu Camalovan\u0131n ail\u0259sin\u0259 01.11.2022-ci il tarixind\u0259n 1 il m\u00fcdd\u0259tin\u0259 \u00fcnvanl\u0131 d\u00f6vl\u0259t sosial yard\u0131m t\u0259yin edil\u0259r\u0259k \u00f6d\u0259nilib. Bundan sonra ail\u0259nin sosial yard\u0131mla ba\u011fl\u0131 elektron sistem\u0259 m\u00fcraci\u0259ti olmay\u0131b\u201d, \u2014 dey\u0259 qurum r\u0259smisi sonda vur\u011fulay\u0131b.<\/p>\n","protected":false},"excerpt":{"rendered":"<p>Az\u0259rbaycanda bir qrup v\u0259t\u0259nda\u015f var ki, r\u0259smi i\u015f yeri, eyni zamanda kiray\u0259 m\u00fcqavil\u0259si yoxdur. Onlar\u0131n bir \u00e7oxu pensiya v\u0259 ya \u0259lillik m\u00fcavin\u0259tl\u0259ri hesab\u0131na dolan\u0131rlar. Bu ail\u0259l\u0259rin bir qismi qeydiyyat probleml\u0259ri il\u0259 \u00fczl\u0259\u015fdiyind\u0259n, m\u00f6vcud qaydalara \u0259sas\u0259n \u00fcnvanl\u0131 sosial yard\u0131m almaq \u015f\u0259rtl\u0259rini yerin\u0259 yetir\u0259 bilmir. Halbuki sosial d\u0259st\u0259y\u0259 \u0259n \u00e7ox ehtiyac\u0131 olan t\u0259b\u0259q\u0259l\u0259rd\u0259n biri m\u0259hz bu kateqoriyaya &hellip;<\/p>\n","protected":false},"author":1,"featured_media":22963,"comment_status":"open","ping_status":"closed","sticky":false,"template":"","format":"standard","meta":{"footnotes":""},"categories":[1],"tags":[],"class_list":["post-22962","post","type-post","status-publish","format-standard","has-post-thumbnail","hentry","category-idman"],"_links":{"self":[{"href":"https:\/\/millitv.net\/index.php?rest_route=\/wp\/v2\/posts\/22962","targetHints":{"allow":["GET"]}}],"collection":[{"href":"https:\/\/millitv.net\/index.php?rest_route=\/wp\/v2\/posts"}],"about":[{"href":"https:\/\/millitv.net\/index.php?rest_route=\/wp\/v2\/types\/post"}],"author":[{"embeddable":true,"href":"https:\/\/millitv.net\/index.php?rest_route=\/wp\/v2\/users\/1"}],"replies":[{"embeddable":true,"href":"https:\/\/millitv.net\/index.php?rest_route=%2Fwp%2Fv2%2Fcomments&post=22962"}],"version-history":[{"count":1,"href":"https:\/\/millitv.net\/index.php?rest_route=\/wp\/v2\/posts\/22962\/revisions"}],"predecessor-version":[{"id":22964,"href":"https:\/\/millitv.net\/index.php?rest_route=\/wp\/v2\/posts\/22962\/revisions\/22964"}],"wp:featuredmedia":[{"embeddable":true,"href":"https:\/\/millitv.net\/index.php?rest_route=\/wp\/v2\/media\/22963"}],"wp:attachment":[{"href":"https:\/\/millitv.net\/index.php?rest_route=%2Fwp%2Fv2%2Fmedia&parent=22962"}],"wp:term":[{"taxonomy":"category","embeddable":true,"href":"https:\/\/millitv.net\/index.php?rest_route=%2Fwp%2Fv2%2Fcategories&post=22962"},{"taxonomy":"post_tag","embeddable":true,"href":"https:\/\/millitv.net\/index.php?rest_route=%2Fwp%2Fv2%2Ftags&post=22962"}],"curies":[{"name":"wp","href":"https:\/\/api.w.org\/{rel}","templated":true}]}}