{"id":22959,"date":"2026-03-11T15:28:19","date_gmt":"2026-03-11T15:28:19","guid":{"rendered":"https:\/\/millitv.net\/?p=22959"},"modified":"2026-03-11T15:28:20","modified_gmt":"2026-03-11T15:28:20","slug":"h%c9%99rbcil%c9%99rin-qida-pulu-il%c9%99-bagli-vacib-aciqlama-nazirl%c9%99r-kabinetinin-13-il-%c9%99vv%c9%99lki-q%c9%99rari-niy%c9%99-icra-olunmur","status":"publish","type":"post","link":"https:\/\/millitv.net\/?p=22959","title":{"rendered":"H\u0259rb\u00e7il\u0259rin qida pulu il\u0259 ba\u011fl\u0131 VAC\u0130B A\u00c7IQLAMA:\u00a0Nazirl\u0259r Kabinetinin 13 il \u0259vv\u0259lki q\u0259rar\u0131 niy\u0259 icra olunmur?"},"content":{"rendered":"\n<p><strong>Az\u0259rbaycanda h\u0259rbi qulluq\u00e7ular\u0131n sosial t\u0259minat\u0131 il\u0259 ba\u011fl\u0131 m\u0259s\u0259l\u0259l\u0259r vaxta\u015f\u0131r\u0131 m\u00fczakir\u0259 m\u00f6vzusuna \u00e7evrilir. X\u00fcsusil\u0259, \u0259rzaq t\u0259minat\u0131 \u0259v\u0259zin\u0259 veril\u0259n pul kompensasiyas\u0131n\u0131n m\u0259bl\u0259\u011fi v\u0259 bu sah\u0259d\u0259 q\u0259bul olunmu\u015f q\u0259rarlar\u0131n icras\u0131 il\u0259 ba\u011fl\u0131 m\u00fcxt\u0259lif suallar g\u00fcnd\u0259m\u0259 g\u0259lir. Bildirilir ki, Nazirl\u0259r Kabinetinin 2013-c\u00fc ild\u0259 q\u0259bul etdiyi q\u0259rara \u0259sas\u0259n h\u0259rbi qulluq\u00e7ular \u00fc\u00e7\u00fcn ayr\u0131lan \u0259rzaq kompensasiyas\u0131 art\u0131r\u0131lsa da, bu art\u0131m tam \u015f\u0259kild\u0259 t\u0259tbiq olunmay\u0131b.<\/strong><\/p>\n\n\n\n<blockquote class=\"wp-block-quote is-layout-flow wp-block-quote-is-layout-flow\">\n<p>B\u0259s h\u0259qiq\u0259t\u0259n d\u0259 h\u0259min q\u0259rar bu g\u00fcn\u0259 q\u0259d\u0259r tam icra olunmur v\u0259 h\u0259rbi qulluq\u00e7ular\u0131n \u0259rzaq kompensasiyas\u0131 art\u0131r\u0131lm\u0131\u015f m\u0259bl\u0259\u011fd\u0259 \u00f6d\u0259nilmir?<\/p>\n<\/blockquote>\n\n\n\n<p>Bu bar\u0259d\u0259 h\u0259rbi ekspert \u018fdal\u0259t Verdiyev\u00a0KONKRET.az-a a\u00e7\u0131qlamas\u0131nda bildirib ki, haz\u0131rda Silahl\u0131 Q\u00fcvv\u0259l\u0259rd\u0259 xidm\u0259t ed\u0259n h\u0259rbi qulluq\u00e7ular \u0259rzaq t\u0259minat\u0131 \u0259v\u0259zin\u0259 ayl\u0131q 64 manat kompensasiya al\u0131rlar. Onun s\u00f6zl\u0259rin\u0259 g\u00f6r\u0259, bu m\u0259bl\u0259\u011fd\u0259n d\u0259 3 faiz vergi tutulur.<\/p>\n\n\n\n<blockquote class=\"wp-block-quote is-layout-flow wp-block-quote-is-layout-flow\">\n<p>Ekspert qeyd edib ki, Nazirl\u0259r Kabinetinin 2013-c\u00fc ild\u0259 q\u0259bul etdiyi q\u0259rara \u0259sas\u0259n, h\u0259min m\u0259bl\u0259\u011f iki d\u0259f\u0259 art\u0131r\u0131lmal\u0131 idi. Lakin art\u0131r\u0131lm\u0131\u015f m\u0259bl\u0259\u011fin bu g\u00fcn\u0259 q\u0259d\u0259r h\u0259rbi qulluq\u00e7ulara \u00f6d\u0259nilm\u0259diyi iddia olunur.<\/p>\n<\/blockquote>\n\n\n\n<p>\u201cReal olaraq h\u0259rbi qulluq\u00e7ular\u0131n qazan t\u0259minat\u0131, y\u0259ni qidalanmas\u0131 \u00fc\u00e7\u00fcn ayr\u0131lan \u0259rza\u011f\u0131n d\u0259y\u0259ri 128 manat hesablan\u0131r. Qazan t\u0259minat\u0131nda olan \u015f\u0259xsi hey\u0259t\u0259 bu v\u0259sait qida \u015f\u0259klind\u0259 t\u0259qdim edilir. Lakin \u0259rzaq \u0259v\u0259zin\u0259 pul alan h\u0259rbi qulluq\u00e7ular \u00fc\u00e7\u00fcn h\u0259min m\u0259bl\u0259\u011fin art\u0131r\u0131lm\u0131\u015f hiss\u0259si \u00f6d\u0259nilmir\u201d, \u2013 dey\u0259 o, bildirib.<\/p>\n\n\n\n<blockquote class=\"wp-block-quote is-layout-flow wp-block-quote-is-layout-flow\">\n<p>\u018fdal\u0259t Verdiyevin s\u00f6zl\u0259rin\u0259 g\u00f6r\u0259, indiy\u0259 q\u0259d\u0259r bu m\u0259s\u0259l\u0259 il\u0259 ba\u011fl\u0131 r\u0259smi d\u00f6vl\u0259t qurumlar\u0131 t\u0259r\u0259find\u0259n \u0259trafl\u0131 a\u00e7\u0131qlama verilm\u0259yib v\u0259 bunun s\u0259b\u0259bi d\u0259 d\u0259qiq m\u0259lum deyil.<\/p>\n<\/blockquote>\n\n\n\n<p>Ekspert hesab edir ki, m\u00f6vcud \u015f\u0259raitd\u0259 bir n\u0259f\u0259rin vergil\u0259r \u00e7\u0131x\u0131ld\u0131qdan sonra t\u0259xmin\u0259n 62 manat v\u0259saitl\u0259 qidalanmas\u0131 m\u00fcmk\u00fcn deyil.<\/p>\n\n\n\n<p>\u201cBu r\u0259q\u0259m\u0259 \u0259n q\u0131sa m\u00fcdd\u0259td\u0259 yenid\u0259n bax\u0131lmal\u0131d\u0131r v\u0259 daha \u0259vv\u0259l q\u0259bul edilmi\u015f q\u0259rar tam \u015f\u0259kild\u0259 icra olunmal\u0131d\u0131r. Haz\u0131rda m\u00fc\u015fahid\u0259 etdiyimiz odur ki, Nazirl\u0259r Kabinetinin 13 il \u0259vv\u0259l q\u0259bul etdiyi q\u0259rar bu g\u00fcn\u0259 q\u0259d\u0259r tam h\u0259cmd\u0259 yerin\u0259 yetirilmir\u201d, \u2013 dey\u0259 o, vur\u011fulay\u0131b.<\/p>\n","protected":false},"excerpt":{"rendered":"<p>Az\u0259rbaycanda h\u0259rbi qulluq\u00e7ular\u0131n sosial t\u0259minat\u0131 il\u0259 ba\u011fl\u0131 m\u0259s\u0259l\u0259l\u0259r vaxta\u015f\u0131r\u0131 m\u00fczakir\u0259 m\u00f6vzusuna \u00e7evrilir. X\u00fcsusil\u0259, \u0259rzaq t\u0259minat\u0131 \u0259v\u0259zin\u0259 veril\u0259n pul kompensasiyas\u0131n\u0131n m\u0259bl\u0259\u011fi v\u0259 bu sah\u0259d\u0259 q\u0259bul olunmu\u015f q\u0259rarlar\u0131n icras\u0131 il\u0259 ba\u011fl\u0131 m\u00fcxt\u0259lif suallar g\u00fcnd\u0259m\u0259 g\u0259lir. Bildirilir ki, Nazirl\u0259r Kabinetinin 2013-c\u00fc ild\u0259 q\u0259bul etdiyi q\u0259rara \u0259sas\u0259n h\u0259rbi qulluq\u00e7ular \u00fc\u00e7\u00fcn ayr\u0131lan \u0259rzaq kompensasiyas\u0131 art\u0131r\u0131lsa da, bu art\u0131m tam \u015f\u0259kild\u0259 &hellip;<\/p>\n","protected":false},"author":1,"featured_media":22960,"comment_status":"open","ping_status":"closed","sticky":false,"template":"","format":"standard","meta":{"footnotes":""},"categories":[1],"tags":[],"class_list":["post-22959","post","type-post","status-publish","format-standard","has-post-thumbnail","hentry","category-idman"],"_links":{"self":[{"href":"https:\/\/millitv.net\/index.php?rest_route=\/wp\/v2\/posts\/22959","targetHints":{"allow":["GET"]}}],"collection":[{"href":"https:\/\/millitv.net\/index.php?rest_route=\/wp\/v2\/posts"}],"about":[{"href":"https:\/\/millitv.net\/index.php?rest_route=\/wp\/v2\/types\/post"}],"author":[{"embeddable":true,"href":"https:\/\/millitv.net\/index.php?rest_route=\/wp\/v2\/users\/1"}],"replies":[{"embeddable":true,"href":"https:\/\/millitv.net\/index.php?rest_route=%2Fwp%2Fv2%2Fcomments&post=22959"}],"version-history":[{"count":1,"href":"https:\/\/millitv.net\/index.php?rest_route=\/wp\/v2\/posts\/22959\/revisions"}],"predecessor-version":[{"id":22961,"href":"https:\/\/millitv.net\/index.php?rest_route=\/wp\/v2\/posts\/22959\/revisions\/22961"}],"wp:featuredmedia":[{"embeddable":true,"href":"https:\/\/millitv.net\/index.php?rest_route=\/wp\/v2\/media\/22960"}],"wp:attachment":[{"href":"https:\/\/millitv.net\/index.php?rest_route=%2Fwp%2Fv2%2Fmedia&parent=22959"}],"wp:term":[{"taxonomy":"category","embeddable":true,"href":"https:\/\/millitv.net\/index.php?rest_route=%2Fwp%2Fv2%2Fcategories&post=22959"},{"taxonomy":"post_tag","embeddable":true,"href":"https:\/\/millitv.net\/index.php?rest_route=%2Fwp%2Fv2%2Ftags&post=22959"}],"curies":[{"name":"wp","href":"https:\/\/api.w.org\/{rel}","templated":true}]}}