{"id":22956,"date":"2026-03-11T15:25:50","date_gmt":"2026-03-11T15:25:50","guid":{"rendered":"https:\/\/millitv.net\/?p=22956"},"modified":"2026-03-11T15:25:51","modified_gmt":"2026-03-11T15:25:51","slug":"tecili-neft-bahalasdi-pensiyalar-artirilacaq","status":"publish","type":"post","link":"https:\/\/millitv.net\/?p=22956","title":{"rendered":"T\u018fC\u0130L\u0130: Neft bahala\u015fd\u0131 \u2013 Pensiyalar art\u0131r\u0131lacaq?"},"content":{"rendered":"\n<p><strong>\u201cNeftin d\u00fcnya bazar qiym\u0259tind\u0259ki art\u0131mlar Az\u0259rbaycan\u0131n d\u00f6vl\u0259t valyuta ehtiyatlar\u0131n\u0131n artmas\u0131na g\u0259tirib \u00e7\u0131xar\u0131r. N\u0259tic\u0259 etibaril\u0259 daha \u00e7ox neftin ixrac edilm\u0259si y\u00fcks\u0259k qiym\u0259tl\u0259r fonunda \u00f6lk\u0259y\u0259 daha \u00e7ox valyutan\u0131n daxil olmas\u0131 anlam\u0131na g\u0259lir. D\u00f6vl\u0259t b\u00fcdc\u0259sinin g\u0259lirl\u0259rinin 43 faizi enerji sektorunun pay\u0131na d\u00fc\u015f\u00fcr. Onun 12,8 milyard manat\u0131 D\u00f6vl\u0259t Neft Fonduna transferl\u0259rdir. 3,6 milyard manat is\u0259 birba\u015fa neft v\u0259 qaz sektorundan daxilolmalard\u0131r\u201d.<\/strong><\/p>\n\n\n\n<p>Bu s\u00f6zl\u0259ri Pravda.az-a a\u00e7\u0131qlamas\u0131nda Milli M\u0259clisin \u0130qtisadi siyas\u0259t, s\u0259naye v\u0259 sahibkarl\u0131q komit\u0259sinin \u00fczv\u00fc\u00a0V\u00fcqar Bayramov\u00a0deyib.<\/p>\n\n\n\n<blockquote class=\"wp-block-quote is-layout-flow wp-block-quote-is-layout-flow\">\n<p>O deyib ki, bu konteksd\u0259n neftin real bazar qiym\u0259tind\u0259ki art\u0131mlar m\u0259hz 3,6 milyard manatl\u0131q hiss\u0259y\u0259 birba\u015fa t\u0259sir g\u00f6st\u0259r\u0259c\u0259k: \u201cT\u0259bii ki b\u00fcdc\u0259 yerl\u0259rinin artmas\u0131 fonunda d\u00f6vl\u0259t b\u00fcdc\u0259sinin prioritet istiqam\u0259tl\u0259r\u0259, o c\u00fcml\u0259d\u0259n milli t\u0259hl\u00fck\u0259sizliyin daha da g\u00fccl\u0259nm\u0259si, el\u0259c\u0259 d\u0259 i\u015f\u011faldan azad olunmu\u015f \u0259razil\u0259rin b\u0259rpas\u0131 v\u0259 v\u0259t\u0259nda\u015flar\u0131m\u0131z\u0131n sosial t\u0259minat\u0131n daha da g\u00fccl\u0259ndirm\u0259si il\u0259 ba\u011fl\u0131 daha \u00e7ox v\u0259saitin ayr\u0131lmas\u0131na imkan yaradacaq. Sosial t\u0259minatlar t\u0259dbirl\u0259ri h\u0259r zaman prioritetdir. Baxmayaraq ki, 2025-ci ild\u0259 neftin real bazar qiym\u0259ti y\u00fcks\u0259k olmad\u0131, ancaq c\u0259nab Prezidentin tap\u015f\u0131r\u0131\u011f\u0131 il\u0259 Az\u0259rbaycanda 5-ci sosial paket realla\u015fd\u0131 v\u0259 bu 3 milyon v\u0259t\u0259nda\u015f\u0131m\u0131z\u0131 \u0259hat\u0259 etdi. Ona g\u00f6r\u0259 sosial t\u0259minat t\u0259dbirl\u0259ri h\u0259r zaman Az\u0259rbaycanda h\u0259yata ke\u00e7iril\u0259n siyas\u0259tin ana x\u0259ttidir. 2026-c\u0131 il \u00fc\u00e7\u00fcn d\u0259 bu istiqam\u0259td\u0259 daha \u00e7ox v\u0259saitin ayr\u0131lmas\u0131 m\u00fc\u015fahid\u0259 olunacaq\u201d.<\/p>\n<\/blockquote>\n","protected":false},"excerpt":{"rendered":"<p>\u201cNeftin d\u00fcnya bazar qiym\u0259tind\u0259ki art\u0131mlar Az\u0259rbaycan\u0131n d\u00f6vl\u0259t valyuta ehtiyatlar\u0131n\u0131n artmas\u0131na g\u0259tirib \u00e7\u0131xar\u0131r. N\u0259tic\u0259 etibaril\u0259 daha \u00e7ox neftin ixrac edilm\u0259si y\u00fcks\u0259k qiym\u0259tl\u0259r fonunda \u00f6lk\u0259y\u0259 daha \u00e7ox valyutan\u0131n daxil olmas\u0131 anlam\u0131na g\u0259lir. D\u00f6vl\u0259t b\u00fcdc\u0259sinin g\u0259lirl\u0259rinin 43 faizi enerji sektorunun pay\u0131na d\u00fc\u015f\u00fcr. Onun 12,8 milyard manat\u0131 D\u00f6vl\u0259t Neft Fonduna transferl\u0259rdir. 3,6 milyard manat is\u0259 birba\u015fa neft v\u0259 qaz &hellip;<\/p>\n","protected":false},"author":1,"featured_media":22957,"comment_status":"open","ping_status":"closed","sticky":false,"template":"","format":"standard","meta":{"footnotes":""},"categories":[1],"tags":[],"class_list":["post-22956","post","type-post","status-publish","format-standard","has-post-thumbnail","hentry","category-idman"],"_links":{"self":[{"href":"https:\/\/millitv.net\/index.php?rest_route=\/wp\/v2\/posts\/22956","targetHints":{"allow":["GET"]}}],"collection":[{"href":"https:\/\/millitv.net\/index.php?rest_route=\/wp\/v2\/posts"}],"about":[{"href":"https:\/\/millitv.net\/index.php?rest_route=\/wp\/v2\/types\/post"}],"author":[{"embeddable":true,"href":"https:\/\/millitv.net\/index.php?rest_route=\/wp\/v2\/users\/1"}],"replies":[{"embeddable":true,"href":"https:\/\/millitv.net\/index.php?rest_route=%2Fwp%2Fv2%2Fcomments&post=22956"}],"version-history":[{"count":1,"href":"https:\/\/millitv.net\/index.php?rest_route=\/wp\/v2\/posts\/22956\/revisions"}],"predecessor-version":[{"id":22958,"href":"https:\/\/millitv.net\/index.php?rest_route=\/wp\/v2\/posts\/22956\/revisions\/22958"}],"wp:featuredmedia":[{"embeddable":true,"href":"https:\/\/millitv.net\/index.php?rest_route=\/wp\/v2\/media\/22957"}],"wp:attachment":[{"href":"https:\/\/millitv.net\/index.php?rest_route=%2Fwp%2Fv2%2Fmedia&parent=22956"}],"wp:term":[{"taxonomy":"category","embeddable":true,"href":"https:\/\/millitv.net\/index.php?rest_route=%2Fwp%2Fv2%2Fcategories&post=22956"},{"taxonomy":"post_tag","embeddable":true,"href":"https:\/\/millitv.net\/index.php?rest_route=%2Fwp%2Fv2%2Ftags&post=22956"}],"curies":[{"name":"wp","href":"https:\/\/api.w.org\/{rel}","templated":true}]}}