{"id":22950,"date":"2026-03-11T15:23:20","date_gmt":"2026-03-11T15:23:20","guid":{"rendered":"https:\/\/millitv.net\/?p=22950"},"modified":"2026-03-11T15:23:20","modified_gmt":"2026-03-11T15:23:20","slug":"xeberdarliq-maas-kartinizdan-kredit-borcunuza-gor%c9%99-pul-tutulursa-mutl%c9%99q-bu-addimi-atin","status":"publish","type":"post","link":"https:\/\/millitv.net\/?p=22950","title":{"rendered":"X\u018fB\u018fRDARLIQ: Maa\u015f kart\u0131n\u0131zdan kredit borcunuza g\u00f6r\u0259 pul tutulursa,\u00a0m\u00fctl\u0259q bu add\u0131m\u0131 at\u0131n&#8230;"},"content":{"rendered":"\n<p><strong>B\u0259zi hallarda banklar\u0131n v\u0259t\u0259nda\u015flar\u0131n maa\u015f kartlar\u0131ndan kredit borclar\u0131n\u0131 avtomatik \u015f\u0259kild\u0259 tutmas\u0131 naraz\u0131l\u0131q do\u011furur. X\u00fcsusil\u0259 d\u0259 v\u0259t\u0259nda\u015f \u0259vv\u0259lc\u0259d\u0259n m\u0259lumatland\u0131r\u0131lmad\u0131\u011f\u0131n\u0131 v\u0259 ya a\u00e7\u0131q raz\u0131l\u0131q verm\u0259diyini iddia etdikd\u0259 bu m\u0259s\u0259l\u0259nin qanuniliyin\u0259 dair suallar yaran\u0131r. B\u0259s v\u0259t\u0259nda\u015f\u0131n raz\u0131l\u0131\u011f\u0131 v\u0259 ya \u0259vv\u0259lc\u0259d\u0259n yaz\u0131l\u0131 m\u0259lumatland\u0131r\u0131lmas\u0131 olmadan onun maa\u015f kart\u0131ndan kredit borcunun avtomatik tutulmas\u0131 qanunvericiliy\u0259 uy\u011fundurmu?<\/strong><\/p>\n\n\n\n<p>M\u00f6vzu il\u0259 ba\u011fl\u0131\u00a0KONKRET.az-a a\u00e7\u0131qlama ver\u0259n iqtisad\u00e7\u0131 Asif \u0130brahimov bildirib ki, bel\u0259 hallar \u0259sas\u0259n kredit m\u00fcqavil\u0259sind\u0259 g\u00f6st\u0259ril\u0259n \u015f\u0259rtl\u0259r\u0259 \u0259sas\u0259n h\u0259yata ke\u00e7irilir.<\/p>\n\n\n\n<blockquote class=\"wp-block-quote is-layout-flow wp-block-quote-is-layout-flow\">\n<p>\u201cBu m\u0259s\u0259l\u0259l\u0259r ist\u0259r kredit ver\u0259n, ist\u0259rs\u0259 d\u0259 kredit g\u00f6t\u00fcr\u0259n \u015f\u0259xsl\u0259r aras\u0131nda M\u00fclki M\u0259c\u0259ll\u0259y\u0259 uy\u011fun ba\u011flanm\u0131\u015f kredit m\u00fcqavil\u0259sin\u0259 \u0259sas\u0259n h\u0259yata ke\u00e7irilir. Az\u0259rbaycan qanunvericiliyind\u0259 m\u00fcqavil\u0259 azadl\u0131\u011f\u0131 prinsipi m\u00f6vcuddur. Y\u0259ni t\u0259r\u0259fl\u0259r Konstitusiyada n\u0259z\u0259rd\u0259 tutulan h\u00fcquqlar\u0131 pozmamaq \u015f\u0259rti il\u0259 \u00f6z aralar\u0131nda m\u00fc\u0259yy\u0259n \u015f\u0259rtl\u0259r \u00fczr\u0259 raz\u0131la\u015fa bilirl\u0259r.<\/p>\n<\/blockquote>\n\n\n\n<p>Banklar\u0131n t\u0259qdim etdiyi \u00e7oxs\u0259hif\u0259li kredit m\u00fcqavil\u0259l\u0259rind\u0259 maa\u015f kart\u0131ndan v\u0259saitin tutulmas\u0131 il\u0259 ba\u011fl\u0131 madd\u0259l\u0259r ad\u0259t\u0259n \u0259vv\u0259lc\u0259d\u0259n qeyd olunur.<\/p>\n\n\n\n<blockquote class=\"wp-block-quote is-layout-flow wp-block-quote-is-layout-flow\">\n<p>\u018fks\u0259r hallarda banklar bu \u015f\u0259rti m\u00fcqavil\u0259y\u0259 daxil edirl\u0259r v\u0259 kredit g\u00f6t\u00fcr\u0259n \u015f\u0259xs m\u00fcqavil\u0259ni imzalayark\u0259n faktiki olaraq bu \u015f\u0259rtl\u0259rl\u0259 raz\u0131la\u015fm\u0131\u015f olur\u201d.<\/p>\n<\/blockquote>\n\n\n\n<p>Asif \u0130brahimov \u0259lav\u0259 edib ki, kredit \u00f6d\u0259ni\u015fl\u0259rind\u0259 ciddi gecikm\u0259l\u0259r yarand\u0131qda v\u0259 borc problemli kredit\u0259 \u00e7evrildikd\u0259 m\u0259s\u0259l\u0259 m\u0259hk\u0259m\u0259 m\u00fcst\u0259visin\u0259 ke\u00e7\u0259 bil\u0259r:<\/p>\n\n\n\n<blockquote class=\"wp-block-quote is-layout-flow wp-block-quote-is-layout-flow\">\n<p>\u201cBel\u0259 hallarda m\u0259hk\u0259m\u0259 q\u0259rar\u0131 \u0259sas\u0131nda icra\u00e7\u0131 qurum kredit borcunun \u00f6d\u0259nilm\u0259si \u00fc\u00e7\u00fcn v\u0259t\u0259nda\u015f\u0131n \u0259m\u0259k haqq\u0131 hesab\u0131na y\u00f6nl\u0259ndirm\u0259 ed\u0259 bilir. Bu is\u0259 art\u0131q m\u0259hk\u0259m\u0259 q\u0259rar\u0131na \u0259sas\u0259n h\u0259yata ke\u00e7irilir\u201d.<br>\u0130qtisad\u00e7\u0131 vur\u011fulay\u0131b ki, qanunvericilikd\u0259 bu m\u0259s\u0259l\u0259y\u0259 dair ziddiyy\u0259t yoxdur:<\/p>\n<\/blockquote>\n\n\n\n<p>\u201c\u018fg\u0259r kredit m\u00fcqavil\u0259sinin \u015f\u0259rtl\u0259rind\u0259 bel\u0259 bir b\u0259nd g\u00f6st\u0259rilibs\u0259 v\u0259 t\u0259r\u0259fl\u0259r bunu q\u0259bul edibl\u0259rs\u0259, bank\u0131n h\u0259min mexanizmd\u0259n istifad\u0259 etm\u0259si h\u00fcquqi bax\u0131mdan m\u00fcmk\u00fcnd\u00fcr\u201d.<\/p>\n","protected":false},"excerpt":{"rendered":"<p>B\u0259zi hallarda banklar\u0131n v\u0259t\u0259nda\u015flar\u0131n maa\u015f kartlar\u0131ndan kredit borclar\u0131n\u0131 avtomatik \u015f\u0259kild\u0259 tutmas\u0131 naraz\u0131l\u0131q do\u011furur. X\u00fcsusil\u0259 d\u0259 v\u0259t\u0259nda\u015f \u0259vv\u0259lc\u0259d\u0259n m\u0259lumatland\u0131r\u0131lmad\u0131\u011f\u0131n\u0131 v\u0259 ya a\u00e7\u0131q raz\u0131l\u0131q verm\u0259diyini iddia etdikd\u0259 bu m\u0259s\u0259l\u0259nin qanuniliyin\u0259 dair suallar yaran\u0131r. B\u0259s v\u0259t\u0259nda\u015f\u0131n raz\u0131l\u0131\u011f\u0131 v\u0259 ya \u0259vv\u0259lc\u0259d\u0259n yaz\u0131l\u0131 m\u0259lumatland\u0131r\u0131lmas\u0131 olmadan onun maa\u015f kart\u0131ndan kredit borcunun avtomatik tutulmas\u0131 qanunvericiliy\u0259 uy\u011fundurmu? M\u00f6vzu il\u0259 ba\u011fl\u0131\u00a0KONKRET.az-a a\u00e7\u0131qlama ver\u0259n iqtisad\u00e7\u0131 &hellip;<\/p>\n","protected":false},"author":1,"featured_media":22951,"comment_status":"open","ping_status":"closed","sticky":false,"template":"","format":"standard","meta":{"footnotes":""},"categories":[1],"tags":[],"class_list":["post-22950","post","type-post","status-publish","format-standard","has-post-thumbnail","hentry","category-idman"],"_links":{"self":[{"href":"https:\/\/millitv.net\/index.php?rest_route=\/wp\/v2\/posts\/22950","targetHints":{"allow":["GET"]}}],"collection":[{"href":"https:\/\/millitv.net\/index.php?rest_route=\/wp\/v2\/posts"}],"about":[{"href":"https:\/\/millitv.net\/index.php?rest_route=\/wp\/v2\/types\/post"}],"author":[{"embeddable":true,"href":"https:\/\/millitv.net\/index.php?rest_route=\/wp\/v2\/users\/1"}],"replies":[{"embeddable":true,"href":"https:\/\/millitv.net\/index.php?rest_route=%2Fwp%2Fv2%2Fcomments&post=22950"}],"version-history":[{"count":1,"href":"https:\/\/millitv.net\/index.php?rest_route=\/wp\/v2\/posts\/22950\/revisions"}],"predecessor-version":[{"id":22952,"href":"https:\/\/millitv.net\/index.php?rest_route=\/wp\/v2\/posts\/22950\/revisions\/22952"}],"wp:featuredmedia":[{"embeddable":true,"href":"https:\/\/millitv.net\/index.php?rest_route=\/wp\/v2\/media\/22951"}],"wp:attachment":[{"href":"https:\/\/millitv.net\/index.php?rest_route=%2Fwp%2Fv2%2Fmedia&parent=22950"}],"wp:term":[{"taxonomy":"category","embeddable":true,"href":"https:\/\/millitv.net\/index.php?rest_route=%2Fwp%2Fv2%2Fcategories&post=22950"},{"taxonomy":"post_tag","embeddable":true,"href":"https:\/\/millitv.net\/index.php?rest_route=%2Fwp%2Fv2%2Ftags&post=22950"}],"curies":[{"name":"wp","href":"https:\/\/api.w.org\/{rel}","templated":true}]}}