{"id":2294,"date":"2023-10-16T13:38:35","date_gmt":"2023-10-16T13:38:35","guid":{"rendered":"https:\/\/millinews.az\/xeber\/gurcu-politoloq-dusm%C9%99nl%C9%99-nec%C9%99-mubariz%C9%99-aparmagi-az%C9%99rbaycandan-oyr%C9%99nm%C9%99liyik\/"},"modified":"2023-10-16T13:38:35","modified_gmt":"2023-10-16T13:38:35","slug":"gurcu-politoloq-dusm%C9%99nl%C9%99-nec%C9%99-mubariz%C9%99-aparmagi-az%C9%99rbaycandan-oyr%C9%99nm%C9%99liyik","status":"publish","type":"post","link":"https:\/\/millitv.net\/?p=2294","title":{"rendered":"G\u00fcrc\u00fc politoloq: \u201cD\u00fc\u015fm\u0259nl\u0259 nec\u0259 m\u00fcbariz\u0259 aparma\u011f\u0131 Az\u0259rbaycandan \u00f6yr\u0259nm\u0259liyik\u201d"},"content":{"rendered":"<p><img decoding=\"async\" src=\"https:\/\/cdn.oxu.az\/uploads\/W1siZiIsIjIwMjMvMTAvMTYvMTYvNTUvNTgvYzBlMWVhN2ItZmFkMS00Mzk2LWE5ZGUtMWYzOWZmNmQ2ZDgxLzA4NTk5Mjg3LThkMjgtMzAzYy1iNDk3LWJjYWZlZTI0NWJhMV84NTAuanBlZyJdLFsicCIsImVuY29kZSIsImpwZyIsIi1xdWFsaXR5IDgwIl0sWyJwIiwidGh1bWIiLCI2MjB4NDY1XHUwMDNlIl1d?sha=f39e5041f5ca6040\" alt=\"\" title=\"\"><\/p>\n<div><a class=\"subs-in-social subs-whatsapp\" href=\"https:\/\/whatsapp.com\/channel\/0029VaAakbx89ingOoeiTp40\" target=\"_blank\" rel=\"noopener\"><\/p>\n<p>Bizim WhatsApp kanal\u0131m\u0131za buradan abun\u0259 ola bil\u0259rsiniz<\/p>\n<p><\/a><\/p>\n<p>\u201cBiz Az\u0259rbaycan n\u00fcmun\u0259si \u00fcz\u0259rind\u0259 d\u00fc\u015fm\u0259nl\u0259 nec\u0259 m\u00fcbariz\u0259 aparmaq laz\u0131m oldu\u011funu \u00f6yr\u0259nm\u0259liyik\u201d.<\/p>\n<p>Bu fikri\u00a0\u201cReport\u201dun yerli b\u00fcrosuna G\u00fcrc\u00fcstan Strateji Planla\u015fd\u0131rma M\u0259rk\u0259zinin r\u0259hb\u0259ri Levan Mamaladze deyib.<\/p>\n<p>O xat\u0131rlad\u0131b ki, Az\u0259rbaycan bayra\u011f\u0131 \u0259z\u0259li \u0259razisi olan Xank\u0259ndid\u0259 qald\u0131r\u0131ld\u0131:<\/p>\n<p>\u201cBa\u015f ver\u0259nl\u0259r region \u00fc\u00e7\u00fcn tarixi bir hadis\u0259dir. 2003-c\u00fc ild\u0259 \u0130lham \u018fliyev inaqurasiyas\u0131 zaman\u0131 dedi ki, Az\u0259rbaycan\u0131n \u0259razi b\u00fct\u00f6vl\u00fcy\u00fcn\u00fc b\u0259rpa ed\u0259c\u0259k. Prezident <strong>\u0130lham \u018fliyev <\/strong>dedi v\u0259 s\u00f6z\u00fcn\u00fc tutdu\u201d.<\/p>\n<p>\u201cM\u0259n b\u00fct\u00fcn Az\u0259rbaycan xalq\u0131n\u0131 bu \u015fanl\u0131 g\u00fcn m\u00fcnasib\u0259til\u0259 t\u0259brik etm\u0259k ist\u0259yir\u0259m. Az\u0259rbaycan bayra\u011f\u0131 Az\u0259rbaycan \u0259razisi olan Xank\u0259ndid\u0259 qald\u0131r\u0131ld\u0131. Ba\u015f ver\u0259nl\u0259r region \u00fc\u00e7\u00fcn tarixi bir hadis\u0259dir. Bu bir daha s\u00fcbut etdi ki, do\u011fru v\u0259 \u0259zmkar \u00e7al\u0131\u015faraq b\u00fct\u00fcn mane\u0259l\u0259ri a\u015f\u0131b, \u0259razi b\u00fct\u00f6vl\u00fcy\u00fcn\u00fc b\u0259rpa edib b\u00fct\u00f6v bir d\u00f6vl\u0259t qurmaq m\u00fcmk\u00fcnd\u00fcr. \u0130tkil\u0259rl\u0259, qanla Az\u0259rbaycan xalq\u0131 \u00f6z \u0259razi b\u00fct\u00f6vl\u00fcy\u00fcn\u00fc b\u0259rpa etdi. Bu biz\u0259 bir n\u00fcmun\u0259dir. Biz Az\u0259rbaycan n\u00fcmun\u0259si \u00fcz\u0259rind\u0259 d\u00fc\u015fm\u0259nl\u0259 nec\u0259 m\u00fcbariz\u0259 aparmaq laz\u0131m oldu\u011funu \u00f6yr\u0259nm\u0259liyik. \u0130nan\u0131ram ki, biz d\u0259 \u00f6z \u0259razi b\u00fct\u00f6vl\u00fcy\u00fcm\u00fcz\u00fc b\u0259rpa ed\u0259c\u0259yik\u201d, &#8211; dey\u0259 L.Mamaladze qeyd edib.<\/p>\n<p>Politoloq Simon Kapadze is\u0259 bildirib ki, Az\u0259rbaycan Prezidenti \u0130lham \u018fliyev hakimiyy\u0259ti d\u00f6vr\u00fcnd\u0259 \u00e7ox i\u015fl\u0259r\u0259 imza at\u0131b:<\/p>\n<p>\u201c\u018fn \u0259sas\u0131 is\u0259 Az\u0259rbaycan\u0131n \u0259razi b\u00fct\u00f6vl\u00fcy\u00fcn\u00fc b\u0259rpa edib. Arzu edir\u0259m ki, Az\u0259rbaycanda ba\u015f ver\u0259nl\u0259r tezlikl\u0259 G\u00fcrc\u00fcstanda da olsun. G\u00fcrc\u00fcstan da \u00f6z \u0259razi b\u00fct\u00f6vl\u00fcy\u00fcn\u00fc b\u0259rpa etsin. Az\u0259rbaycan bayra\u011f\u0131 Xank\u0259ndid\u0259 dal\u011faland\u0131\u011f\u0131 kimi, G\u00fcrc\u00fcstan bayra\u011f\u0131 da Suxumid\u0259 dal\u011falans\u0131n\u201d.<\/p>\n<p>O, h\u0259m\u00e7inin Xank\u0259ndi ba\u015fda olmaqla dig\u0259r rayonlar\u0131n da Az\u0259rbaycana qaytar\u0131lmas\u0131 m\u00fcnasib\u0259til\u0259 Prezident \u0130lham \u018fliyev ba\u015fda olmaqla b\u00fct\u00fcn Az\u0259rbaycan xalq\u0131n\u0131 t\u0259brik edib.<\/p>\n<\/div>\n","protected":false},"excerpt":{"rendered":"<p>Bizim WhatsApp kanal\u0131m\u0131za buradan abun\u0259 ola bil\u0259rsiniz \u201cBiz Az\u0259rbaycan n\u00fcmun\u0259si \u00fcz\u0259rind\u0259 d\u00fc\u015fm\u0259nl\u0259 nec\u0259 m\u00fcbariz\u0259 aparmaq laz\u0131m oldu\u011funu \u00f6yr\u0259nm\u0259liyik\u201d. Bu fikri\u00a0\u201cReport\u201dun yerli b\u00fcrosuna G\u00fcrc\u00fcstan Strateji Planla\u015fd\u0131rma M\u0259rk\u0259zinin r\u0259hb\u0259ri Levan Mamaladze deyib. O xat\u0131rlad\u0131b ki, Az\u0259rbaycan bayra\u011f\u0131 \u0259z\u0259li \u0259razisi olan Xank\u0259ndid\u0259 qald\u0131r\u0131ld\u0131: \u201cBa\u015f ver\u0259nl\u0259r region \u00fc\u00e7\u00fcn tarixi bir hadis\u0259dir. 2003-c\u00fc ild\u0259 \u0130lham \u018fliyev inaqurasiyas\u0131 zaman\u0131 dedi ki, &hellip;<\/p>\n","protected":false},"author":1,"featured_media":2295,"comment_status":"open","ping_status":"closed","sticky":false,"template":"","format":"standard","meta":{"footnotes":""},"categories":[9],"tags":[],"class_list":["post-2294","post","type-post","status-publish","format-standard","has-post-thumbnail","hentry","category-xeber"],"_links":{"self":[{"href":"https:\/\/millitv.net\/index.php?rest_route=\/wp\/v2\/posts\/2294","targetHints":{"allow":["GET"]}}],"collection":[{"href":"https:\/\/millitv.net\/index.php?rest_route=\/wp\/v2\/posts"}],"about":[{"href":"https:\/\/millitv.net\/index.php?rest_route=\/wp\/v2\/types\/post"}],"author":[{"embeddable":true,"href":"https:\/\/millitv.net\/index.php?rest_route=\/wp\/v2\/users\/1"}],"replies":[{"embeddable":true,"href":"https:\/\/millitv.net\/index.php?rest_route=%2Fwp%2Fv2%2Fcomments&post=2294"}],"version-history":[{"count":0,"href":"https:\/\/millitv.net\/index.php?rest_route=\/wp\/v2\/posts\/2294\/revisions"}],"wp:featuredmedia":[{"embeddable":true,"href":"https:\/\/millitv.net\/index.php?rest_route=\/wp\/v2\/media\/2295"}],"wp:attachment":[{"href":"https:\/\/millitv.net\/index.php?rest_route=%2Fwp%2Fv2%2Fmedia&parent=2294"}],"wp:term":[{"taxonomy":"category","embeddable":true,"href":"https:\/\/millitv.net\/index.php?rest_route=%2Fwp%2Fv2%2Fcategories&post=2294"},{"taxonomy":"post_tag","embeddable":true,"href":"https:\/\/millitv.net\/index.php?rest_route=%2Fwp%2Fv2%2Ftags&post=2294"}],"curies":[{"name":"wp","href":"https:\/\/api.w.org\/{rel}","templated":true}]}}