{"id":22934,"date":"2026-03-10T14:26:35","date_gmt":"2026-03-10T14:26:35","guid":{"rendered":"https:\/\/millitv.net\/?p=22934"},"modified":"2026-03-10T14:26:36","modified_gmt":"2026-03-10T14:26:36","slug":"vasif-m%c9%99h%c9%99rr%c9%99mli-yeni-qalmaqalin-t%c9%99m%c9%99lini-qoydu-b%c9%99zi-xan%c9%99nd%c9%99l%c9%99r-mahni-oxuya-bilmir","status":"publish","type":"post","link":"https:\/\/millitv.net\/?p=22934","title":{"rendered":"Vasif M\u0259h\u0259rr\u0259mli yeni qalmaqal\u0131n t\u0259m\u0259lini qoydu &#8211;\u00a0B\u0259zi xan\u0259nd\u0259l\u0259r mahn\u0131 oxuya bilmir"},"content":{"rendered":"\n<p><strong>\u018fm\u0259kdar artist Vasif M\u0259h\u0259rr\u0259mli xan\u0259nd\u0259l\u0259rl\u0259 ba\u011fl\u0131 qalmaqall\u0131 a\u00e7\u0131qlama verib.<\/strong><\/p>\n\n\n\n<p>M\u00fc\u011f\u0259nni &#8220;\u0130nc\u0259 s\u0259h\u0259r&#8221; verili\u015find\u0259 b\u0259zi xan\u0259nd\u0259l\u0259rin mahn\u0131 oxuya bilm\u0259diyini bildirib.<\/p>\n\n\n\n<p>&#8220;H\u0259r xan\u0259nd\u0259 mahn\u0131 oxuya bilmir. Mu\u011fam, t\u0259snif oxuya bil\u0259r, amma mahn\u0131 yox. El\u0259 \u0259s\u0259rl\u0259r var ki, vokal qurulu\u015fu laz\u0131md\u0131r. M\u0259s\u0259l\u0259n, Sevil \u018fliyevan\u0131n bir balladas\u0131 olsun&#8230; Burada vokal laz\u0131md\u0131r. Oxuyanda bo\u011faz etm\u0259k olmaz. Oradan ora g\u0259lm\u0259k \u00e7\u0259tindir&#8221;, &#8211; dey\u0259 o qeyd edib.(Ax\u015fam.az)<\/p>\n","protected":false},"excerpt":{"rendered":"<p>\u018fm\u0259kdar artist Vasif M\u0259h\u0259rr\u0259mli xan\u0259nd\u0259l\u0259rl\u0259 ba\u011fl\u0131 qalmaqall\u0131 a\u00e7\u0131qlama verib. M\u00fc\u011f\u0259nni &#8220;\u0130nc\u0259 s\u0259h\u0259r&#8221; verili\u015find\u0259 b\u0259zi xan\u0259nd\u0259l\u0259rin mahn\u0131 oxuya bilm\u0259diyini bildirib. &#8220;H\u0259r xan\u0259nd\u0259 mahn\u0131 oxuya bilmir. Mu\u011fam, t\u0259snif oxuya bil\u0259r, amma mahn\u0131 yox. El\u0259 \u0259s\u0259rl\u0259r var ki, vokal qurulu\u015fu laz\u0131md\u0131r. M\u0259s\u0259l\u0259n, Sevil \u018fliyevan\u0131n bir balladas\u0131 olsun&#8230; Burada vokal laz\u0131md\u0131r. Oxuyanda bo\u011faz etm\u0259k olmaz. Oradan ora g\u0259lm\u0259k \u00e7\u0259tindir&#8221;, &hellip;<\/p>\n","protected":false},"author":1,"featured_media":16256,"comment_status":"open","ping_status":"closed","sticky":false,"template":"","format":"standard","meta":{"footnotes":""},"categories":[1],"tags":[],"class_list":["post-22934","post","type-post","status-publish","format-standard","has-post-thumbnail","hentry","category-idman"],"_links":{"self":[{"href":"https:\/\/millitv.net\/index.php?rest_route=\/wp\/v2\/posts\/22934","targetHints":{"allow":["GET"]}}],"collection":[{"href":"https:\/\/millitv.net\/index.php?rest_route=\/wp\/v2\/posts"}],"about":[{"href":"https:\/\/millitv.net\/index.php?rest_route=\/wp\/v2\/types\/post"}],"author":[{"embeddable":true,"href":"https:\/\/millitv.net\/index.php?rest_route=\/wp\/v2\/users\/1"}],"replies":[{"embeddable":true,"href":"https:\/\/millitv.net\/index.php?rest_route=%2Fwp%2Fv2%2Fcomments&post=22934"}],"version-history":[{"count":1,"href":"https:\/\/millitv.net\/index.php?rest_route=\/wp\/v2\/posts\/22934\/revisions"}],"predecessor-version":[{"id":22935,"href":"https:\/\/millitv.net\/index.php?rest_route=\/wp\/v2\/posts\/22934\/revisions\/22935"}],"wp:featuredmedia":[{"embeddable":true,"href":"https:\/\/millitv.net\/index.php?rest_route=\/wp\/v2\/media\/16256"}],"wp:attachment":[{"href":"https:\/\/millitv.net\/index.php?rest_route=%2Fwp%2Fv2%2Fmedia&parent=22934"}],"wp:term":[{"taxonomy":"category","embeddable":true,"href":"https:\/\/millitv.net\/index.php?rest_route=%2Fwp%2Fv2%2Fcategories&post=22934"},{"taxonomy":"post_tag","embeddable":true,"href":"https:\/\/millitv.net\/index.php?rest_route=%2Fwp%2Fv2%2Ftags&post=22934"}],"curies":[{"name":"wp","href":"https:\/\/api.w.org\/{rel}","templated":true}]}}