{"id":22931,"date":"2026-03-10T14:25:53","date_gmt":"2026-03-10T14:25:53","guid":{"rendered":"https:\/\/millitv.net\/?p=22931"},"modified":"2026-03-10T14:25:54","modified_gmt":"2026-03-10T14:25:54","slug":"xalq-artistind%c9%99n-k%c9%99mal%c9%99-gun%c9%99sliy%c9%99-cavab-min-cavana-d%c9%99y%c9%99r%c9%99m-video","status":"publish","type":"post","link":"https:\/\/millitv.net\/?p=22931","title":{"rendered":"Xalq artistind\u0259n K\u0259mal\u0259 G\u00fcn\u0259\u015fliy\u0259 cavab: Min cavana d\u0259y\u0259r\u0259m &#8211;\u00a0Video"},"content":{"rendered":"\n<p><strong>Cavan Zeynall\u0131 K\u0259mal\u0259 G\u00fcn\u0259\u015flinin dedikl\u0259rini ciddi q\u0259bul etm\u0259diyini bildirib.<\/strong><\/p>\n\n\n\n<p>Qaynarinfo x\u0259b\u0259r verir ki, Xalq artisti s\u0259hh\u0259tinin yax\u015f\u0131 oldu\u011funu v\u0259 h\u0259l\u0259 d\u0259 \u00f6z\u00fcn\u00fc g\u00fccl\u00fc hiss etdiyini vur\u011fulay\u0131b:<\/p>\n\n\n\n<p>&#8220;M\u0259n n\u0259 q\u0259d\u0259r ya\u015fl\u0131 olsam da, min cavana d\u0259y\u0259r\u0259m. Ya\u015f\u0131n n\u0259 f\u0259rqi var?! G\u0259nclikd\u0259 nec\u0259 idims\u0259, indi d\u0259 el\u0259y\u0259m. S\u0259hh\u0259tim yax\u015f\u0131d\u0131r, s\u0259simi qoruyuram v\u0259 \u00f6z\u00fcm\u0259 diqq\u0259t edir\u0259m&#8221;.<\/p>\n\n\n\n<p>C. Zeynall\u0131 b\u0259zi m\u00fc\u011f\u0259nnil\u0259rinin televiziya efirl\u0259rin\u0259 \u00e7\u0131x\u0131\u015f\u0131na m\u0259hdudiyy\u0259t qoyulmas\u0131 il\u0259 ba\u011fl\u0131 q\u0259rar\u0131 d\u0259st\u0259kl\u0259diyini qeyd edib:<\/p>\n\n\n\n<p>&#8220;Onlar m\u00fcxt\u0259lif yollarla efir\u0259 \u00e7\u0131x\u0131rlar. Televiziya s\u0259n\u0259t \u00fc\u00e7\u00fcnd\u00fcr v\u0259 tama\u015fa\u00e7\u0131 h\u0259mi\u015f\u0259 h\u0259qiqi s\u0259n\u0259tkar\u0131 sevir&#8221;.<\/p>\n\n\n\n<p>Xat\u0131rladaq ki, K\u0259mal\u0259 G\u00fcn\u0259\u015fli \u00e7\u0131x\u0131\u015flar\u0131n\u0131n birind\u0259 g\u0259nc n\u0259slin Cavan Zeynall\u0131n\u0131 tan\u0131mad\u0131\u011f\u0131n\u0131 iddia etmi\u015f v\u0259 onun efird\u0259 k\u00f6hn\u0259 lent yaz\u0131lar\u0131 il\u0259 \u00e7\u0131x\u0131\u015f etdiyini s\u00f6yl\u0259mi\u015fdi.<\/p>\n","protected":false},"excerpt":{"rendered":"<p>Cavan Zeynall\u0131 K\u0259mal\u0259 G\u00fcn\u0259\u015flinin dedikl\u0259rini ciddi q\u0259bul etm\u0259diyini bildirib. Qaynarinfo x\u0259b\u0259r verir ki, Xalq artisti s\u0259hh\u0259tinin yax\u015f\u0131 oldu\u011funu v\u0259 h\u0259l\u0259 d\u0259 \u00f6z\u00fcn\u00fc g\u00fccl\u00fc hiss etdiyini vur\u011fulay\u0131b: &#8220;M\u0259n n\u0259 q\u0259d\u0259r ya\u015fl\u0131 olsam da, min cavana d\u0259y\u0259r\u0259m. Ya\u015f\u0131n n\u0259 f\u0259rqi var?! G\u0259nclikd\u0259 nec\u0259 idims\u0259, indi d\u0259 el\u0259y\u0259m. S\u0259hh\u0259tim yax\u015f\u0131d\u0131r, s\u0259simi qoruyuram v\u0259 \u00f6z\u00fcm\u0259 diqq\u0259t edir\u0259m&#8221;. C. Zeynall\u0131 &hellip;<\/p>\n","protected":false},"author":1,"featured_media":22932,"comment_status":"open","ping_status":"closed","sticky":false,"template":"","format":"standard","meta":{"footnotes":""},"categories":[1],"tags":[],"class_list":["post-22931","post","type-post","status-publish","format-standard","has-post-thumbnail","hentry","category-idman"],"_links":{"self":[{"href":"https:\/\/millitv.net\/index.php?rest_route=\/wp\/v2\/posts\/22931","targetHints":{"allow":["GET"]}}],"collection":[{"href":"https:\/\/millitv.net\/index.php?rest_route=\/wp\/v2\/posts"}],"about":[{"href":"https:\/\/millitv.net\/index.php?rest_route=\/wp\/v2\/types\/post"}],"author":[{"embeddable":true,"href":"https:\/\/millitv.net\/index.php?rest_route=\/wp\/v2\/users\/1"}],"replies":[{"embeddable":true,"href":"https:\/\/millitv.net\/index.php?rest_route=%2Fwp%2Fv2%2Fcomments&post=22931"}],"version-history":[{"count":1,"href":"https:\/\/millitv.net\/index.php?rest_route=\/wp\/v2\/posts\/22931\/revisions"}],"predecessor-version":[{"id":22933,"href":"https:\/\/millitv.net\/index.php?rest_route=\/wp\/v2\/posts\/22931\/revisions\/22933"}],"wp:featuredmedia":[{"embeddable":true,"href":"https:\/\/millitv.net\/index.php?rest_route=\/wp\/v2\/media\/22932"}],"wp:attachment":[{"href":"https:\/\/millitv.net\/index.php?rest_route=%2Fwp%2Fv2%2Fmedia&parent=22931"}],"wp:term":[{"taxonomy":"category","embeddable":true,"href":"https:\/\/millitv.net\/index.php?rest_route=%2Fwp%2Fv2%2Fcategories&post=22931"},{"taxonomy":"post_tag","embeddable":true,"href":"https:\/\/millitv.net\/index.php?rest_route=%2Fwp%2Fv2%2Ftags&post=22931"}],"curies":[{"name":"wp","href":"https:\/\/api.w.org\/{rel}","templated":true}]}}