{"id":22928,"date":"2026-03-10T14:24:52","date_gmt":"2026-03-10T14:24:52","guid":{"rendered":"https:\/\/millitv.net\/?p=22928"},"modified":"2026-03-10T14:24:54","modified_gmt":"2026-03-10T14:24:54","slug":"40-gun-q%c9%99biristanliqda-qaldim","status":"publish","type":"post","link":"https:\/\/millitv.net\/?p=22928","title":{"rendered":"\u201c40 g\u00fcn q\u0259biristanl\u0131qda qald\u0131m\u201d"},"content":{"rendered":"\n<p><strong>M\u00fc\u011f\u0259nni Abdul Xalid televiziya proqram\u0131nda s\u0259mimi etiraflar\u0131 il\u0259 diqq\u0259t \u00e7\u0259kib.<\/strong><\/p>\n\n\n\n<p>S\u0259n\u0259t\u00e7i &#8220;R\u0259ngar\u0259ng&#8221; verili\u015find\u0259 qonaq olark\u0259n h\u0259yat\u0131n\u0131n \u0259n a\u011f\u0131r d\u00f6vrl\u0259rind\u0259n birind\u0259n &#8211; anas\u0131n\u0131n x\u0259st\u0259liyi v\u0259 v\u0259fat\u0131ndan sonra ya\u015fad\u0131\u011f\u0131 \u00e7\u0259tinlikl\u0259rd\u0259n dan\u0131\u015f\u0131b.<\/p>\n\n\n\n<p>\u0130fa\u00e7\u0131 bildirib ki, anas\u0131n\u0131n itkisi il\u0259 h\u0259l\u0259 d\u0259 bar\u0131\u015fa bilm\u0259yib. Onun s\u00f6zl\u0259rin\u0259 g\u00f6r\u0259, anas\u0131 d\u00fcnyas\u0131n\u0131 d\u0259yi\u015f\u0259nd\u0259n sonra uzun m\u00fcdd\u0259t b\u00f6y\u00fck psixoloji sars\u0131nt\u0131 ya\u015fay\u0131b:<\/p>\n\n\n\n<p>&#8220;Anam\u0131n \u00f6l\u00fcm\u00fcn\u00fc q\u0259bul ed\u0259 bilm\u0259dim. O v\u0259fat ed\u0259nd\u0259n sonra 40 g\u00fcn q\u0259biristanl\u0131qda qald\u0131m. H\u0259tta anam\u0131n x\u0259st\u0259 oldu\u011funu bil\u0259nd\u0259 toylara da getm\u0259dim. H\u0259r k\u0259s d\u0259rdini f\u0259rqli ya\u015fay\u0131r, m\u0259nim hiss etdikl\u0259rim is\u0259 i\u00e7imd\u0259n g\u0259l\u0259n bir duy\u011fudur&#8221;.<\/p>\n\n\n\n<p>Abdul Xalid qeyd edib ki, anas\u0131na \u00e7ox ba\u011fl\u0131 olub v\u0259 bu itkid\u0259n sonra insanlara ba\u011flanmaqdan \u00e7\u0259kinir. Onun s\u00f6zl\u0259rin\u0259 g\u00f6r\u0259, bu ac\u0131 t\u0259cr\u00fcb\u0259 onu emosional bax\u0131mdan \u00e7ox sars\u0131d\u0131b.<\/p>\n\n\n\n<p>M\u00fc\u011f\u0259nni \u0259lav\u0259 edib ki, anas\u0131n\u0131n son anlar\u0131nda ona &#8220;Ana, haradasan?&#8221; dey\u0259 s\u0259sl\u0259nib v\u0259 bu sual\u0131n cavab\u0131n\u0131 h\u0259l\u0259 d\u0259 tapma\u011fa \u00e7al\u0131\u015f\u0131r. B\u0259z\u0259n yuxular\u0131nda anas\u0131 il\u0259 dan\u0131\u015fd\u0131\u011f\u0131n\u0131 s\u00f6yl\u0259y\u0259n s\u0259n\u0259t\u00e7i bunun onu \u00e7ox yor\u011funu v\u0259 k\u0259d\u0259rli etdiyini vur\u011fulay\u0131b.<\/p>\n\n\n\n<p>Sonda Abdul Xalid h\u0259r k\u0259si valideynl\u0259rin, x\u00fcsusil\u0259 d\u0259 analar\u0131n q\u0259drini sa\u011fl\u0131\u011f\u0131nda bilm\u0259y\u0259 \u00e7a\u011f\u0131r\u0131b.(Milli.Az)<\/p>\n","protected":false},"excerpt":{"rendered":"<p>M\u00fc\u011f\u0259nni Abdul Xalid televiziya proqram\u0131nda s\u0259mimi etiraflar\u0131 il\u0259 diqq\u0259t \u00e7\u0259kib. S\u0259n\u0259t\u00e7i &#8220;R\u0259ngar\u0259ng&#8221; verili\u015find\u0259 qonaq olark\u0259n h\u0259yat\u0131n\u0131n \u0259n a\u011f\u0131r d\u00f6vrl\u0259rind\u0259n birind\u0259n &#8211; anas\u0131n\u0131n x\u0259st\u0259liyi v\u0259 v\u0259fat\u0131ndan sonra ya\u015fad\u0131\u011f\u0131 \u00e7\u0259tinlikl\u0259rd\u0259n dan\u0131\u015f\u0131b. \u0130fa\u00e7\u0131 bildirib ki, anas\u0131n\u0131n itkisi il\u0259 h\u0259l\u0259 d\u0259 bar\u0131\u015fa bilm\u0259yib. Onun s\u00f6zl\u0259rin\u0259 g\u00f6r\u0259, anas\u0131 d\u00fcnyas\u0131n\u0131 d\u0259yi\u015f\u0259nd\u0259n sonra uzun m\u00fcdd\u0259t b\u00f6y\u00fck psixoloji sars\u0131nt\u0131 ya\u015fay\u0131b: &#8220;Anam\u0131n \u00f6l\u00fcm\u00fcn\u00fc q\u0259bul &hellip;<\/p>\n","protected":false},"author":1,"featured_media":22929,"comment_status":"open","ping_status":"closed","sticky":false,"template":"","format":"standard","meta":{"footnotes":""},"categories":[1],"tags":[],"class_list":["post-22928","post","type-post","status-publish","format-standard","has-post-thumbnail","hentry","category-idman"],"_links":{"self":[{"href":"https:\/\/millitv.net\/index.php?rest_route=\/wp\/v2\/posts\/22928","targetHints":{"allow":["GET"]}}],"collection":[{"href":"https:\/\/millitv.net\/index.php?rest_route=\/wp\/v2\/posts"}],"about":[{"href":"https:\/\/millitv.net\/index.php?rest_route=\/wp\/v2\/types\/post"}],"author":[{"embeddable":true,"href":"https:\/\/millitv.net\/index.php?rest_route=\/wp\/v2\/users\/1"}],"replies":[{"embeddable":true,"href":"https:\/\/millitv.net\/index.php?rest_route=%2Fwp%2Fv2%2Fcomments&post=22928"}],"version-history":[{"count":1,"href":"https:\/\/millitv.net\/index.php?rest_route=\/wp\/v2\/posts\/22928\/revisions"}],"predecessor-version":[{"id":22930,"href":"https:\/\/millitv.net\/index.php?rest_route=\/wp\/v2\/posts\/22928\/revisions\/22930"}],"wp:featuredmedia":[{"embeddable":true,"href":"https:\/\/millitv.net\/index.php?rest_route=\/wp\/v2\/media\/22929"}],"wp:attachment":[{"href":"https:\/\/millitv.net\/index.php?rest_route=%2Fwp%2Fv2%2Fmedia&parent=22928"}],"wp:term":[{"taxonomy":"category","embeddable":true,"href":"https:\/\/millitv.net\/index.php?rest_route=%2Fwp%2Fv2%2Fcategories&post=22928"},{"taxonomy":"post_tag","embeddable":true,"href":"https:\/\/millitv.net\/index.php?rest_route=%2Fwp%2Fv2%2Ftags&post=22928"}],"curies":[{"name":"wp","href":"https:\/\/api.w.org\/{rel}","templated":true}]}}