{"id":22925,"date":"2026-03-10T11:15:40","date_gmt":"2026-03-10T11:15:40","guid":{"rendered":"https:\/\/millitv.net\/?p=22925"},"modified":"2026-03-10T11:15:41","modified_gmt":"2026-03-10T11:15:41","slug":"pensiya-alanlara-sad-xeber-bu-tarixd%c9%99","status":"publish","type":"post","link":"https:\/\/millitv.net\/?p=22925","title":{"rendered":"Pensiya alanlara \u015eAD X\u018fB\u018fR &#8211; Bu tarixd\u0259&#8230;"},"content":{"rendered":"\n<p><strong>Qar\u015f\u0131dan g\u0259l\u0259n bayramlarla \u0259laq\u0259dar olaraq mart\u0131n 11-d\u0259 respublika \u00fczr\u0259 pensiyalar\u0131n qrafikd\u0259n \u0259vv\u0259l tam \u00f6d\u0259nil\u0259r\u0259k yekunla\u015fd\u0131r\u0131lmas\u0131 n\u0259z\u0259rd\u0259 tutulub.<\/strong><\/p>\n\n\n\n<p>Publika.az\u00a0x\u0259b\u0259r verir ki, bu bar\u0259d\u0259 D\u00f6vl\u0259t Sosial M\u00fcdafi\u0259 Fondu m\u0259lumat yay\u0131b.<\/p>\n\n\n\n<p>Qeyd olunub ki, h\u0259min g\u00fcn g\u00fcz\u0259\u015ftli \u015f\u0259rtl\u0259rl\u0259 pensiya h\u00fcququna malik \u015f\u0259xsl\u0259rin d\u0259 pensiyalar\u0131 \u00f6d\u0259nil\u0259c\u0259k.<\/p>\n","protected":false},"excerpt":{"rendered":"<p>Qar\u015f\u0131dan g\u0259l\u0259n bayramlarla \u0259laq\u0259dar olaraq mart\u0131n 11-d\u0259 respublika \u00fczr\u0259 pensiyalar\u0131n qrafikd\u0259n \u0259vv\u0259l tam \u00f6d\u0259nil\u0259r\u0259k yekunla\u015fd\u0131r\u0131lmas\u0131 n\u0259z\u0259rd\u0259 tutulub. Publika.az\u00a0x\u0259b\u0259r verir ki, bu bar\u0259d\u0259 D\u00f6vl\u0259t Sosial M\u00fcdafi\u0259 Fondu m\u0259lumat yay\u0131b. Qeyd olunub ki, h\u0259min g\u00fcn g\u00fcz\u0259\u015ftli \u015f\u0259rtl\u0259rl\u0259 pensiya h\u00fcququna malik \u015f\u0259xsl\u0259rin d\u0259 pensiyalar\u0131 \u00f6d\u0259nil\u0259c\u0259k.<\/p>\n","protected":false},"author":1,"featured_media":22926,"comment_status":"open","ping_status":"closed","sticky":false,"template":"","format":"standard","meta":{"footnotes":""},"categories":[1],"tags":[],"class_list":["post-22925","post","type-post","status-publish","format-standard","has-post-thumbnail","hentry","category-idman"],"_links":{"self":[{"href":"https:\/\/millitv.net\/index.php?rest_route=\/wp\/v2\/posts\/22925","targetHints":{"allow":["GET"]}}],"collection":[{"href":"https:\/\/millitv.net\/index.php?rest_route=\/wp\/v2\/posts"}],"about":[{"href":"https:\/\/millitv.net\/index.php?rest_route=\/wp\/v2\/types\/post"}],"author":[{"embeddable":true,"href":"https:\/\/millitv.net\/index.php?rest_route=\/wp\/v2\/users\/1"}],"replies":[{"embeddable":true,"href":"https:\/\/millitv.net\/index.php?rest_route=%2Fwp%2Fv2%2Fcomments&post=22925"}],"version-history":[{"count":1,"href":"https:\/\/millitv.net\/index.php?rest_route=\/wp\/v2\/posts\/22925\/revisions"}],"predecessor-version":[{"id":22927,"href":"https:\/\/millitv.net\/index.php?rest_route=\/wp\/v2\/posts\/22925\/revisions\/22927"}],"wp:featuredmedia":[{"embeddable":true,"href":"https:\/\/millitv.net\/index.php?rest_route=\/wp\/v2\/media\/22926"}],"wp:attachment":[{"href":"https:\/\/millitv.net\/index.php?rest_route=%2Fwp%2Fv2%2Fmedia&parent=22925"}],"wp:term":[{"taxonomy":"category","embeddable":true,"href":"https:\/\/millitv.net\/index.php?rest_route=%2Fwp%2Fv2%2Fcategories&post=22925"},{"taxonomy":"post_tag","embeddable":true,"href":"https:\/\/millitv.net\/index.php?rest_route=%2Fwp%2Fv2%2Ftags&post=22925"}],"curies":[{"name":"wp","href":"https:\/\/api.w.org\/{rel}","templated":true}]}}