{"id":22922,"date":"2026-03-06T13:34:27","date_gmt":"2026-03-06T13:34:27","guid":{"rendered":"https:\/\/millitv.net\/?p=22922"},"modified":"2026-03-06T13:34:28","modified_gmt":"2026-03-06T13:34:28","slug":"az%c9%99rbaycan-irandan-yukl%c9%99rin-girisini-qadagan-etdi-qiym%c9%99tl%c9%99r-artacaq","status":"publish","type":"post","link":"https:\/\/millitv.net\/?p=22922","title":{"rendered":"Az\u0259rbaycan \u0130randan y\u00fckl\u0259rin giri\u015fini qada\u011fan etdi &#8211; Qiym\u0259tl\u0259r artacaq?"},"content":{"rendered":"\n<p><strong>M\u0259lum oldu\u011fu kimi, \u0130ran\u0131n Nax\u00e7\u0131van Beyn\u0259lxalq Hava Liman\u0131na h\u00fccumundan sonra Az\u0259rbaycan Respublikas\u0131n\u0131n Ba\u015f naziri \u0130ran s\u0259rh\u0259dind\u0259n y\u00fck ma\u015f\u0131nlar\u0131n\u0131n \u00f6lk\u0259y\u0259 giri\u015fini tam m\u0259hdudla\u015fd\u0131ran f\u0259rman imzalay\u0131b. Bu q\u0259rar\u0131n Az\u0259rbaycan iqtisadiyyat\u0131na v\u0259 istehlak bazar\u0131na ciddi t\u0259siri olacaqm\u0131? Regiondak\u0131 geosiyasi g\u0259rginliyin iqtisadi n\u0259tic\u0259l\u0259ri nec\u0259 hiss olunacaq?<\/strong><\/p>\n\n\n\n<p>Publika.az\u00a0bu v\u0259 ya dig\u0259r suallarla\u00a0<strong>iqtisad\u00e7\u0131-ekspert R\u0259\u015fad H\u0259s\u0259nova<\/strong>\u00a0m\u00fcraci\u0259t etdi.<\/p>\n\n\n\n<p>\u0130qtisad\u00e7\u0131 bildirdi ki, AB\u015e-\u0130srail-\u0130ran m\u00fcharib\u0259sinin Az\u0259rbaycan iqtisadiyyat\u0131na, o c\u00fcml\u0259d\u0259n istehlak bazar\u0131na qiym\u0259tl\u0259r\u0259 t\u0259siri \u0259vv\u0259lc\u0259d\u0259n proqnozla\u015fd\u0131r\u0131l\u0131rd\u0131. Lakin bu proqnozla\u015fd\u0131rmalar zaman\u0131 biz daha \u00e7ox iqtisadi faktorlar\u0131 n\u0259z\u0259r\u0259 al\u0131rd\u0131q: \u0130ran daxilind\u0259 istehsalat prosesinin pozulmas\u0131, t\u0259dar\u00fck z\u0259ncirind\u0259 fasil\u0259l\u0259rin yaranmas\u0131, \u0130ran h\u00f6kum\u0259tinin bir s\u0131ra z\u0259ruri m\u0259hsullar\u0131n ixrac\u0131na m\u0259hdudiyy\u0259tl\u0259r t\u0259tbiq etm\u0259si v\u0259 s. amill\u0259r.<\/p>\n\n\n\n<p>H\u0259s\u0259nov vur\u011fulad\u0131 ki, son ba\u015f ver\u0259n hadis\u0259l\u0259r fonunda yeni bir konyunktur ortaya \u00e7\u0131xd\u0131 v\u0259 h\u0259lledici amil burada siyasi faktordur.<\/p>\n\n\n\n<p>O \u0259lav\u0259 etdi ki, y\u00fck ma\u015f\u0131nlar\u0131n\u0131n h\u0259r\u0259k\u0259tinin dayand\u0131r\u0131lmas\u0131 art\u0131q Az\u0259rbaycan bazar\u0131nda \u0130ran m\u0259n\u015f\u0259li m\u0259hsullar\u0131n t\u0259chizat z\u0259ncirinin pozulmas\u0131 v\u0259 dolay\u0131s\u0131 il\u0259 d\u0259 ilkin olaraq psixoloji faktorlar\u0131n t\u0259siri fonunda \u0130ran m\u0259n\u015f\u0259li m\u0259hsullar\u0131n qiym\u0259tl\u0259rini ciddi \u015f\u0259kild\u0259 bahala\u015fmas\u0131 \u00fc\u00e7\u00fcn bir m\u00fchit, bir konyunktur formala\u015fd\u0131r\u0131r.<\/p>\n\n\n\n<p>O, h\u0259m\u00e7inin qeyd etdi ki, \u0130ran m\u0259n\u015f\u0259li m\u0259hsullar daha \u00e7ox qiym\u0259t aspektind\u0259n Az\u0259rbaycan bazar\u0131nda v\u0259 a\u015fa\u011f\u0131, a\u015fa\u011f\u0131 orta g\u0259lirli sosial qruplar\u0131n istehlak\u0131nda \u00fcst\u00fcnl\u00fck t\u0259\u015fkil edirdi: \u201cBu sosial qruplar\u0131n al\u0131c\u0131l\u0131q g\u00fcc\u00fc \u00e7ox da y\u00fcks\u0259k deyil v\u0259 qiym\u0259t art\u0131mlar\u0131 t\u0259bii ki, m\u00fcvafiq sosial qruplar\u0131n al\u0131c\u0131l\u0131q g\u00fcc\u00fcn\u00fc t\u0259zyiq alt\u0131na salacaq\u201d.<\/p>\n\n\n\n<p>R\u0259\u015fad H\u0259s\u0259nov bildirdi ki, \u0130randan il \u0259rizind\u0259 orta hesabla Az\u0259rbaycana 600 milyon avro d\u0259y\u0259rind\u0259 m\u0259hsullar idxal olunur. Bu is\u0259 ayl\u0131q t\u0259xmin\u0259n 50 milyon avro v\u0259 ya 85 milyon manat m\u0259bl\u0259\u011find\u0259 m\u0259hsulun idxal\u0131 dem\u0259kdir.<\/p>\n\n\n\n<p>H\u0259s\u0259nov \u0259lav\u0259 etdi ki, \u0130randan \u0259sas\u0259n Az\u0259rbaycana qida m\u0259hsullar\u0131, y\u00fcng\u00fcl s\u0259naye m\u0259hsullar\u0131, kimya s\u0259nayesi m\u0259hsullar\u0131 idxal olunurdu. H\u0259m\u00e7inin istehsalat prosesind\u0259 istifad\u0259 olunan xammal xarakterli m\u0259hsullar idxal olunub:<\/p>\n\n\n\n<p>\u201cBel\u0259 bir \u015f\u0259raitd\u0259 alternativ bazarlar\u0131n ara\u015fd\u0131r\u0131lmas\u0131 v\u0259 bu bazarlar \u00fcz\u0259rind\u0259n m\u00fcvafiq m\u0259hsullar\u0131n \u0259v\u0259zedicil\u0259rinin t\u0259min edilm\u0259si m\u00fc\u0259yy\u0259n zaman alacaq. Bu zaman t\u0259bii ki, kifay\u0259t q\u0259d\u0259r \u0259h\u0259miyy\u0259tli amill\u0259rd\u0259n biri d\u0259 qiym\u0259t d\u0259yi\u015fikliyidir, amma ist\u0259nil\u0259n halda alternativ bazarlardan m\u00fcvafiq qiym\u0259tl\u0259rl\u0259 m\u0259hsullar\u0131n idxal edilm\u0259si m\u00fcmk\u00fcn olmayacaq\u201d.<\/p>\n\n\n\n<p><strong>Alternativ bazar imkanlar\u0131<\/strong><\/p>\n\n\n\n<p>M\u00fcsahibimizin s\u00f6zl\u0259rin\u0259 g\u00f6r\u0259, haz\u0131rk\u0131 \u015f\u0259raitd\u0259 T\u00fcrkiy\u0259, Yax\u0131n \u015e\u0259rq v\u0259 M\u0259rk\u0259zi Asiya \u00f6lk\u0259l\u0259ri bir s\u0131ra k\u0259nd t\u0259s\u0259rr\u00fcfat\u0131 qida t\u0259yinatl\u0131 m\u0259hsullar\u0131n\u0131n v\u0259 onun yar\u0131mfabrikatlar\u0131n\u0131n istehlak\u0131 bazar\u0131na \u00e7evril\u0259 bil\u0259r:<\/p>\n\n\n\n<p>\u201cV\u0259 kimy\u0259vi s\u0259naye m\u0259hsullar\u0131, y\u00fcng\u00fcl s\u0259naye m\u0259hsullar\u0131 aspektind\u0259n \u0259v\u0259zedici daha \u00e7ox \u00c7in bazar\u0131 olacaq. \u00c7\u00fcnki burada qiym\u0259t r\u0259qab\u0259tliliyi \u00e7ox vacib amildir v\u0259 \u0130ran m\u0259n\u015f\u0259li m\u0259hsullar\u0131n \u0259sas istehlak\u00e7\u0131s\u0131 a\u015fa\u011f\u0131 g\u0259lirli sosial qruplard\u0131r\u201d.<\/p>\n\n\n\n<p><strong>N\u0259tic\u0259 v\u0259 g\u0259l\u0259c\u0259k proqnozlar<\/strong><\/p>\n\n\n\n<p>R\u0259\u015fad H\u0259s\u0259nov sonda bildirdi ki, t\u0259sirl\u0259r prosessl\u0259rin n\u0259 q\u0259d\u0259r davam etm\u0259si v\u0259 ixrac\u00e7\u0131lar\u0131n alternativ bazarlarla \u0259m\u0259kda\u015fl\u0131q qurmaq \u00fc\u00e7\u00fcn t\u0259l\u0259b olunan zamandan as\u0131l\u0131 olaraq d\u0259yi\u015f\u0259c\u0259k: \u201c\u0130lkin m\u0259rh\u0259l\u0259d\u0259 ayd\u0131nd\u0131r ki, \u0130randan ixrac olunan b\u00fct\u00fcn n\u00f6v m\u0259hsullarda q\u0131tl\u0131q m\u00fc\u015fahid\u0259 olunacaq v\u0259 bu q\u0131tl\u0131q Az\u0259rbaycanda x\u00fcsusil\u0259 d\u0259 a\u015fa\u011f\u0131 g\u0259lirli sosial qruplar\u0131n ail\u0259 b\u00fcdc\u0259l\u0259rinin idar\u0259 edilm\u0259si \u00fc\u00e7\u00fcn kifay\u0259t q\u0259d\u0259r ciddi \u00e7\u0259tinlikl\u0259r formala\u015fd\u0131r\u0131r\u201d.<\/p>\n","protected":false},"excerpt":{"rendered":"<p>M\u0259lum oldu\u011fu kimi, \u0130ran\u0131n Nax\u00e7\u0131van Beyn\u0259lxalq Hava Liman\u0131na h\u00fccumundan sonra Az\u0259rbaycan Respublikas\u0131n\u0131n Ba\u015f naziri \u0130ran s\u0259rh\u0259dind\u0259n y\u00fck ma\u015f\u0131nlar\u0131n\u0131n \u00f6lk\u0259y\u0259 giri\u015fini tam m\u0259hdudla\u015fd\u0131ran f\u0259rman imzalay\u0131b. Bu q\u0259rar\u0131n Az\u0259rbaycan iqtisadiyyat\u0131na v\u0259 istehlak bazar\u0131na ciddi t\u0259siri olacaqm\u0131? Regiondak\u0131 geosiyasi g\u0259rginliyin iqtisadi n\u0259tic\u0259l\u0259ri nec\u0259 hiss olunacaq? Publika.az\u00a0bu v\u0259 ya dig\u0259r suallarla\u00a0iqtisad\u00e7\u0131-ekspert R\u0259\u015fad H\u0259s\u0259nova\u00a0m\u00fcraci\u0259t etdi. \u0130qtisad\u00e7\u0131 bildirdi ki, AB\u015e-\u0130srail-\u0130ran m\u00fcharib\u0259sinin &hellip;<\/p>\n","protected":false},"author":1,"featured_media":22923,"comment_status":"open","ping_status":"closed","sticky":false,"template":"","format":"standard","meta":{"footnotes":""},"categories":[1],"tags":[],"class_list":["post-22922","post","type-post","status-publish","format-standard","has-post-thumbnail","hentry","category-idman"],"_links":{"self":[{"href":"https:\/\/millitv.net\/index.php?rest_route=\/wp\/v2\/posts\/22922","targetHints":{"allow":["GET"]}}],"collection":[{"href":"https:\/\/millitv.net\/index.php?rest_route=\/wp\/v2\/posts"}],"about":[{"href":"https:\/\/millitv.net\/index.php?rest_route=\/wp\/v2\/types\/post"}],"author":[{"embeddable":true,"href":"https:\/\/millitv.net\/index.php?rest_route=\/wp\/v2\/users\/1"}],"replies":[{"embeddable":true,"href":"https:\/\/millitv.net\/index.php?rest_route=%2Fwp%2Fv2%2Fcomments&post=22922"}],"version-history":[{"count":1,"href":"https:\/\/millitv.net\/index.php?rest_route=\/wp\/v2\/posts\/22922\/revisions"}],"predecessor-version":[{"id":22924,"href":"https:\/\/millitv.net\/index.php?rest_route=\/wp\/v2\/posts\/22922\/revisions\/22924"}],"wp:featuredmedia":[{"embeddable":true,"href":"https:\/\/millitv.net\/index.php?rest_route=\/wp\/v2\/media\/22923"}],"wp:attachment":[{"href":"https:\/\/millitv.net\/index.php?rest_route=%2Fwp%2Fv2%2Fmedia&parent=22922"}],"wp:term":[{"taxonomy":"category","embeddable":true,"href":"https:\/\/millitv.net\/index.php?rest_route=%2Fwp%2Fv2%2Fcategories&post=22922"},{"taxonomy":"post_tag","embeddable":true,"href":"https:\/\/millitv.net\/index.php?rest_route=%2Fwp%2Fv2%2Ftags&post=22922"}],"curies":[{"name":"wp","href":"https:\/\/api.w.org\/{rel}","templated":true}]}}