{"id":2256,"date":"2023-10-16T11:35:15","date_gmt":"2023-10-16T11:35:15","guid":{"rendered":"https:\/\/millinews.az\/xeber\/dini-konfessiya-r%C9%99hb%C9%99rl%C9%99ri-az%C9%99rbaycan-prezidentin%C9%99-m%C9%99ktub-unvanlayib\/"},"modified":"2023-10-16T11:35:15","modified_gmt":"2023-10-16T11:35:15","slug":"dini-konfessiya-r%C9%99hb%C9%99rl%C9%99ri-az%C9%99rbaycan-prezidentin%C9%99-m%C9%99ktub-unvanlayib","status":"publish","type":"post","link":"https:\/\/millitv.net\/?p=2256","title":{"rendered":"Dini konfessiya r\u0259hb\u0259rl\u0259ri Az\u0259rbaycan Prezidentin\u0259 m\u0259ktub \u00fcnvanlay\u0131b"},"content":{"rendered":"<div id=\"maincontent\">&#13;<br \/>\n        &#13;<\/p>\n<p><strong>Dini konfessiya r\u0259hb\u0259rl\u0259ri Az\u0259rbaycan Prezidenti \u0130lham \u018fliyev\u0259 t\u0259brik m\u0259ktubu \u00fcnvanlay\u0131b.<\/strong><\/p>\n<p><a href=\"https:\/\/Millinews.az\" target=\"_blank\" class=\"kw-link\" rel=\"noopener\">Millinews.az<\/a> x\u0259b\u0259r verir ki, t\u0259brik m\u0259ktubunda deyilir: &#13;\n<\/p>\n<p>&#8220;M\u00f6ht\u0259r\u0259m c\u0259nab Prezident!<\/p>\n<p>Biz, Az\u0259rbaycandak\u0131 dini konfessiyalar\u0131n r\u0259hb\u0259rl\u0259ri Zati-alil\u0259rinizi &#8211; d\u00fcnya \u015f\u00f6hr\u0259tli qalib siyasi lideri Az\u0259rbaycan\u0131n suverenliyinin b\u0259rpas\u0131 m\u00fcnasib\u0259til\u0259 s\u0259mimi q\u0259lbd\u0259n t\u0259brik etm\u0259kd\u0259n \u015f\u0259r\u0259f duyur, Az\u0259rbaycan xalq\u0131 v\u0259 d\u00f6vl\u0259ti namin\u0259 uca f\u0259aliyy\u0259tiniz\u0259 Ulu Yaradandan u\u011furlar dil\u0259yirik.<\/p>\n<p>M\u00f6ht\u0259r\u0259m c\u0259nab Prezident! Siz V\u0259t\u0259n m\u00fcharib\u0259sind\u0259ki Z\u0259f\u0259rin q\u00fcruru il\u0259 ya\u015fayan Az\u0259rbaycan xalq\u0131na 2023-c\u00fc ilin 15 oktyabr\u0131nda daha bir \u00f6z\u0259l, tarixi \u0259h\u0259miyy\u0259tli, m\u00f6ht\u0259\u015f\u0259m g\u00fcn ya\u015fatd\u0131n\u0131z. Az\u0259rbaycan xalq\u0131n\u0131n haqq m\u00fcbariz\u0259sinin qalibiyy\u0259t dastan\u0131n\u0131 d\u00fcnya tarixi s\u0259hif\u0259l\u0259rin\u0259 m\u00f6ht\u0259\u015f\u0259m Z\u0259f\u0259r g\u00fcn\u00fc il\u0259 h\u0259kk etmi\u015f \u015f\u0259xsiyy\u0259t olaraq Zati-alil\u0259riniz Az\u0259rbaycan\u0131n \u0259razi b\u00fct\u00f6vl\u00fcy\u00fcn\u00fc v\u0259 \u0259z\u0259li torpaqlar\u0131 \u00fcz\u0259rind\u0259 suveren h\u00fcququnu t\u0259sbit etdiniz. Tarixi \u0259dal\u0259tin b\u0259rpas\u0131 &#8211; \u0259z\u0259li Az\u0259rbaycan torpaqlar\u0131n\u0131n i\u015f\u011faldan azad edilm\u0259si y\u00f6n\u00fcnd\u0259 Ali Ba\u015f Komandan olaraq r\u0259hb\u0259rlik etdiyiniz qalibiyy\u0259tli V\u0259t\u0259n m\u00fcharib\u0259si haqq\u0131n, \u0259dal\u0259tin t\u0259nt\u0259n\u0259sin\u0259 inam\u0131 t\u0259c\u0259ss\u00fcm etdirdiyi kimi, 15 oktyabr Xank\u0259ndi z\u0259f\u0259ri mill\u0259t olaraq l\u0259yaq\u0259t v\u0259 \u015f\u0259r\u0259fimizin b\u0259rpas\u0131n\u0131 \u0259yan etdi.<\/p>\n<p>M\u00f6ht\u0259r\u0259m c\u0259nab Prezident! Az\u0259rbaycan xalq\u0131n\u0131n Ulu \u00d6nd\u0259rinin v\u0259siyy\u0259tini &#8211; Ata v\u0259siyy\u0259tini yerin\u0259 yetirmi\u015f Zati-alil\u0259rinizin Az\u0259rbaycan c\u0259miyy\u0259tin\u0259 b\u0259x\u015f etdiyi bu t\u0259nt\u0259n\u0259li tarixi g\u00fcn\u0259 g\u00f6r\u0259 h\u0259r bir az\u0259rbaycanl\u0131n\u0131n q\u0259lbind\u0259 \u00f6z\u0259l yeri vard\u0131r. Siz Uca Allah\u0131n k\u00f6m\u0259yi il\u0259, Az\u0259rbaycan xalq\u0131n\u0131n d\u0259st\u0259k v\u0259 h\u0259mr\u0259yliyi, sonsuz m\u0259h\u0259bb\u0259t v\u0259 d\u0259rin etimad\u0131n\u0131 haqq etmisiniz v\u0259 bu, Ulu Tanr\u0131n\u0131n L\u00fctf\u00fcd\u00fcr. \u015eu\u015fa v\u0259 Xank\u0259ndinin Az\u0259rbaycanl\u0131lar \u00fc\u00e7\u00fcn m\u00fcq\u0259dd\u0259s d\u0259y\u0259rini, yaral\u0131 Xocal\u0131 yadda\u015f\u0131n\u0131, A\u011fd\u0259r\u0259, Xocav\u0259nd, \u018fsg\u0259ran nisgilini q\u0259lbind\u0259 saxlayan, Qaraba\u011fda separatizm yuvas\u0131n\u0131 l\u0259\u011fv edib qalib Az\u0259rbaycan\u0131n \u00fc\u00e7r\u0259ngli bayra\u011f\u0131n\u0131 y\u00fcks\u0259ld\u0259n M\u00fcz\u0259ff\u0259r Ali Ba\u015f Komandan\u0131m\u0131z\u0131 Uca Yaradan h\u0259r zaman hifz etsin! \u00abQaraba\u011f Az\u0259rbaycand\u0131r\u00bb ideyas\u0131 \u0259traf\u0131nda s\u0259f\u0259rb\u0259r olan Az\u0259rbaycan xalq\u0131n\u0131n m\u00fcz\u0259ff\u0259r s\u0259rk\u0259rd\u0259si, Qaraba\u011f\u0131n, \u015eu\u015fan\u0131n fatehi olan C\u0259nab\u0131n\u0131z Xank\u0259ndi \u00fcz\u0259rind\u0259 Az\u0259rbaycan bayra\u011f\u0131n\u0131 ucaltmaqla n\u0259yi, nec\u0259 v\u0259 n\u0259 vaxt etm\u0259yi \u0259n g\u00f6z\u0259l bil\u0259n siyasi lider olaraq b\u00f6y\u00fck missiya yerin\u0259 yetir\u0259r\u0259k, xalq\u0131m\u0131z\u0131n \u0259n \u00fclvi arzular\u0131n\u0131 ger\u00e7\u0259kl\u0259\u015fdirib \u00f6z ad\u0131n\u0131z\u0131 tarixin salnam\u0259l\u0259rin\u0259 h\u0259kk etdiniz!<\/p>\n<p>M\u00f6ht\u0259r\u0259m c\u0259nab Prezident! Xo\u015f f\u00fcrs\u0259td\u0259n istifad\u0259 ed\u0259r\u0259k, Az\u0259rbaycanda siyasi hakimiyy\u0259t\u0259 g\u0259li\u015finizin 20-ci ild\u00f6n\u00fcm\u00fc m\u00fcnasib\u0259til\u0259 Sizi \u00fcr\u0259kd\u0259n t\u0259brik edir, d\u00f6vl\u0259timiz\u0259 v\u0259 xalq\u0131m\u0131za b\u0259x\u015f etdiyiniz u\u011furlu inki\u015faf yolu v\u0259 tarixi nailiyy\u0259tl\u0259r\u0259 g\u00f6r\u0259 s\u0259mimi minn\u0259tdarl\u0131\u011f\u0131m\u0131z\u0131 ifad\u0259 edirik. H\u0259qiq\u0259t\u0259n, bizl\u0259r\u0259 Sizin timsal\u0131n\u0131zda m\u00fcdrik lider qism\u0259t olmu\u015fdur. B\u00fct\u00fcn h\u0259yat\u0131n\u0131 Az\u0259rbaycana h\u0259sr etmi\u015f, anadan olmas\u0131n\u0131n 100-c\u00fc ild\u00f6n\u00fcm\u00fc tamam olan Ulu \u00d6nd\u0259rin b\u00fct\u00fcn f\u0259aliyy\u0259t v\u0259 \u0259m\u0259ll\u0259ri kimi, ail\u0259 oca\u011f\u0131nda yeti\u015fmi\u015f \u00f6vlad da Az\u0259rbaycan xalq\u0131n\u0131n s\u0259ad\u0259tin\u0259 xidm\u0259t etm\u0259kd\u0259dir.<br \/>M\u00f6ht\u0259r\u0259m c\u0259nab Prezident! F\u0259r\u0259hverici hald\u0131r ki, Az\u0259rbaycan\u00e7\u0131l\u0131q m\u0259fkur\u0259sinin ayr\u0131lmaz t\u0259rkib hiss\u0259si olan, m\u00fcxt\u0259lif etnik v\u0259 dini m\u0259nsubiyy\u0259t da\u015f\u0131y\u0131c\u0131s\u0131 olan Az\u0259rbaycan v\u0259t\u0259nda\u015flar\u0131n\u0131n m\u0259n\u0259vi harmoniya \u015f\u0259raitind\u0259 bir ail\u0259nin \u00fczvl\u0259ri kimi xo\u015fb\u0259xt ya\u015famalar\u0131n\u0131 t\u0259min ed\u0259n multikultural \u0259n\u0259n\u0259l\u0259rimiz d\u00fcnyan\u0131n m\u00fcxt\u0259lif n\u00f6qt\u0259l\u0259rind\u0259 ya\u015fayan az\u0259rbaycanl\u0131lar il\u0259 v\u0259hd\u0259td\u0259 Az\u0259rbaycan d\u00f6vl\u0259tinin q\u00fcdr\u0259tini sars\u0131lmaz etmi\u015fdir. Dilind\u0259n v\u0259 dinind\u0259n as\u0131l\u0131 olmayaraq \u00f6lk\u0259mizin b\u00fct\u00fcn v\u0259t\u0259nda\u015flar\u0131 d\u00f6vl\u0259tin diqq\u0259t v\u0259 qay\u011f\u0131s\u0131n\u0131 eyni d\u0259r\u0259c\u0259d\u0259 hiss edirl\u0259r.<\/p>\n<p>Biz f\u0259xr edirik ki, Az\u0259rbaycan xalq\u0131n\u0131n b\u00f6y\u00fck o\u011flu, m\u00fcdrik v\u0259 q\u0259tiyy\u0259tli d\u00f6vl\u0259t r\u0259hb\u0259rimiz Zati-alil\u0259ri \u0130lham \u018fliyev c\u0259nablar\u0131n\u0131n irad\u0259 v\u0259 q\u0259tiyy\u0259ti il\u0259 azad Qaraba\u011fda m\u0259scidl\u0259rin minar\u0259l\u0259rind\u0259n Azan s\u0259si ucal\u0131r, m\u00fcq\u0259dd\u0259s m\u0259b\u0259dl\u0259rimiz \u0259sar\u0259td\u0259n qurtulmu\u015fdur. Zati-alil\u0259rinizin v\u0259 \u00f6lk\u0259mizin Birinci vitse-prezidenti Mehriban xan\u0131m \u018fliyevan\u0131n y\u00fcks\u0259k m\u0259n\u0259vi d\u0259y\u0259rl\u0259rin hamisi oldu\u011funa, m\u0259scidl\u0259rl\u0259 yana\u015f\u0131 xristian v\u0259 y\u0259hudi dini abid\u0259l\u0259rin\u0259 Az\u0259rbaycanda \u0259n\u0259n\u0259vi olaraq diqq\u0259t v\u0259 qay\u011f\u0131 il\u0259 yana\u015f\u0131lmas\u0131na b\u00fct\u00fcn d\u00fcnya \u015fahiddir. B\u00fct\u00fcn bunlar Az\u0259rbaycan\u0131n d\u00fcnyadak\u0131 tolerant imicinin, ali d\u0259y\u0259rl\u0259r \u00f6lk\u0259si, m\u0259d\u0259niyy\u0259tl\u0259r, sivilizasiyalar, dinl\u0259r aras\u0131 dialoq prosesind\u0259 apar\u0131c\u0131 m\u0259rk\u0259zl\u0259rind\u0259n olmas\u0131n\u0131 bir daha t\u0259sdiq edir. M\u00f6ht\u0259r\u0259m c\u0259nab Prezident, Az\u0259rbaycan dindarlar\u0131 Sizin xalq namin\u0259 g\u00f6rd\u00fcy\u00fcn\u00fcz i\u015fl\u0259ri y\u00fcks\u0259k d\u0259y\u0259rl\u0259ndirir, Uca Yaradan\u0131n\u0131n L\u00fctf\u00fc, d\u00f6vl\u0259t ba\u015f\u00e7\u0131m\u0131z\u0131n r\u0259hb\u0259rliyi il\u0259 g\u0259l\u0259c\u0259yimiz\u0259 \u00fcmidl\u0259 bax\u0131r, Zati-alil\u0259rinizi v\u0259 Az\u0259rbaycan\u0131n \u0259min-amanl\u0131\u011f\u0131n\u0131, t\u0259r\u0259qqisini t\u0259min ed\u0259n siyasi d\u0259st-x\u0259ttinizi h\u0259r zaman d\u0259st\u0259kl\u0259yirl\u0259r.<\/p>\n<p>M\u00f6ht\u0259r\u0259m c\u0259nab Prezident! \u00d6lk\u0259 dindarlar\u0131n\u0131n ad\u0131ndan Siz\u0259 v\u0259 g\u00f6z\u0259l ail\u0259niz\u0259 can sa\u011fl\u0131\u011f\u0131, xo\u015fb\u0259xtlik, \u015f\u0259r\u0259fli f\u0259aliyy\u0259tinizd\u0259 u\u011furlar dil\u0259yirik! Qoy bu z\u0259f\u0259r ab\u0131-haval\u0131 tarixi g\u00fcnl\u0259r d\u00f6vl\u0259timizin v\u0259 xalq\u0131m\u0131z\u0131n regionda v\u0259 d\u00fcnyada yeni nailiyy\u0259t v\u0259 u\u011furlar\u0131na v\u0259sil\u0259 olsun! O Bir Yaradan\u0131m\u0131z h\u0259r zaman yard\u0131m\u00e7\u0131n\u0131z olsun, \u00f6z L\u00fctf v\u0259 M\u0259rh\u0259m\u0259tini h\u0259r zaman Az\u0259rbaycan xalq\u0131 v\u0259 d\u00f6vl\u0259ti \u00fcz\u0259rind\u0259 b\u0259rq\u0259rar etsin, Az\u0259rbaycan\u0131 hifz etsin! Amin!&#8221;.<\/p>\n<p>T\u0259brik m\u0259ktubunu Qafqaz M\u00fcs\u0259lmanlar\u0131 \u0130dar\u0259sinin s\u0259dri \u015eeyx\u00fclislam Allah\u015f\u00fck\u00fcr Pa\u015fazad\u0259, Az\u0259rbaycandak\u0131 Da\u011f y\u0259hudil\u0259ri icmas\u0131n\u0131n r\u0259hb\u0259ri Melih Yevdayev, Rus Pravoslav Kils\u0259sinin Bak\u0131 v\u0259 Az\u0259rbaycan Yeparxiyas\u0131n\u0131n katibi<br \/>Arximandrit Aleksiy Nikonorov, Roma Katolik Kils\u0259sinin Az\u0259rbaycandak\u0131 apostol prefekti Yepiskop Vladimir Fekete, Bak\u0131dak\u0131 Avropa y\u0259hudil\u0259ri icmas\u0131n\u0131n r\u0259hb\u0259ri Aleksandr \u015earovski v\u0259 Alban-udi xristian dini icmas\u0131n\u0131n s\u0259dri<br \/>Robert Mobili imzalay\u0131b.&#13;<br \/>\n        &#13;<br \/>\n&#13;<br \/>\n        &#13;<br \/>\n&#13;\n        <\/p>\n<p><noscript><\/p>\n<p>You must enable Javascript on your browser for the site to work optimally and display sections completely.<\/p>\n<p><\/noscript>\t\t&#13;<br \/>\n\t\t&#13;\n    <\/div>\n<p><script type=\"text\/javascript\">jQuery(document).ready(function () {\n(function(d, s, id) {\n    var js, fjs = d.getElementsByTagName(s)[0];\n    if (d.getElementById(id))\n        return;\n    js = d.createElement(s);\n    js.id = id;\n    js.src = \"\/\/connect.facebook.net\/az_AZ\/all.js#xfbml=1&appId=1002485763137712\";\n    fjs.parentNode.insertBefore(js, fjs);\n}(document, 'script', 'facebook-jssdk'));                \n});<\/script><\/p>\n","protected":false},"excerpt":{"rendered":"<p>&#13; &#13; Dini konfessiya r\u0259hb\u0259rl\u0259ri Az\u0259rbaycan Prezidenti \u0130lham \u018fliyev\u0259 t\u0259brik m\u0259ktubu \u00fcnvanlay\u0131b. Millinews.az x\u0259b\u0259r verir ki, t\u0259brik m\u0259ktubunda deyilir: &#13; &#8220;M\u00f6ht\u0259r\u0259m c\u0259nab Prezident! Biz, Az\u0259rbaycandak\u0131 dini konfessiyalar\u0131n r\u0259hb\u0259rl\u0259ri Zati-alil\u0259rinizi &#8211; d\u00fcnya \u015f\u00f6hr\u0259tli qalib siyasi lideri Az\u0259rbaycan\u0131n suverenliyinin b\u0259rpas\u0131 m\u00fcnasib\u0259til\u0259 s\u0259mimi q\u0259lbd\u0259n t\u0259brik etm\u0259kd\u0259n \u015f\u0259r\u0259f duyur, Az\u0259rbaycan xalq\u0131 v\u0259 d\u00f6vl\u0259ti namin\u0259 uca f\u0259aliyy\u0259tiniz\u0259 Ulu Yaradandan u\u011furlar &hellip;<\/p>\n","protected":false},"author":1,"featured_media":2257,"comment_status":"open","ping_status":"closed","sticky":false,"template":"","format":"standard","meta":{"footnotes":""},"categories":[9],"tags":[],"class_list":["post-2256","post","type-post","status-publish","format-standard","has-post-thumbnail","hentry","category-xeber"],"_links":{"self":[{"href":"https:\/\/millitv.net\/index.php?rest_route=\/wp\/v2\/posts\/2256","targetHints":{"allow":["GET"]}}],"collection":[{"href":"https:\/\/millitv.net\/index.php?rest_route=\/wp\/v2\/posts"}],"about":[{"href":"https:\/\/millitv.net\/index.php?rest_route=\/wp\/v2\/types\/post"}],"author":[{"embeddable":true,"href":"https:\/\/millitv.net\/index.php?rest_route=\/wp\/v2\/users\/1"}],"replies":[{"embeddable":true,"href":"https:\/\/millitv.net\/index.php?rest_route=%2Fwp%2Fv2%2Fcomments&post=2256"}],"version-history":[{"count":0,"href":"https:\/\/millitv.net\/index.php?rest_route=\/wp\/v2\/posts\/2256\/revisions"}],"wp:featuredmedia":[{"embeddable":true,"href":"https:\/\/millitv.net\/index.php?rest_route=\/wp\/v2\/media\/2257"}],"wp:attachment":[{"href":"https:\/\/millitv.net\/index.php?rest_route=%2Fwp%2Fv2%2Fmedia&parent=2256"}],"wp:term":[{"taxonomy":"category","embeddable":true,"href":"https:\/\/millitv.net\/index.php?rest_route=%2Fwp%2Fv2%2Fcategories&post=2256"},{"taxonomy":"post_tag","embeddable":true,"href":"https:\/\/millitv.net\/index.php?rest_route=%2Fwp%2Fv2%2Ftags&post=2256"}],"curies":[{"name":"wp","href":"https:\/\/api.w.org\/{rel}","templated":true}]}}