{"id":2248,"date":"2023-10-16T11:10:31","date_gmt":"2023-10-16T11:10:31","guid":{"rendered":"https:\/\/millinews.az\/xeber\/amea-da-turkiy%C9%99-xarici-isl%C9%99r-t%C9%99skilatinin-500-illiyi-munasib%C9%99til%C9%99-t%C9%99dbir-kecirildi\/"},"modified":"2023-10-16T11:10:31","modified_gmt":"2023-10-16T11:10:31","slug":"amea-da-turkiy%C9%99-xarici-isl%C9%99r-t%C9%99skilatinin-500-illiyi-munasib%C9%99til%C9%99-t%C9%99dbir-kecirildi","status":"publish","type":"post","link":"https:\/\/millitv.net\/?p=2248","title":{"rendered":"AMEA-da T\u00fcrkiy\u0259 Xarici \u0130\u015fl\u0259r T\u0259\u015fkilat\u0131n\u0131n 500 illiyi m\u00fcnasib\u0259til\u0259 t\u0259dbir ke\u00e7irildi"},"content":{"rendered":"<div id=\"maincontent\">&#13;<br \/>\n        &#13;<\/p>\n<p><strong>Az\u0259rbaycan Milli Elml\u0259r Akademiyas\u0131nda (AMEA) T\u00fcrkiy\u0259 Xarici \u0130\u015fl\u0259r T\u0259\u015fkilat\u0131n\u0131n 500 illiyi m\u00fcnasib\u0259til\u0259 &#8220;500 illik u\u011furlu diplomatiya: ke\u00e7mi\u015fd\u0259n bu g\u00fcn\u0259&#8221; adl\u0131 panel v\u0259 fotos\u0259rgi ke\u00e7irilib.<\/strong><\/p>\n<p><a href=\"https:\/\/Millinews.az\" target=\"_blank\" class=\"kw-link\" rel=\"noopener\">Millinews.az<\/a> x\u0259b\u0259r verir ki, t\u0259dbird\u0259 AMEA-n\u0131n prezidenti, akademik \u0130sa H\u0259bibb\u0259yli, T\u00fcrkiy\u0259nin Az\u0259rbaycandak\u0131 s\u0259firi Cahit Ba\u011f\u00e7\u0131, bir s\u0131ra diplomatik n\u00fcmay\u0259nd\u0259l\u0259r v\u0259 ictimaiyy\u0259t n\u00fcmay\u0259nd\u0259l\u0259ri i\u015ftirak edibl\u0259r. &#13;\n<\/p>\n<p>A\u00e7\u0131l\u0131\u015f nitqi il\u0259 \u00e7\u0131x\u0131\u015f ed\u0259n AMEA prezidenti oktyabr\u0131n 15-d\u0259 Prezident \u0130lham \u018fliyevin Xank\u0259ndi \u015f\u0259h\u0259rind\u0259 Az\u0259rbaycan bayra\u011f\u0131n\u0131 ucaltmas\u0131 m\u00fcnasib\u0259ti il\u0259 h\u0259r k\u0259si t\u0259brik edib.<\/p>\n<p>O, T\u00fcrkiy\u0259 v\u0259 Az\u0259rbaycan aras\u0131ndak\u0131 dostluq-qarda\u015fl\u0131q ba\u011flar\u0131na toxunaraq, Qaraba\u011f m\u0259s\u0259l\u0259sind\u0259 v\u0259 V\u0259t\u0259n m\u00fcharib\u0259sind\u0259 T\u00fcrkiy\u0259 Prezidenti R\u0259c\u0259b Tayyib \u018frdo\u011fan\u0131n d\u0259st\u0259yini x\u00fcsusi vur\u011fulay\u0131b: &#8220;Ulu \u00d6nd\u0259r Heyd\u0259r \u018fliyevin &#8220;Bir mill\u0259t, iki d\u00f6vl\u0259t&#8221; k\u0259lam\u0131n\u0131n h\u0259m d\u00f6vl\u0259t s\u0259viyy\u0259sind\u0259, h\u0259m d\u0259 xalq, mill\u0259t s\u0259viyy\u0259sind\u0259 t\u0259sdiqinin \u015fahidiyik. Biz, s\u00f6z\u00fcn \u0259sl m\u0259nas\u0131nda b\u00fct\u00fcn d\u00fcnyada alternativ modeli olmayan qarda\u015f d\u00f6vl\u0259tl\u0259rik&#8221;.<\/p>\n<p>T\u00fcrkiy\u0259nin Az\u0259rbaycandak\u0131 s\u0259firi Cahit Ba\u011f\u00e7\u0131 \u00e7\u0131x\u0131\u015f\u0131nda 15 oktyabr tarixinin Az\u0259rbaycan v\u0259 t\u00fcrk d\u00fcnyas\u0131 \u00fc\u00e7\u00fcn \u0259h\u0259miyy\u0259tind\u0259n b\u0259hs edib v\u0259 Az\u0259rbaycan xalq\u0131n\u0131 q\u0259l\u0259b\u0259 m\u00fcnasib\u0259til\u0259 t\u0259brik edib.<\/p>\n<p>\u00c7\u0131x\u0131\u015flardan sonra m\u00f6vzu il\u0259 \u0259laq\u0259li geni\u015f panel m\u00fczakir\u0259 ke\u00e7irilib.<\/p>\n<p>Sonda t\u0259dbir i\u015ftirak\u00e7\u0131lar\u0131 &#8220;500 illik u\u011furlu diplomatiya: ke\u00e7mi\u015fd\u0259n bu g\u00fcn\u0259&#8221; adl\u0131 fotos\u0259rgi il\u0259 tan\u0131\u015f olublar.&#13;<br \/>\n        &#13;<br \/>\n&#13;<br \/>\n        &#13;<br \/>\n&#13;\n        <\/p>\n<p><noscript><\/p>\n<p>You must enable Javascript on your browser for the site to work optimally and display sections completely.<\/p>\n<p><\/noscript>\t\t&#13;<br \/>\n\t\t&#13;\n    <\/div>\n<p><script type=\"text\/javascript\">jQuery(document).ready(function () {\n(function(d, s, id) {\n    var js, fjs = d.getElementsByTagName(s)[0];\n    if (d.getElementById(id))\n        return;\n    js = d.createElement(s);\n    js.id = id;\n    js.src = \"\/\/connect.facebook.net\/az_AZ\/all.js#xfbml=1&appId=1002485763137712\";\n    fjs.parentNode.insertBefore(js, fjs);\n}(document, 'script', 'facebook-jssdk'));                \n});<\/script><\/p>\n","protected":false},"excerpt":{"rendered":"<p>&#13; &#13; Az\u0259rbaycan Milli Elml\u0259r Akademiyas\u0131nda (AMEA) T\u00fcrkiy\u0259 Xarici \u0130\u015fl\u0259r T\u0259\u015fkilat\u0131n\u0131n 500 illiyi m\u00fcnasib\u0259til\u0259 &#8220;500 illik u\u011furlu diplomatiya: ke\u00e7mi\u015fd\u0259n bu g\u00fcn\u0259&#8221; adl\u0131 panel v\u0259 fotos\u0259rgi ke\u00e7irilib. Millinews.az x\u0259b\u0259r verir ki, t\u0259dbird\u0259 AMEA-n\u0131n prezidenti, akademik \u0130sa H\u0259bibb\u0259yli, T\u00fcrkiy\u0259nin Az\u0259rbaycandak\u0131 s\u0259firi Cahit Ba\u011f\u00e7\u0131, bir s\u0131ra diplomatik n\u00fcmay\u0259nd\u0259l\u0259r v\u0259 ictimaiyy\u0259t n\u00fcmay\u0259nd\u0259l\u0259ri i\u015ftirak edibl\u0259r. &#13; A\u00e7\u0131l\u0131\u015f nitqi il\u0259 \u00e7\u0131x\u0131\u015f &hellip;<\/p>\n","protected":false},"author":1,"featured_media":2249,"comment_status":"open","ping_status":"closed","sticky":false,"template":"","format":"standard","meta":{"footnotes":""},"categories":[9],"tags":[],"class_list":["post-2248","post","type-post","status-publish","format-standard","has-post-thumbnail","hentry","category-xeber"],"_links":{"self":[{"href":"https:\/\/millitv.net\/index.php?rest_route=\/wp\/v2\/posts\/2248","targetHints":{"allow":["GET"]}}],"collection":[{"href":"https:\/\/millitv.net\/index.php?rest_route=\/wp\/v2\/posts"}],"about":[{"href":"https:\/\/millitv.net\/index.php?rest_route=\/wp\/v2\/types\/post"}],"author":[{"embeddable":true,"href":"https:\/\/millitv.net\/index.php?rest_route=\/wp\/v2\/users\/1"}],"replies":[{"embeddable":true,"href":"https:\/\/millitv.net\/index.php?rest_route=%2Fwp%2Fv2%2Fcomments&post=2248"}],"version-history":[{"count":0,"href":"https:\/\/millitv.net\/index.php?rest_route=\/wp\/v2\/posts\/2248\/revisions"}],"wp:featuredmedia":[{"embeddable":true,"href":"https:\/\/millitv.net\/index.php?rest_route=\/wp\/v2\/media\/2249"}],"wp:attachment":[{"href":"https:\/\/millitv.net\/index.php?rest_route=%2Fwp%2Fv2%2Fmedia&parent=2248"}],"wp:term":[{"taxonomy":"category","embeddable":true,"href":"https:\/\/millitv.net\/index.php?rest_route=%2Fwp%2Fv2%2Fcategories&post=2248"},{"taxonomy":"post_tag","embeddable":true,"href":"https:\/\/millitv.net\/index.php?rest_route=%2Fwp%2Fv2%2Ftags&post=2248"}],"curies":[{"name":"wp","href":"https:\/\/api.w.org\/{rel}","templated":true}]}}