{"id":22433,"date":"2026-01-29T15:09:18","date_gmt":"2026-01-29T15:09:18","guid":{"rendered":"https:\/\/millitv.net\/?p=22433"},"modified":"2026-01-29T15:09:19","modified_gmt":"2026-01-29T15:09:19","slug":"bakiya-girisl%c9%99-bagli-xeberdarliq-onlar-buraxilmayacaq","status":"publish","type":"post","link":"https:\/\/millitv.net\/?p=22433","title":{"rendered":"Bak\u0131ya giri\u015fl\u0259 ba\u011fl\u0131 X\u018fB\u018fRDARLIQ &#8211; Onlar BURAXILMAYACAQ"},"content":{"rendered":"\n<p><strong>Az\u0259rbaycanda taksil\u0259rin f\u0259aliyy\u0259tin\u0259 burax\u0131l\u0131\u015f kart\u0131nda m\u00fc\u0259yy\u0259n edilmi\u015f \u0259razi h\u00fcdudlar\u0131 daxilind\u0259 icaz\u0259 veril\u0259c\u0259k.<\/strong><\/p>\n\n\n\n<p>\u0130qtisadiyyat.az x\u0259b\u0259r verir ki, bir qrup s\u00fcr\u00fcc\u00fc bununla ba\u011fl\u0131 onlara bildiri\u015fl\u0259r g\u00f6nd\u0259rildiyini deyibl\u0259r.<\/p>\n\n\n\n<p>Onlar s\u00f6yl\u0259yib ki, bildiri\u015fd\u0259 s\u00fcr\u00fcc\u00fcl\u0259r\u0259 m\u00fcvafiq qanunvericiliyin t\u0259l\u0259bl\u0259ri xat\u0131rlad\u0131l\u0131b. M\u0259hz bu qanunun t\u0259l\u0259bl\u0259rind\u0259n ir\u0259li g\u0259l\u0259r\u0259k qeyd edilib ki, Sumqay\u0131t v\u0259 ya Bak\u0131 \u0259razisind\u0259 sifari\u015fl\u0259ri yaln\u0131z bu \u015f\u0259h\u0259rd\u0259 q\u00fcvv\u0259d\u0259 olan burax\u0131l\u0131\u015f kart\u0131 il\u0259 yerin\u0259 yetirm\u0259k m\u00fcmk\u00fcnd\u00fcr.<ins><\/ins><\/p>\n\n\n\n<p>Bel\u0259likl\u0259, Sumqay\u0131t \u00fc\u00e7\u00fcn burax\u0131l\u0131\u015f kart\u0131 olmayan ma\u015f\u0131nlar \u00fc\u00e7\u00fcn bu \u015f\u0259h\u0259rd\u0259, Bak\u0131 \u00fc\u00e7\u00fcn burax\u0131l\u0131\u015f kart\u0131 olmayan ma\u015f\u0131nlar \u00fc\u00e7\u00fcn is\u0259 paytaxtda sifari\u015fl\u0259r m\u0259hdudla\u015fd\u0131r\u0131l\u0131r.<\/p>\n\n\n\n<p>Az\u0259rbaycan Yer\u00fcst\u00fc N\u0259qliyyat Agentliyind\u0259n (AYNA) \u0130qtisadiyyat.az-\u0131n sor\u011fusuna cavab olaraq bildirilib ki, \u201cAvtomobil n\u0259qliyyat\u0131 haqq\u0131nda\u201d Az\u0259rbaycan Respublikas\u0131n\u0131n Qanunun 20.2-ci madd\u0259sin\u0259 \u0259sas\u0259n, taksi minik avtomobill\u0259ri il\u0259 s\u0259rni\u015fin da\u015f\u0131malar\u0131 burax\u0131l\u0131\u015f kart\u0131nda m\u00fc\u0259yy\u0259n edilmi\u015f \u0259razi h\u00fcdudlar\u0131 daxilind\u0259 h\u0259r hans\u0131 \u015f\u0259xsin sifari\u015fi \u0259sas\u0131nda qeyri-m\u00fcnt\u0259z\u0259m mar\u015frut \u00fczr\u0259 yerin\u0259 yetirilir.<\/p>\n\n\n\n<p>Qeyd edilib ki, eyni zamanda, \u0130nzibati X\u0259talar M\u0259c\u0259ll\u0259sinin 322.0.13. b\u0259ndin\u0259 \u0259sas\u0259n, taksi minik avtomobili il\u0259 s\u0259rni\u015fin da\u015f\u0131malar\u0131n\u0131n burax\u0131l\u0131\u015f kart\u0131nda m\u00fc\u0259yy\u0259n edil\u0259n \u0259razi h\u00fcdudlar\u0131ndan k\u0259narda h\u0259yata ke\u00e7irilm\u0259sin\u0259 g\u00f6r\u0259 50 manat c\u0259rim\u0259 n\u0259z\u0259rd\u0259 tutulub.<\/p>\n\n\n\n<p>S\u00fcr\u00fcc\u00fcl\u0259r taksi f\u0259aliyy\u0259ti g\u00f6st\u0259rm\u0259k ist\u0259dikl\u0259ri \u015f\u0259h\u0259r \u00fczr\u0259 m\u00fcvafiq burax\u0131l\u0131\u015f kart\u0131n\u0131 \u0259ld\u0259 etm\u0259k \u00fc\u00e7\u00fcn AYNA-ya m\u00fcraci\u0259t ed\u0259 bil\u0259rl\u0259r.<\/p>\n\n\n\n<p>Xat\u0131rladaq ki, Nazirl\u0259r Kabinetinin m\u00fcvafiq q\u0259rar\u0131na \u0259sas\u0259n, Bak\u0131 \u015f\u0259h\u0259rinin inzibati \u0259razi vahidi \u00fczr\u0259 taksi minik avtomobill\u0259ri il\u0259 s\u0259rni\u015finda\u015f\u0131malar\u0131 \u00fc\u00e7\u00fcn veril\u0259n icaz\u0259l\u0259rin \u0259lav\u0259l\u0259rinin (burax\u0131l\u0131\u015f kartlar\u0131n\u0131n) say h\u0259ddi 25 000 \u0259d\u0259d m\u00fc\u0259yy\u0259n edilib.<\/p>\n","protected":false},"excerpt":{"rendered":"<p>Az\u0259rbaycanda taksil\u0259rin f\u0259aliyy\u0259tin\u0259 burax\u0131l\u0131\u015f kart\u0131nda m\u00fc\u0259yy\u0259n edilmi\u015f \u0259razi h\u00fcdudlar\u0131 daxilind\u0259 icaz\u0259 veril\u0259c\u0259k. \u0130qtisadiyyat.az x\u0259b\u0259r verir ki, bir qrup s\u00fcr\u00fcc\u00fc bununla ba\u011fl\u0131 onlara bildiri\u015fl\u0259r g\u00f6nd\u0259rildiyini deyibl\u0259r. Onlar s\u00f6yl\u0259yib ki, bildiri\u015fd\u0259 s\u00fcr\u00fcc\u00fcl\u0259r\u0259 m\u00fcvafiq qanunvericiliyin t\u0259l\u0259bl\u0259ri xat\u0131rlad\u0131l\u0131b. M\u0259hz bu qanunun t\u0259l\u0259bl\u0259rind\u0259n ir\u0259li g\u0259l\u0259r\u0259k qeyd edilib ki, Sumqay\u0131t v\u0259 ya Bak\u0131 \u0259razisind\u0259 sifari\u015fl\u0259ri yaln\u0131z bu \u015f\u0259h\u0259rd\u0259 q\u00fcvv\u0259d\u0259 olan burax\u0131l\u0131\u015f &hellip;<\/p>\n","protected":false},"author":1,"featured_media":22434,"comment_status":"open","ping_status":"closed","sticky":false,"template":"","format":"standard","meta":{"footnotes":""},"categories":[1],"tags":[],"class_list":["post-22433","post","type-post","status-publish","format-standard","has-post-thumbnail","hentry","category-idman"],"_links":{"self":[{"href":"https:\/\/millitv.net\/index.php?rest_route=\/wp\/v2\/posts\/22433","targetHints":{"allow":["GET"]}}],"collection":[{"href":"https:\/\/millitv.net\/index.php?rest_route=\/wp\/v2\/posts"}],"about":[{"href":"https:\/\/millitv.net\/index.php?rest_route=\/wp\/v2\/types\/post"}],"author":[{"embeddable":true,"href":"https:\/\/millitv.net\/index.php?rest_route=\/wp\/v2\/users\/1"}],"replies":[{"embeddable":true,"href":"https:\/\/millitv.net\/index.php?rest_route=%2Fwp%2Fv2%2Fcomments&post=22433"}],"version-history":[{"count":1,"href":"https:\/\/millitv.net\/index.php?rest_route=\/wp\/v2\/posts\/22433\/revisions"}],"predecessor-version":[{"id":22435,"href":"https:\/\/millitv.net\/index.php?rest_route=\/wp\/v2\/posts\/22433\/revisions\/22435"}],"wp:featuredmedia":[{"embeddable":true,"href":"https:\/\/millitv.net\/index.php?rest_route=\/wp\/v2\/media\/22434"}],"wp:attachment":[{"href":"https:\/\/millitv.net\/index.php?rest_route=%2Fwp%2Fv2%2Fmedia&parent=22433"}],"wp:term":[{"taxonomy":"category","embeddable":true,"href":"https:\/\/millitv.net\/index.php?rest_route=%2Fwp%2Fv2%2Fcategories&post=22433"},{"taxonomy":"post_tag","embeddable":true,"href":"https:\/\/millitv.net\/index.php?rest_route=%2Fwp%2Fv2%2Ftags&post=22433"}],"curies":[{"name":"wp","href":"https:\/\/api.w.org\/{rel}","templated":true}]}}