{"id":22368,"date":"2026-01-27T14:51:49","date_gmt":"2026-01-27T14:51:49","guid":{"rendered":"https:\/\/millitv.net\/?p=22368"},"modified":"2026-01-27T14:51:50","modified_gmt":"2026-01-27T14:51:50","slug":"baloglan-esr%c9%99fovun-n%c9%99v%c9%99si-ilk-d%c9%99f%c9%99-efirde-m%c9%99shur-mug%c9%99nni-goz-yasi-tokdu","status":"publish","type":"post","link":"https:\/\/millitv.net\/?p=22368","title":{"rendered":"Balo\u011flan \u018f\u015fr\u0259fovun n\u0259v\u0259si ilk d\u0259f\u0259 EF\u0130RD\u018f -M\u0259\u015fhur m\u00fc\u011f\u0259nni g\u00f6z ya\u015f\u0131 t\u00f6kd\u00fc"},"content":{"rendered":"\n<p><strong>M\u0259rhum \u018fm\u0259kdar artist Balo\u011flan \u018f\u015fr\u0259fovun n\u0259v\u0259si ilk d\u0259f\u0259 televiziya efirin\u0259 \u00e7\u0131xaraq duy\u011fusal anlara s\u0259b\u0259b olub.<\/strong><\/p>\n\n\n\n<p>Publika.az\u00a0x\u0259b\u0259r verir ki, canl\u0131 yay\u0131m zaman\u0131 studiyada k\u00f6vr\u0259k atmosfer yaran\u0131b. \u0130lk d\u0259f\u0259 efird\u0259 g\u00f6r\u00fcn\u0259n n\u0259v\u0259 babas\u0131n\u0131n ad\u0131n\u0131 da\u015f\u0131mas\u0131 il\u0259 diqq\u0259t \u00e7\u0259kib. O, \u00e7\u0131x\u0131\u015f\u0131 zaman\u0131 m\u0259rhum s\u0259n\u0259tkar\u0131n repertuar\u0131ndan olan m\u0259\u015fhur mahn\u0131lardan birini s\u0259sl\u0259ndirib. \u0130fa h\u0259m studiyada, h\u0259m d\u0259 ekran qar\u015f\u0131s\u0131nda olan izl\u0259yicil\u0259ri duy\u011fuland\u0131r\u0131b.<\/p>\n\n\n\n<p>Bu anlarda studiyada qonaq olan m\u00fc\u011f\u0259nni Naz\u0259nin Salayeva g\u00f6z ya\u015flar\u0131n\u0131 saxlaya bilm\u0259yib. O, Balo\u011flan \u018f\u015fr\u0259fovun Az\u0259rbaycan musiqisind\u0259ki \u0259v\u0259zsiz yerind\u0259n dan\u0131\u015faraq, onun ad\u0131n\u0131n n\u0259v\u0259si t\u0259r\u0259find\u0259n ya\u015fad\u0131lmas\u0131n\u0131n \u00e7ox q\u00fcrurverici oldu\u011funu bildirib.<\/p>\n\n\n\n<p>Verili\u015f boyu ya\u015fanan emosional anlar sosial \u015f\u0259b\u0259k\u0259l\u0259rd\u0259 d\u0259 b\u00f6y\u00fck maraqla qar\u015f\u0131lan\u0131b. \u0130zl\u0259yicil\u0259r \u015f\u0259rhl\u0259rd\u0259 m\u0259rhum s\u0259n\u0259tkar\u0131n xatir\u0259sini ehtiramla anaraq, n\u0259v\u0259sin\u0259 d\u0259st\u0259k v\u0259 xo\u015f s\u00f6zl\u0259r yaz\u0131blar.<\/p>\n\n\n\n<p>Qeyd ed\u0259k ki, Balo\u011flan \u018f\u015fr\u0259fov 26 aprel 2021-ci ild\u0259 69 ya\u015f\u0131nda Covid-19 x\u0259st\u0259liyind\u0259n v\u0259fat etmi\u015fdir. O, do\u011fuldu\u011fu Masall\u0131 rayonunun B\u0259d\u0259lan k\u0259ndind\u0259 do\u011fmalar\u0131n\u0131n m\u0259zar\u0131 yan\u0131nda torpa\u011fa tap\u015f\u0131r\u0131l\u0131b.(Milli.Az )<ins><\/ins><\/p>\n\n\n\n<p><a href=\"https:\/\/newstube.az\/embed\/191909\" target=\"_blank\" rel=\"noopener\">https:\/\/newstube.az\/embed\/191909<\/a><\/p>\n","protected":false},"excerpt":{"rendered":"<p>M\u0259rhum \u018fm\u0259kdar artist Balo\u011flan \u018f\u015fr\u0259fovun n\u0259v\u0259si ilk d\u0259f\u0259 televiziya efirin\u0259 \u00e7\u0131xaraq duy\u011fusal anlara s\u0259b\u0259b olub. Publika.az\u00a0x\u0259b\u0259r verir ki, canl\u0131 yay\u0131m zaman\u0131 studiyada k\u00f6vr\u0259k atmosfer yaran\u0131b. \u0130lk d\u0259f\u0259 efird\u0259 g\u00f6r\u00fcn\u0259n n\u0259v\u0259 babas\u0131n\u0131n ad\u0131n\u0131 da\u015f\u0131mas\u0131 il\u0259 diqq\u0259t \u00e7\u0259kib. O, \u00e7\u0131x\u0131\u015f\u0131 zaman\u0131 m\u0259rhum s\u0259n\u0259tkar\u0131n repertuar\u0131ndan olan m\u0259\u015fhur mahn\u0131lardan birini s\u0259sl\u0259ndirib. \u0130fa h\u0259m studiyada, h\u0259m d\u0259 ekran qar\u015f\u0131s\u0131nda olan &hellip;<\/p>\n","protected":false},"author":1,"featured_media":22369,"comment_status":"open","ping_status":"closed","sticky":false,"template":"","format":"standard","meta":{"footnotes":""},"categories":[1],"tags":[],"class_list":["post-22368","post","type-post","status-publish","format-standard","has-post-thumbnail","hentry","category-idman"],"_links":{"self":[{"href":"https:\/\/millitv.net\/index.php?rest_route=\/wp\/v2\/posts\/22368","targetHints":{"allow":["GET"]}}],"collection":[{"href":"https:\/\/millitv.net\/index.php?rest_route=\/wp\/v2\/posts"}],"about":[{"href":"https:\/\/millitv.net\/index.php?rest_route=\/wp\/v2\/types\/post"}],"author":[{"embeddable":true,"href":"https:\/\/millitv.net\/index.php?rest_route=\/wp\/v2\/users\/1"}],"replies":[{"embeddable":true,"href":"https:\/\/millitv.net\/index.php?rest_route=%2Fwp%2Fv2%2Fcomments&post=22368"}],"version-history":[{"count":1,"href":"https:\/\/millitv.net\/index.php?rest_route=\/wp\/v2\/posts\/22368\/revisions"}],"predecessor-version":[{"id":22370,"href":"https:\/\/millitv.net\/index.php?rest_route=\/wp\/v2\/posts\/22368\/revisions\/22370"}],"wp:featuredmedia":[{"embeddable":true,"href":"https:\/\/millitv.net\/index.php?rest_route=\/wp\/v2\/media\/22369"}],"wp:attachment":[{"href":"https:\/\/millitv.net\/index.php?rest_route=%2Fwp%2Fv2%2Fmedia&parent=22368"}],"wp:term":[{"taxonomy":"category","embeddable":true,"href":"https:\/\/millitv.net\/index.php?rest_route=%2Fwp%2Fv2%2Fcategories&post=22368"},{"taxonomy":"post_tag","embeddable":true,"href":"https:\/\/millitv.net\/index.php?rest_route=%2Fwp%2Fv2%2Ftags&post=22368"}],"curies":[{"name":"wp","href":"https:\/\/api.w.org\/{rel}","templated":true}]}}