{"id":22366,"date":"2026-01-27T14:49:12","date_gmt":"2026-01-27T14:49:12","guid":{"rendered":"https:\/\/millitv.net\/?p=22366"},"modified":"2026-01-27T14:49:13","modified_gmt":"2026-01-27T14:49:13","slug":"pensiya-yasinin-d%c9%99yisdirilm%c9%99si-il%c9%99-bagli-resmi-aciqlama","status":"publish","type":"post","link":"https:\/\/millitv.net\/?p=22366","title":{"rendered":"Pensiya ya\u015f\u0131n\u0131n d\u0259yi\u015fdirilm\u0259si il\u0259 ba\u011fl\u0131 R\u018fSM\u0130 A\u00c7IQLAMA"},"content":{"rendered":"\n<p><strong>Az\u0259rbaycanda pensiya ya\u015f\u0131n\u0131n art\u0131r\u0131lmas\u0131 v\u0259 ya azald\u0131lmas\u0131 il\u0259 ba\u011fl\u0131 m\u0259s\u0259l\u0259y\u0259 ayd\u0131nl\u0131q g\u0259tirilib.<\/strong><\/p>\n\n\n\n<p>Publika.az\u00a0x\u0259b\u0259r verir ki, bunu D\u00f6vl\u0259t Sosial M\u00fcdafi\u0259 Fondunun s\u0259dri Z\u0259ka Mirz\u0259yev ke\u00e7irdiyi m\u0259tbuat konfrans\u0131nda jurnalistl\u0259rin suallar\u0131n\u0131 cavabland\u0131rark\u0259n bildirib.<\/p>\n\n\n\n<p>O qeyd edib ki, 2026-c\u0131 ild\u0259 apar\u0131lacaq h\u00fcquqi islahatlarda pensiya ya\u015f\u0131n\u0131n d\u0259yi\u015fdirilm\u0259si m\u00fczakir\u0259 m\u00f6vzusu deyil.<\/p>\n","protected":false},"excerpt":{"rendered":"<p>Az\u0259rbaycanda pensiya ya\u015f\u0131n\u0131n art\u0131r\u0131lmas\u0131 v\u0259 ya azald\u0131lmas\u0131 il\u0259 ba\u011fl\u0131 m\u0259s\u0259l\u0259y\u0259 ayd\u0131nl\u0131q g\u0259tirilib. Publika.az\u00a0x\u0259b\u0259r verir ki, bunu D\u00f6vl\u0259t Sosial M\u00fcdafi\u0259 Fondunun s\u0259dri Z\u0259ka Mirz\u0259yev ke\u00e7irdiyi m\u0259tbuat konfrans\u0131nda jurnalistl\u0259rin suallar\u0131n\u0131 cavabland\u0131rark\u0259n bildirib. O qeyd edib ki, 2026-c\u0131 ild\u0259 apar\u0131lacaq h\u00fcquqi islahatlarda pensiya ya\u015f\u0131n\u0131n d\u0259yi\u015fdirilm\u0259si m\u00fczakir\u0259 m\u00f6vzusu deyil.<\/p>\n","protected":false},"author":1,"featured_media":21538,"comment_status":"open","ping_status":"closed","sticky":false,"template":"","format":"standard","meta":{"footnotes":""},"categories":[1],"tags":[],"class_list":["post-22366","post","type-post","status-publish","format-standard","has-post-thumbnail","hentry","category-idman"],"_links":{"self":[{"href":"https:\/\/millitv.net\/index.php?rest_route=\/wp\/v2\/posts\/22366","targetHints":{"allow":["GET"]}}],"collection":[{"href":"https:\/\/millitv.net\/index.php?rest_route=\/wp\/v2\/posts"}],"about":[{"href":"https:\/\/millitv.net\/index.php?rest_route=\/wp\/v2\/types\/post"}],"author":[{"embeddable":true,"href":"https:\/\/millitv.net\/index.php?rest_route=\/wp\/v2\/users\/1"}],"replies":[{"embeddable":true,"href":"https:\/\/millitv.net\/index.php?rest_route=%2Fwp%2Fv2%2Fcomments&post=22366"}],"version-history":[{"count":1,"href":"https:\/\/millitv.net\/index.php?rest_route=\/wp\/v2\/posts\/22366\/revisions"}],"predecessor-version":[{"id":22367,"href":"https:\/\/millitv.net\/index.php?rest_route=\/wp\/v2\/posts\/22366\/revisions\/22367"}],"wp:featuredmedia":[{"embeddable":true,"href":"https:\/\/millitv.net\/index.php?rest_route=\/wp\/v2\/media\/21538"}],"wp:attachment":[{"href":"https:\/\/millitv.net\/index.php?rest_route=%2Fwp%2Fv2%2Fmedia&parent=22366"}],"wp:term":[{"taxonomy":"category","embeddable":true,"href":"https:\/\/millitv.net\/index.php?rest_route=%2Fwp%2Fv2%2Fcategories&post=22366"},{"taxonomy":"post_tag","embeddable":true,"href":"https:\/\/millitv.net\/index.php?rest_route=%2Fwp%2Fv2%2Ftags&post=22366"}],"curies":[{"name":"wp","href":"https:\/\/api.w.org\/{rel}","templated":true}]}}