{"id":22363,"date":"2026-01-27T14:47:07","date_gmt":"2026-01-27T14:47:07","guid":{"rendered":"https:\/\/millitv.net\/?p=22363"},"modified":"2026-01-27T14:47:08","modified_gmt":"2026-01-27T14:47:08","slug":"bu-s%c9%99xsl%c9%99r%c9%99-kommunal-od%c9%99nisl%c9%99rl%c9%99-bagli-pul-verilir","status":"publish","type":"post","link":"https:\/\/millitv.net\/?p=22363","title":{"rendered":"Bu \u015f\u0259xsl\u0259r\u0259 kommunal \u00f6d\u0259ni\u015fl\u0259rl\u0259 ba\u011fl\u0131 pul verilir"},"content":{"rendered":"\n<p><strong>Az\u0259rbaycanda bir s\u0131ra \u015f\u0259xsl\u0259r\u0259 kommunal \u00f6d\u0259ni\u015fl\u0259rd\u0259 v\u0259 n\u0259qliyyatda gedi\u015fhaqq\u0131na g\u00f6r\u0259 g\u00fcz\u0259\u015ftl\u0259r t\u0259tbiq edilir. Bu, m\u00fcvafiq qanunvericilkl\u0259 t\u0259nziml\u0259nir.<\/strong><\/p>\n\n\n\n<p>&#8220;Az\u0259rbaycan Respublikas\u0131n\u0131n b\u0259zi qanunvericilik aktlar\u0131na d\u0259yi\u015fiklikl\u0259r v\u0259 \u0259lav\u0259l\u0259r edilm\u0259si haqq\u0131nda&#8221; Az\u0259rbaycan Respublikas\u0131 Qanununa uy\u011fun olaraq v\u0259t\u0259nda\u015flara kommunal, n\u0259qliyyat v\u0259 dig\u0259r xidm\u0259tl\u0259r \u00fczr\u0259 veril\u0259n g\u00fcz\u0259\u015ftl\u0259rin m\u00fcvafiq m\u00fcavin\u0259tl\u0259rl\u0259 \u0259v\u0259z olunmas\u0131na dair Prezidentin F\u0259rman\u0131 m\u00f6vcuddur.<\/p>\n\n\n\n<p>Bel\u0259 ki, Az\u0259rbaycan d\u00f6vl\u0259tinin \u0259razi b\u00fct\u00f6vl\u00fcy\u00fcn\u00fcn, m\u00fcst\u0259qilliyinin v\u0259 Konstitusiya qurulu\u015funun m\u00fcdafi\u0259sind\u0259 i\u015ftirakla \u0259laq\u0259dar \u0259lilliyi m\u00fc\u0259yy\u0259n edilmi\u015f \u015f\u0259xsl\u0259r\u0259, 1990-c\u0131 il 20 Yanvar hadis\u0259l\u0259rind\u0259 i\u015ftirakla \u0259laq\u0259dar \u0259lilliyi m\u00fc\u0259yy\u0259n edilmi\u015f \u015f\u0259xsl\u0259r\u0259, B\u00f6y\u00fck V\u0259t\u0259n m\u00fcharib\u0259si il\u0259 \u0259laq\u0259dar \u0259lilliyi m\u00fc\u0259yy\u0259n edilmi\u015f \u015f\u0259xsl\u0259r\u0259, m\u00fcharib\u0259 il\u0259 \u0259laq\u0259dar \u0259lilliyi m\u00fc\u0259yy\u0259n edilmi\u015f \u015f\u0259xsl\u0259r\u0259 b\u0259rab\u0259r tutulanlara, h\u0259qiqi h\u0259rbi xidm\u0259t d\u00f6vr\u00fcnd\u0259 \u00c7ernob\u0131l q\u0259zas\u0131n\u0131n n\u0259tic\u0259l\u0259rinin aradan qald\u0131r\u0131lmas\u0131na c\u0259lb edilmi\u015f v\u0259 h\u0259min q\u0259za n\u0259tic\u0259sind\u0259 \u0259lilliyi m\u00fc\u0259yy\u0259n edilmi\u015f h\u0259rbi qulluq\u00e7ulara -26 manat,<\/p>\n\n\n\n<p>B\u00f6y\u00fck V\u0259t\u0259n m\u00fcharib\u0259si i\u015ftirak\u00e7\u0131lar\u0131na &#8211; 25 manat,<\/p>\n\n\n\n<p>h\u0259lak olmu\u015f d\u00f6y\u00fc\u015f\u00e7\u00fcl\u0259rin dul arvadlar\u0131na &#8211; 18 manat,<\/p>\n\n\n\n<p>Sovet \u0130ttifaq\u0131 v\u0259 Sosialist \u018fm\u0259yi Q\u0259hr\u0259manlar\u0131na, \u00fc\u00e7 d\u0259r\u0259c\u0259li \u015e\u00f6hr\u0259t ordeninin h\u0259r hans\u0131 bir d\u0259r\u0259c\u0259si il\u0259 t\u0259ltif edilmi\u015f \u015f\u0259xsl\u0259r\u0259 &#8211; 12 manat,<\/p>\n\n\n\n<p>B\u00f6y\u00fck V\u0259t\u0259n m\u00fcharib\u0259sind\u0259n sonra v\u0259fat etmi\u015f d\u00f6y\u00fc\u015f\u00e7\u00fcl\u0259rin dul arvadlar\u0131na &#8211; 12 manat,<\/p>\n\n\n\n<p>\u00c7ernob\u0131l q\u0259zas\u0131 n\u0259tic\u0259sind\u0259 \u0259lilliyi m\u00fc\u0259yy\u0259n edilmi\u015f \u015f\u0259xsl\u0259r\u0259 (h\u0259qiqi h\u0259rbi xidm\u0259t d\u00f6vr\u00fcnd\u0259 \u00c7ernob\u0131l q\u0259zas\u0131 n\u0259tic\u0259sind\u0259 z\u0259r\u0259r \u00e7\u0259kmi\u015f h\u0259rbi qulluq\u00e7ular istisna olmaqla), orqanizmin funksiyalar\u0131n\u0131n 61-100 faiz pozulmas\u0131na g\u00f6r\u0259 \u0259lilliyi m\u00fc\u0259yy\u0259n edilmi\u015f \u015f\u0259xsl\u0259r\u0259 (m\u00fcharib\u0259 il\u0259 \u0259laq\u0259dar \u0259lilliyi olan \u015f\u0259xsl\u0259r v\u0259 onlara b\u0259rab\u0259r tutulanlar istisna olmaqla), sosial pensiya\u00e7\u0131lara &#8211; 6 manat m\u0259bl\u0259\u011find\u0259 kommunal, n\u0259qliyyat v\u0259 dig\u0259r xidm\u0259tl\u0259r \u00fczr\u0259 m\u00fcavin\u0259t verilir. \/Bizim.Media<\/p>\n","protected":false},"excerpt":{"rendered":"<p>Az\u0259rbaycanda bir s\u0131ra \u015f\u0259xsl\u0259r\u0259 kommunal \u00f6d\u0259ni\u015fl\u0259rd\u0259 v\u0259 n\u0259qliyyatda gedi\u015fhaqq\u0131na g\u00f6r\u0259 g\u00fcz\u0259\u015ftl\u0259r t\u0259tbiq edilir. Bu, m\u00fcvafiq qanunvericilkl\u0259 t\u0259nziml\u0259nir. &#8220;Az\u0259rbaycan Respublikas\u0131n\u0131n b\u0259zi qanunvericilik aktlar\u0131na d\u0259yi\u015fiklikl\u0259r v\u0259 \u0259lav\u0259l\u0259r edilm\u0259si haqq\u0131nda&#8221; Az\u0259rbaycan Respublikas\u0131 Qanununa uy\u011fun olaraq v\u0259t\u0259nda\u015flara kommunal, n\u0259qliyyat v\u0259 dig\u0259r xidm\u0259tl\u0259r \u00fczr\u0259 veril\u0259n g\u00fcz\u0259\u015ftl\u0259rin m\u00fcvafiq m\u00fcavin\u0259tl\u0259rl\u0259 \u0259v\u0259z olunmas\u0131na dair Prezidentin F\u0259rman\u0131 m\u00f6vcuddur. Bel\u0259 ki, Az\u0259rbaycan d\u00f6vl\u0259tinin \u0259razi b\u00fct\u00f6vl\u00fcy\u00fcn\u00fcn, &hellip;<\/p>\n","protected":false},"author":1,"featured_media":22364,"comment_status":"open","ping_status":"closed","sticky":false,"template":"","format":"standard","meta":{"footnotes":""},"categories":[1],"tags":[],"class_list":["post-22363","post","type-post","status-publish","format-standard","has-post-thumbnail","hentry","category-idman"],"_links":{"self":[{"href":"https:\/\/millitv.net\/index.php?rest_route=\/wp\/v2\/posts\/22363","targetHints":{"allow":["GET"]}}],"collection":[{"href":"https:\/\/millitv.net\/index.php?rest_route=\/wp\/v2\/posts"}],"about":[{"href":"https:\/\/millitv.net\/index.php?rest_route=\/wp\/v2\/types\/post"}],"author":[{"embeddable":true,"href":"https:\/\/millitv.net\/index.php?rest_route=\/wp\/v2\/users\/1"}],"replies":[{"embeddable":true,"href":"https:\/\/millitv.net\/index.php?rest_route=%2Fwp%2Fv2%2Fcomments&post=22363"}],"version-history":[{"count":1,"href":"https:\/\/millitv.net\/index.php?rest_route=\/wp\/v2\/posts\/22363\/revisions"}],"predecessor-version":[{"id":22365,"href":"https:\/\/millitv.net\/index.php?rest_route=\/wp\/v2\/posts\/22363\/revisions\/22365"}],"wp:featuredmedia":[{"embeddable":true,"href":"https:\/\/millitv.net\/index.php?rest_route=\/wp\/v2\/media\/22364"}],"wp:attachment":[{"href":"https:\/\/millitv.net\/index.php?rest_route=%2Fwp%2Fv2%2Fmedia&parent=22363"}],"wp:term":[{"taxonomy":"category","embeddable":true,"href":"https:\/\/millitv.net\/index.php?rest_route=%2Fwp%2Fv2%2Fcategories&post=22363"},{"taxonomy":"post_tag","embeddable":true,"href":"https:\/\/millitv.net\/index.php?rest_route=%2Fwp%2Fv2%2Ftags&post=22363"}],"curies":[{"name":"wp","href":"https:\/\/api.w.org\/{rel}","templated":true}]}}